{"id":1754,"date":"2017-07-04T13:57:00","date_gmt":"2017-07-04T13:57:00","guid":{"rendered":"http:\/\/acaopolitica.com\/?p=1754"},"modified":"2017-07-04T14:00:26","modified_gmt":"2017-07-04T14:00:26","slug":"industria-continua-185-abaixo-do-patamar-recorde-registrado-em-junho-de-2013-03","status":"publish","type":"post","link":"http:\/\/acaopolitica.com\/index.php\/2017\/07\/04\/industria-continua-185-abaixo-do-patamar-recorde-registrado-em-junho-de-2013-03\/","title":{"rendered":"Ind\u00fastria continua 18,5% abaixo do patamar recorde registrado em junho de 2013 &#8211; 03"},"content":{"rendered":"<p style=\"text-align: center;\"><span style=\"color: #000080;\">Pesquisa Industrial Mensal Produ\u00e7\u00e3o F\u00edsica \u2013 Brasil \u2013 Fonte<\/span><\/p>\n<p style=\"text-align: center;\"><span style=\"color: #ff0000;\">Base: Maio de 2017<\/span><\/p>\n<p style=\"text-align: justify;\"><span style=\"color: #000080;\">Ind\u00fastria registra segunda taxa positiva, mas continua 18,5% abaixo do patamar recorde <\/span><\/p>\n<p style=\"text-align: justify;\"><span style=\"color: #000080;\">Com o crescimento de 0,8% na passagem de abril para maio, a produ\u00e7\u00e3o industrial nacional registra a segunda taxa positiva consecutiva e acumula um crescimento de 1,9% no per\u00edodo, eliminando a queda de 1,6% observada em mar\u00e7o. \u00c9 o que mostra a Pesquisa Industrial Mensal, divulgada hoje pelo IBGE.<\/span><\/p>\n<p style=\"text-align: justify;\"><span style=\"color: #000080;\">Todas as atividades econ\u00f4micas e 17 dos 24 ramos pesquisados tiveram resultados positivos. A principal influ\u00eancia ficou por conta do aumento do n\u00famero de autom\u00f3veis e caminh\u00f5es fabricados, o setor teve um avan\u00e7o de 9,0%, o mais elevado desde dezembro de 2016 (10,4%).<\/span><\/p>\n<p style=\"text-align: justify;\"><span style=\"color: #000080;\">De acordo com o gerente da pesquisa, Andr\u00e9 Macedo, apesar dos \u00faltimos resultados positivos, a Ind\u00fastria ainda est\u00e1 18,5% abaixo do patamar recorde de produ\u00e7\u00e3o, registrado em junho de 2013.<\/span><\/p>\n<p style=\"text-align: justify;\"><span style=\"color: #000080;\">\u201cEsse aumento da produ\u00e7\u00e3o industrial precisa ser relativizado. \u00c9 claro que houve uma melhora de ritmo, mas ainda h\u00e1 um espa\u00e7o importante a ser percorrido para a Ind\u00fastria recuperar as perdas do passado\u201d, comenta Andr\u00e9 Macedo.<\/span><\/p>\n<p style=\"text-align: justify;\"><span style=\"color: #000080;\">Nos \u00faltimos doze meses, a Ind\u00fastria acumulou recuou de 2,4%. J\u00e1 o acumulado de 2017 teve um acr\u00e9scimo de 0,5%. No confronto com maio de 2016, a Ind\u00fastria cresceu 4,0%.<\/span><\/p>\n<p><a href=\"http:\/\/acaopolitica.com\/wp-content\/uploads\/2017\/07\/image001.jpg\"><img loading=\"lazy\" class=\"size-full wp-image-1755 aligncenter\" src=\"http:\/\/acaopolitica.com\/wp-content\/uploads\/2017\/07\/image001.jpg\" alt=\"\" width=\"600\" height=\"413\" srcset=\"http:\/\/acaopolitica.com\/wp-content\/uploads\/2017\/07\/image001.jpg 600w, http:\/\/acaopolitica.com\/wp-content\/uploads\/2017\/07\/image001-300x207.jpg 300w\" sizes=\"(max-width: 600px) 100vw, 600px\" \/><\/a><\/p>\n<p style=\"text-align: center;\"><span style=\"color: #ff0000;\">Arquivos oficiais do governo est\u00e3o dispon\u00edveis aos leitores.<\/span><\/p>\n<p style=\"text-align: justify;\"><span style=\"color: #000080;\">Ricardo Bergamini<\/span><br \/>\n<span style=\"color: #000080;\">(48) 99636-7322<\/span><br \/>\n<span style=\"color: #000080;\">(48) 99976-6974<\/span><br \/>\n<span style=\"color: #000080;\"><a href=\"mailto:ricardobergamini@ricardobergamini.com.br\" target=\"_blank\" rel=\"noopener\">ricardobergamini@ricardobergamini.com.br<\/a><\/span><br \/>\n<span style=\"color: #000080;\"><a href=\"http:\/\/www.ricardobergamini.com.br\/\" target=\"_blank\" rel=\"noopener\" data-saferedirecturl=\"https:\/\/www.google.com\/url?hl=en&amp;q=http:\/\/www.ricardobergamini.com.br\/&amp;source=gmail&amp;ust=1499262568797000&amp;usg=AFQjCNEP_34scdNO7FgG3_JTnf8usSF0fw\">www.ricardobergamini.com.br<\/a><\/span><\/p>\n","protected":false},"excerpt":{"rendered":"<p>Pesquisa Industrial Mensal Produ\u00e7\u00e3o F\u00edsica \u2013 Brasil \u2013 Fonte Base: Maio de 2017 Ind\u00fastria registra segunda taxa positiva, mas continua 18,5% abaixo do patamar recorde&#8230;<\/p>\n","protected":false},"author":18,"featured_media":1755,"comment_status":"open","ping_status":"open","sticky":false,"template":"","format":"standard","meta":[],"categories":[10],"tags":[],"_links":{"self":[{"href":"http:\/\/acaopolitica.com\/index.php\/wp-json\/wp\/v2\/posts\/1754"}],"collection":[{"href":"http:\/\/acaopolitica.com\/index.php\/wp-json\/wp\/v2\/posts"}],"about":[{"href":"http:\/\/acaopolitica.com\/index.php\/wp-json\/wp\/v2\/types\/post"}],"author":[{"embeddable":true,"href":"http:\/\/acaopolitica.com\/index.php\/wp-json\/wp\/v2\/users\/18"}],"replies":[{"embeddable":true,"href":"http:\/\/acaopolitica.com\/index.php\/wp-json\/wp\/v2\/comments?post=1754"}],"version-history":[{"count":2,"href":"http:\/\/acaopolitica.com\/index.php\/wp-json\/wp\/v2\/posts\/1754\/revisions"}],"predecessor-version":[{"id":1757,"href":"http:\/\/acaopolitica.com\/index.php\/wp-json\/wp\/v2\/posts\/1754\/revisions\/1757"}],"wp:featuredmedia":[{"embeddable":true,"href":"http:\/\/acaopolitica.com\/index.php\/wp-json\/wp\/v2\/media\/1755"}],"wp:attachment":[{"href":"http:\/\/acaopolitica.com\/index.php\/wp-json\/wp\/v2\/media?parent=1754"}],"wp:term":[{"taxonomy":"category","embeddable":true,"href":"http:\/\/acaopolitica.com\/index.php\/wp-json\/wp\/v2\/categories?post=1754"},{"taxonomy":"post_tag","embeddable":true,"href":"http:\/\/acaopolitica.com\/index.php\/wp-json\/wp\/v2\/tags?post=1754"}],"curies":[{"name":"wp","href":"https:\/\/api.w.org\/{rel}","templated":true}]}}