{"id":1758,"date":"2017-07-05T14:19:07","date_gmt":"2017-07-05T14:19:07","guid":{"rendered":"http:\/\/acaopolitica.com\/?p=1758"},"modified":"2017-07-05T14:19:57","modified_gmt":"2017-07-05T14:19:57","slug":"gastos-com-pessoal-do-congresso-nacional-03","status":"publish","type":"post","link":"http:\/\/acaopolitica.com\/index.php\/2017\/07\/05\/gastos-com-pessoal-do-congresso-nacional-03\/","title":{"rendered":"Gastos com Pessoal do Congresso Nacional &#8211; 03"},"content":{"rendered":"<p style=\"text-align: justify;\"><span style=\"color: #ff0000;\">Prezados Senhores<\/span><\/p>\n<p style=\"text-align: justify;\"><span style=\"color: #ff0000;\">Nos meus quase 50 anos de vida profissional nunca vi, li ou escutei algu\u00e9m no Brasil questionar ou se indignar sobre a aberra\u00e7\u00e3o abaixo:<\/span><\/p>\n<p style=\"text-align: justify; padding-left: 30px;\"><span style=\"color: #ff0000;\">&#8211; um congresso com 24.373 servidores ativos e 11.160 inativos. E ainda existem ing\u00eanuos que acreditam em reformas no Brasil. <\/span><\/p>\n<p style=\"text-align: justify;\"><span style=\"color: #ff0000;\">Um pa\u00eds em crise n\u00e3o precisa de reformas. Precisa de homens (Eug\u00eanio Gudin).<\/span><\/p>\n<p style=\"text-align: justify;\"><span style=\"color: #0000ff;\">Gastos com Pessoal do Congresso Nacional<\/span><\/p>\n<p style=\"text-align: justify;\"><span style=\"color: #ff0000;\">Ricardo Bergamini<\/span><\/p>\n<p style=\"text-align: justify;\"><span style=\"color: #0000ff;\">Na hist\u00f3ria do Brasil a na\u00e7\u00e3o sempre foi ref\u00e9m dos seus servidores p\u00fablicos (trabalhadores de primeira classe), com os seus direitos adquiridos intoc\u00e1veis, estabilidade de emprego e licen\u00e7a pr\u00eamio sem crit\u00e9rio de m\u00e9rito, longas greves remuneradas, acionamento judicial sem perda de emprego, regime pr\u00f3prio de aposentadoria (n\u00e3o usam o INSS), planos de sa\u00fade (n\u00e3o usam o SUS), dentre muitos outros privil\u00e9gios impens\u00e1veis para os trabalhadores de segunda classe (empresas privadas). Com certeza nenhum desses trabalhadores de primeira classe concedem aos seus empregados os mesmos direitos imorais.<\/span><\/p>\n<p style=\"text-align: justify;\"><span style=\"color: #0000ff;\">O Congresso Nacional \u00e9 constitu\u00eddo por 513 deputados federais e 81 senadores e para atenderem a esses 594 senhores, segundo o minist\u00e9rio do planejamento, em dezembro de 2016 existiam 24.373 servidores ativos que custaram R$ 5,3 bilh\u00f5es. Considerando tamb\u00e9m os 11.160 servidores inativos que custaram R$ 3,9 bilh\u00f5es o custo total com essa imoral e criminosa usina de gastos p\u00fablicos foi de R$ 9,2 bilh\u00f5es.<\/span><\/p>\n<p style=\"text-align: justify;\"><span style=\"color: #0000ff;\">Transferindo essa usina de gastos p\u00fablicos para 26 estados, DF e 5.570 munic\u00edpios chegar\u00e3o \u00e0 conclus\u00e3o que somente os ing\u00eanuos acreditam em ajuste fiscal no poder p\u00fablico brasileiro.<\/span><\/p>\n<p style=\"text-align: center;\"><span style=\"color: #ff0000;\">Arquivos oficiais do governo est\u00e3o dispon\u00edveis aos leitores.<\/span><\/p>\n<p style=\"text-align: justify;\"><span style=\"color: #0000ff;\">Ricardo Bergamini<br \/>\n<\/span><span style=\"color: #0000ff;\">(48) 99636-7322<br \/>\n<\/span><span style=\"color: #0000ff;\">(48) 99976-6974<br \/>\n<\/span><span style=\"color: #0000ff;\"><a href=\"mailto:ricardobergamini@ricardobergamini.com.br\" target=\"_blank\" rel=\"noopener\">ricardobergamini@ricardobergamini.com.br<br \/>\n<\/a><\/span><span style=\"color: #0000ff;\"><a href=\"http:\/\/www.ricardobergamini.com.br\/\" target=\"_blank\" rel=\"noopener\" data-saferedirecturl=\"https:\/\/www.google.com\/url?hl=en&amp;q=http:\/\/www.ricardobergamini.com.br\/&amp;source=gmail&amp;ust=1499349301776000&amp;usg=AFQjCNEeSFrdZxqZDkCfJPLCk8KnbR-_ng\">www.ricardobergamini.com.br<\/a><\/span><\/p>\n<p>&nbsp;<\/p>\n","protected":false},"excerpt":{"rendered":"<p>Prezados Senhores Nos meus quase 50 anos de vida profissional nunca vi, li ou escutei algu\u00e9m no Brasil questionar ou se indignar sobre a aberra\u00e7\u00e3o&#8230;<\/p>\n","protected":false},"author":18,"featured_media":1130,"comment_status":"open","ping_status":"open","sticky":false,"template":"","format":"standard","meta":[],"categories":[10],"tags":[],"_links":{"self":[{"href":"http:\/\/acaopolitica.com\/index.php\/wp-json\/wp\/v2\/posts\/1758"}],"collection":[{"href":"http:\/\/acaopolitica.com\/index.php\/wp-json\/wp\/v2\/posts"}],"about":[{"href":"http:\/\/acaopolitica.com\/index.php\/wp-json\/wp\/v2\/types\/post"}],"author":[{"embeddable":true,"href":"http:\/\/acaopolitica.com\/index.php\/wp-json\/wp\/v2\/users\/18"}],"replies":[{"embeddable":true,"href":"http:\/\/acaopolitica.com\/index.php\/wp-json\/wp\/v2\/comments?post=1758"}],"version-history":[{"count":1,"href":"http:\/\/acaopolitica.com\/index.php\/wp-json\/wp\/v2\/posts\/1758\/revisions"}],"predecessor-version":[{"id":1759,"href":"http:\/\/acaopolitica.com\/index.php\/wp-json\/wp\/v2\/posts\/1758\/revisions\/1759"}],"wp:featuredmedia":[{"embeddable":true,"href":"http:\/\/acaopolitica.com\/index.php\/wp-json\/wp\/v2\/media\/1130"}],"wp:attachment":[{"href":"http:\/\/acaopolitica.com\/index.php\/wp-json\/wp\/v2\/media?parent=1758"}],"wp:term":[{"taxonomy":"category","embeddable":true,"href":"http:\/\/acaopolitica.com\/index.php\/wp-json\/wp\/v2\/categories?post=1758"},{"taxonomy":"post_tag","embeddable":true,"href":"http:\/\/acaopolitica.com\/index.php\/wp-json\/wp\/v2\/tags?post=1758"}],"curies":[{"name":"wp","href":"https:\/\/api.w.org\/{rel}","templated":true}]}}