{"id":1760,"date":"2017-07-06T04:52:10","date_gmt":"2017-07-06T04:52:10","guid":{"rendered":"http:\/\/acaopolitica.com\/?p=1760"},"modified":"2017-07-06T04:52:34","modified_gmt":"2017-07-06T04:52:34","slug":"estatisticas-do-cadastro-central-de-empresas-03-base-ano-de-2015","status":"publish","type":"post","link":"http:\/\/acaopolitica.com\/index.php\/2017\/07\/06\/estatisticas-do-cadastro-central-de-empresas-03-base-ano-de-2015\/","title":{"rendered":"Estat\u00edsticas do Cadastro Central de Empresas &#8211; 03 &#8211;  Base: Ano de 2015"},"content":{"rendered":"<p style=\"text-align: center;\"><span style=\"color: #0000ff;\">Estat\u00edsticas do Cadastro Central de Empresas \u2013 Fonte IBGE<\/span><\/p>\n<p style=\"text-align: center;\"><span style=\"color: #0000ff;\">\u00a0<\/span><span style=\"color: #ff0000;\">Base: Ano de 2015<\/span><\/p>\n<p style=\"text-align: justify;\"><span style=\"color: #0000ff;\">Empresas e outras organiza\u00e7\u00f5es perdem 1,7 milh\u00e3o de ocupados entre 2014 e 2015<\/span><\/p>\n<p style=\"text-align: justify;\"><span style=\"color: #0000ff;\">Em 2015, as 5,1 milh\u00f5es de empresas e outras organiza\u00e7\u00f5es ativas no pa\u00eds possu\u00edam 5,6 milh\u00f5es de unidades locais, que ocupavam 53,5 milh\u00f5es de pessoas, das quais 46,6 milh\u00f5es assalariadas, que receberam um total de R$ 1,6 trilh\u00e3o em sal\u00e1rios e outras remunera\u00e7\u00f5es.<\/span><\/p>\n<p style=\"text-align: justify;\"><span style=\"color: #0000ff;\">O pessoal ocupado total nas empresas e outras organiza\u00e7\u00f5es\u00a0 do Cadastro Central de Empresas (CEMPRE) do IBGE caiu 3,1% (menos 1,7 milh\u00e3o de pessoas) entre 2014 e 2015, primeira queda dessa vari\u00e1vel na s\u00e9rie iniciada em 2007. Esse resultado foi puxado pelo recuo de 3,6% no pessoal ocupado assalariado (-1,7 milh\u00e3o), que tamb\u00e9m caiu pela primeira vez.<\/span><\/p>\n<p style=\"text-align: justify;\"><span style=\"color: #0000ff;\">O n\u00famero de s\u00f3cios e propriet\u00e1rios, que j\u00e1 havia ca\u00eddo em 2014, manteve-se praticamente est\u00e1vel, com recuo de 0,1% (-7,7 mil pessoas). J\u00e1 o total de sal\u00e1rios e outras remunera\u00e7\u00f5es diminu\u00edram 4,8%, e o sal\u00e1rio m\u00e9dio mensal caiu 3,2%, em termos reais. A \u00fanica vari\u00e1vel analisada que n\u00e3o apresentou queda foi o n\u00famero de empresas e outras organiza\u00e7\u00f5es, que se manteve praticamente est\u00e1vel em 5,1 milh\u00f5es, registrando varia\u00e7\u00e3o de 0,2% ou 11,6 mil empresas a mais que em 2014, quando registrou a primeira queda na s\u00e9rie (-5,4%).<\/span><\/p>\n<p style=\"text-align: justify;\"><span style=\"color: #0000ff;\">Apesar da redu\u00e7\u00e3o de 1,7 milh\u00e3o de v\u00ednculos empregat\u00edcios assalariados entre 2014 e 2015, 3,6 milh\u00f5es de novos v\u00ednculos foram gerados nas empresas e outras organiza\u00e7\u00f5es formais, de 2010 a 2015. Quatro se\u00e7\u00f5es de atividade foram respons\u00e1veis por 71,7% desse total: 29,4% em com\u00e9rcio; repara\u00e7\u00e3o de ve\u00edculos automotores e motocicletas, 15,0% em sa\u00fade humana e servi\u00e7os sociais, 14,1% em atividades administrativas e servi\u00e7os complementares e 13,1% em educa\u00e7\u00e3o.<\/span><\/p>\n<p style=\"text-align: justify;\"><span style=\"color: #0000ff;\">Em termos regionais, a regi\u00e3o Sudeste concentrava 51,1% (2,9 milh\u00f5es) das unidades locais, 50,2% do pessoal ocupado (26,9 milh\u00f5es), 49,8% do pessoal assalariado (23,2 milh\u00f5es) e 54,4% (R$ 840,3 bilh\u00f5es) dos sal\u00e1rios e outras remunera\u00e7\u00f5es. Esta \u00e9 a primeira vez na s\u00e9rie que a regi\u00e3o Sudeste fica com participa\u00e7\u00e3o abaixo de 50% no pessoal ocupado assalariado.<\/span><\/p>\n<p style=\"text-align: justify;\"><span style=\"color: #0000ff;\">Estas e outras informa\u00e7\u00f5es est\u00e3o no Cadastro Central de Empresas (CEMPRE) do IBGE, que re\u00fane informa\u00e7\u00f5es cadastrais e econ\u00f4micas de empresas e outras organiza\u00e7\u00f5es (administra\u00e7\u00e3o p\u00fablica e entidades sem fins lucrativos) formalmente constitu\u00eddas no pa\u00eds e suas respectivas unidades locais (endere\u00e7os de atua\u00e7\u00e3o das empresas e outras organiza\u00e7\u00f5es). <\/span><\/p>\n<table width=\"876\">\n<tbody>\n<tr>\n<td style=\"text-align: center;\" colspan=\"4\" width=\"582\"><span style=\"color: #0000ff;\">N\u00famero de empresas e outras organiza\u00e7\u00f5es, pessoal ocupado total,<\/span><\/td>\n<\/tr>\n<tr>\n<td style=\"text-align: center;\" colspan=\"4\"><span style=\"color: #0000ff;\">\u00a0Sal\u00e1rios e outras remunera\u00e7\u00f5es e sal\u00e1rio m\u00e9dio mensal &#8211; Brasil &#8211; 2014-2015<\/span><\/td>\n<\/tr>\n<tr>\n<td><span style=\"color: #0000ff;\">Vari\u00e1veis<\/span><\/td>\n<td width=\"89\"><span style=\"color: #0000ff;\">2014<\/span><\/td>\n<td width=\"89\"><span style=\"color: #0000ff;\">2015<\/span><\/td>\n<td width=\"85\"><span style=\"color: #0000ff;\">Varia\u00e7\u00e3o\u00a0<\/span><br \/>\n<span style=\"color: #0000ff;\">relativa (%)<\/span><\/td>\n<\/tr>\n<tr>\n<td><span style=\"color: #0000ff;\">N\u00famero de empresas e outras organiza\u00e7\u00f5es<\/span><\/td>\n<td><span style=\"color: #0000ff;\">5.103.357<\/span><\/td>\n<td><span style=\"color: #0000ff;\">5.114.983<\/span><\/td>\n<td><span style=\"color: #0000ff;\">0,2<\/span><\/td>\n<\/tr>\n<tr>\n<td><span style=\"color: #0000ff;\">Pessoal ocupado total<\/span><\/td>\n<td><span style=\"color: #0000ff;\">55.263.992<\/span><\/td>\n<td><span style=\"color: #0000ff;\">53.541.695<\/span><\/td>\n<td><span style=\"color: #0000ff;\">-3,1<\/span><\/td>\n<\/tr>\n<tr>\n<td><span style=\"color: #0000ff;\">Pessoal ocupado assalariado<\/span><\/td>\n<td><span style=\"color: #0000ff;\">48.271.711<\/span><\/td>\n<td><span style=\"color: #0000ff;\">46.557.150<\/span><\/td>\n<td><span style=\"color: #0000ff;\">-3,6<\/span><\/td>\n<\/tr>\n<tr>\n<td><span style=\"color: #0000ff;\">S\u00f3cios e propriet\u00e1rios<\/span><\/td>\n<td><span style=\"color: #0000ff;\">6.992.281<\/span><\/td>\n<td><span style=\"color: #0000ff;\">6.984.545<\/span><\/td>\n<td><span style=\"color: #0000ff;\">-0,1<\/span><\/td>\n<\/tr>\n<tr>\n<td><span style=\"color: #0000ff;\">Sal\u00e1rios e outras remunera\u00e7\u00f5es (R$ 1000)<\/span><\/td>\n<td width=\"89\"><span style=\"color: #0000ff;\">1.637.322.460<\/span><\/td>\n<td><span style=\"color: #0000ff;\">1.559.193.355<\/span><\/td>\n<td><span style=\"color: #0000ff;\">-4,8<\/span><\/td>\n<\/tr>\n<tr>\n<td><span style=\"color: #0000ff;\">Sal\u00e1rio m\u00e9dio mensal (R$)<\/span><\/td>\n<td><span style=\"color: #0000ff;\">2.561,37<\/span><\/td>\n<td><span style=\"color: #0000ff;\">2.480,36<\/span><\/td>\n<td><span style=\"color: #0000ff;\">-3,2<\/span><\/td>\n<\/tr>\n<tr>\n<td><span style=\"color: #0000ff;\">Sal\u00e1rio m\u00e9dio mensal (sal\u00e1rios m\u00ednimos)<\/span><\/td>\n<td><span style=\"color: #0000ff;\">3,2<\/span><\/td>\n<td><span style=\"color: #0000ff;\">3,1<\/span><\/td>\n<td><span style=\"color: #0000ff;\">&#8211;<\/span><\/td>\n<\/tr>\n<tr>\n<td><span style=\"color: #0000ff;\">\u00a0<\/span><\/td>\n<td><span style=\"color: #0000ff;\">\u00a0<\/span><\/td>\n<td><span style=\"color: #0000ff;\">\u00a0<\/span><\/td>\n<td><span style=\"color: #0000ff;\">\u00a0<\/span><\/td>\n<\/tr>\n<tr>\n<td colspan=\"4\"><span style=\"color: #0000ff;\">Fonte: IBGE, Diretoria de Pesquisas, Coordena\u00e7\u00e3o de Metodologia das Estat\u00edsticas de Empresas, Cadastros e Classifica\u00e7\u00f5es,<\/span><\/td>\n<\/tr>\n<tr>\n<td colspan=\"4\"><span style=\"color: #0000ff;\">Cadastro Central de Empresas 2014-2015.<\/span><\/td>\n<\/tr>\n<tr>\n<td colspan=\"4\"><span style=\"color: #0000ff;\">Nota: Utilizou-se o \u00cdndice Nacional de Pre\u00e7os ao Consumidor &#8211; INPC, calculado pelo IBGE, como deflator dos sal\u00e1rios de\u00a02014, tendo como refer\u00eancia o ano de 2015.<\/span><\/td>\n<\/tr>\n<\/tbody>\n<\/table>\n<p style=\"text-align: center;\"><span style=\"color: #ff0000;\">Arquivos oficiais do governo est\u00e3o dispon\u00edveis aos leitores.<\/span><\/p>\n<p style=\"text-align: justify;\"><span style=\"color: #0000ff;\">Ricardo Bergamini<br \/>\n<\/span><span style=\"color: #0000ff;\">(48) 99636-7322<br \/>\n<\/span><span style=\"color: #0000ff;\">(48) 99976-6974<br \/>\n<\/span><span style=\"color: #0000ff;\"><a href=\"mailto:ricardobergamini@ricardobergamini.com.br\" target=\"_blank\" rel=\"noopener\">ricardobergamini@ricardobergamini.com.br<br \/>\n<\/a><\/span><span style=\"color: #0000ff;\"><a href=\"http:\/\/www.ricardobergamini.com.br\/\" target=\"_blank\" rel=\"noopener\" data-saferedirecturl=\"https:\/\/www.google.com\/url?hl=en&amp;q=http:\/\/www.ricardobergamini.com.br\/&amp;source=gmail&amp;ust=1499402521458000&amp;usg=AFQjCNFZ9PJQ-wN7lf8a31g1SQy2VEijKA\">www.ricardobergamini.com.br<\/a><\/span><\/p>\n","protected":false},"excerpt":{"rendered":"<p>Estat\u00edsticas do Cadastro Central de Empresas \u2013 Fonte IBGE \u00a0Base: Ano de 2015 Empresas e outras organiza\u00e7\u00f5es perdem 1,7 milh\u00e3o de ocupados entre 2014 e&#8230;<\/p>\n","protected":false},"author":18,"featured_media":1140,"comment_status":"open","ping_status":"open","sticky":false,"template":"","format":"standard","meta":[],"categories":[10],"tags":[],"_links":{"self":[{"href":"http:\/\/acaopolitica.com\/index.php\/wp-json\/wp\/v2\/posts\/1760"}],"collection":[{"href":"http:\/\/acaopolitica.com\/index.php\/wp-json\/wp\/v2\/posts"}],"about":[{"href":"http:\/\/acaopolitica.com\/index.php\/wp-json\/wp\/v2\/types\/post"}],"author":[{"embeddable":true,"href":"http:\/\/acaopolitica.com\/index.php\/wp-json\/wp\/v2\/users\/18"}],"replies":[{"embeddable":true,"href":"http:\/\/acaopolitica.com\/index.php\/wp-json\/wp\/v2\/comments?post=1760"}],"version-history":[{"count":1,"href":"http:\/\/acaopolitica.com\/index.php\/wp-json\/wp\/v2\/posts\/1760\/revisions"}],"predecessor-version":[{"id":1761,"href":"http:\/\/acaopolitica.com\/index.php\/wp-json\/wp\/v2\/posts\/1760\/revisions\/1761"}],"wp:featuredmedia":[{"embeddable":true,"href":"http:\/\/acaopolitica.com\/index.php\/wp-json\/wp\/v2\/media\/1140"}],"wp:attachment":[{"href":"http:\/\/acaopolitica.com\/index.php\/wp-json\/wp\/v2\/media?parent=1760"}],"wp:term":[{"taxonomy":"category","embeddable":true,"href":"http:\/\/acaopolitica.com\/index.php\/wp-json\/wp\/v2\/categories?post=1760"},{"taxonomy":"post_tag","embeddable":true,"href":"http:\/\/acaopolitica.com\/index.php\/wp-json\/wp\/v2\/tags?post=1760"}],"curies":[{"name":"wp","href":"https:\/\/api.w.org\/{rel}","templated":true}]}}