{"id":1762,"date":"2017-07-06T12:35:15","date_gmt":"2017-07-06T12:35:15","guid":{"rendered":"http:\/\/acaopolitica.com\/?p=1762"},"modified":"2017-07-06T12:36:16","modified_gmt":"2017-07-06T12:36:16","slug":"previdencia-social-uniao-e-inss-03-base-ano-de-2016","status":"publish","type":"post","link":"http:\/\/acaopolitica.com\/index.php\/2017\/07\/06\/previdencia-social-uniao-e-inss-03-base-ano-de-2016\/","title":{"rendered":"Previd\u00eancia Social &#8211; Uni\u00e3o e INSS &#8211; 03 &#8211; Base: Ano de 2016"},"content":{"rendered":"<p style=\"text-align: justify;\"><span style=\"color: #ff0000;\">O importante n\u00e3o \u00e9 estar \u00e0 direita ou \u00e0 esquerda &#8211; o importante \u00e9 ser realista (Roberto Campos).<\/span><\/p>\n<p style=\"text-align: justify;\"><span style=\"color: #ff0000;\">Prezados Senhores<\/span><\/p>\n<p style=\"text-align: justify; padding-left: 30px;\"><span style=\"color: #ff0000;\">&#8211; Em 2016 o Regime Geral de Previd\u00eancia Social (INSS) destinado aos trabalhadores de segunda classe (empresas privadas) com 100,6 milh\u00f5es de participantes (70,1 milh\u00f5es de contribuintes e 30,5 milh\u00f5es de benefici\u00e1rios) gerou um d\u00e9ficit previdenci\u00e1rio da ordem de R$ 152,2 bilh\u00f5es (d\u00e9ficit per capita por participante de R$ 1.512,92).<\/span><\/p>\n<p style=\"text-align: justify; padding-left: 30px;\"><span style=\"color: #ff0000;\">&#8211; Em 2016 o Regime Pr\u00f3prio da Previd\u00eancia Social destinado aos trabalhadores de primeira classe (servidores p\u00fablicos) \u2013 Uni\u00e3o, 26 estados, DF e 2087 munic\u00edpios mais ricos, com apenas 9,9 milh\u00f5es de participantes (6,3 milh\u00f5es de contribuintes e 3,6 milh\u00f5es de benefici\u00e1rios) gerou um d\u00e9ficit previdenci\u00e1rio da ordem de R$ 155,7 bilh\u00f5es (d\u00e9ficit per capita por participante de R$ 15.717,17).<\/span><\/p>\n<p style=\"text-align: center;\"><span style=\"color: #0000ff;\">Previd\u00eancia Social &#8211; Uni\u00e3o e INSS \u2013 Fonte MF<\/span><\/p>\n<p style=\"text-align: center;\"><span style=\"color: #ff0000;\">Base: Ano de 2016<\/span><\/p>\n<p style=\"text-align: center;\"><span style=\"color: #0000ff;\">\u00a0<\/span><span style=\"color: #0000ff;\">Previd\u00eancia Social \u2013 UNI\u00c3O\/INSS<br \/>\n<\/span><span style=\"color: #0000ff;\">Fonte de Consulta MF &#8211; Base R$ bilh\u00f5es<\/span><\/p>\n<table>\n<tbody>\n<tr>\n<td><span style=\"color: #0000ff;\">Itens<\/span><\/td>\n<td><span style=\"color: #0000ff;\">2002<\/span><\/td>\n<td><span style=\"color: #0000ff;\">% PIB<\/span><\/td>\n<td><span style=\"color: #0000ff;\">2010<\/span><\/td>\n<td><span style=\"color: #0000ff;\">% PIB<\/span><\/td>\n<td><span style=\"color: #0000ff;\">2016<\/span><\/td>\n<td><span style=\"color: #0000ff;\">% PIB<\/span><\/td>\n<\/tr>\n<tr>\n<td><span style=\"color: #ff0000;\">D\u00e9ficit INSS<\/span><\/td>\n<td><span style=\"color: #ff0000;\">(13,5)<\/span><\/td>\n<td><span style=\"color: #ff0000;\">(0,91)<\/span><\/td>\n<td><span style=\"color: #ff0000;\">(33,6)<\/span><\/td>\n<td><span style=\"color: #ff0000;\">(0,86)<\/span><\/td>\n<td><span style=\"color: #ff0000;\">(152,2)<\/span><\/td>\n<td><span style=\"color: #ff0000;\">(2,43)<\/span><\/td>\n<\/tr>\n<tr>\n<td><span style=\"color: #0000ff;\">Contribui\u00e7\u00f5es Recebidas<\/span><\/td>\n<td><span style=\"color: #0000ff;\">76,3<\/span><\/td>\n<td><span style=\"color: #0000ff;\">5,12<\/span><\/td>\n<td><span style=\"color: #0000ff;\">212,4<\/span><\/td>\n<td><span style=\"color: #0000ff;\">5,47<\/span><\/td>\n<td><span style=\"color: #0000ff;\">364,6<\/span><\/td>\n<td><span style=\"color: #0000ff;\">5,82<\/span><\/td>\n<\/tr>\n<tr>\n<td><span style=\"color: #0000ff;\">Benef\u00edcios Pagos<\/span><\/td>\n<td><span style=\"color: #0000ff;\">(89,8)<\/span><\/td>\n<td><span style=\"color: #0000ff;\">(6,03)<\/span><\/td>\n<td><span style=\"color: #0000ff;\">(246,0)<\/span><\/td>\n<td><span style=\"color: #0000ff;\">(6,33)<\/span><\/td>\n<td><span style=\"color: #0000ff;\">(516,8)<\/span><\/td>\n<td><span style=\"color: #0000ff;\">(8,25)<\/span><\/td>\n<\/tr>\n<tr>\n<td><span style=\"color: #ff0000;\">D\u00e9ficit\u00a0 Uni\u00e3o<\/span><\/td>\n<td><span style=\"color: #ff0000;\">(28,1)<\/span><\/td>\n<td><span style=\"color: #ff0000;\">(1,88)<\/span><\/td>\n<td><span style=\"color: #ff0000;\">(57,8)<\/span><\/td>\n<td><span style=\"color: #ff0000;\">(1,49)<\/span><\/td>\n<td><span style=\"color: #ff0000;\">(77.2)<\/span><\/td>\n<td><span style=\"color: #ff0000;\">(1,23)<\/span><\/td>\n<\/tr>\n<tr>\n<td><span style=\"color: #0000ff;\">Contribui\u00e7\u00f5es Recebidas<\/span><\/td>\n<td><span style=\"color: #0000ff;\">5,3<\/span><\/td>\n<td><span style=\"color: #0000ff;\">0,36<\/span><\/td>\n<td><span style=\"color: #0000ff;\">22,7<\/span><\/td>\n<td><span style=\"color: #0000ff;\">0,58<\/span><\/td>\n<td><span style=\"color: #0000ff;\">33,6<\/span><\/td>\n<td><span style=\"color: #0000ff;\">0,54<\/span><\/td>\n<\/tr>\n<tr>\n<td><span style=\"color: #0000ff;\">Benef\u00edcios Pagos<\/span><\/td>\n<td><span style=\"color: #0000ff;\">(33,4)<\/span><\/td>\n<td><span style=\"color: #0000ff;\">(2,24)<\/span><\/td>\n<td><span style=\"color: #0000ff;\">(80,5)<\/span><\/td>\n<td><span style=\"color: #0000ff;\">(2,07)<\/span><\/td>\n<td><span style=\"color: #0000ff;\">(110,8)<\/span><\/td>\n<td><span style=\"color: #0000ff;\">(1,77)<\/span><\/td>\n<\/tr>\n<tr>\n<td><span style=\"color: #ff0000;\">D\u00e9ficit Total<\/span><\/td>\n<td><span style=\"color: #ff0000;\">(41,6)<\/span><\/td>\n<td><span style=\"color: #ff0000;\">(2,79)<\/span><\/td>\n<td><span style=\"color: #ff0000;\">(91,4)<\/span><\/td>\n<td><span style=\"color: #ff0000;\">(2,35)<\/span><\/td>\n<td><span style=\"color: #ff0000;\">(229,4)<\/span><\/td>\n<td><span style=\"color: #ff0000;\">(3,66)<\/span><\/td>\n<\/tr>\n<\/tbody>\n<\/table>\n<p style=\"text-align: center;\"><span style=\"color: #0000ff;\">PIB 2002 \u2013 (R$ 1.488,8 bilh\u00f5es);<br \/>\nPIB 2010 &#8211;<\/span><span style=\"color: #0000ff;\">(R$ 3.885,8 bilh\u00f5es);<br \/>\nPIB 2016 \u2013 (R$ 6.266,9 bilh\u00f5es).<\/span><\/p>\n<p style=\"text-align: justify;\"><span style=\"color: #0000ff;\">Em 2016 o d\u00e9fi cit previdenci\u00e1rio pelo Regime Geral de Previd\u00eancia Social (RGPS) da Uni\u00e3o foi de R$ 152,2 bilh\u00f5es (2,43% do PIB) e do d\u00e9ficit previdenci\u00e1rio do setor p\u00fablico federal pelo Regime Pr\u00f3prio de Previd\u00eancia Social (RPPS) foi de R$ 77,2 bilh\u00f5es (1,23% do PIB), totalizando no ano 2016 d\u00e9ficit previdenci\u00e1rio da Uni\u00e3o de R$ 229,4 bilh\u00f5es (3,66% do PIB).\u00a0<\/span><\/p>\n<p style=\"text-align: justify;\"><span style=\"color: #0000ff;\">Em 2016 a receita previdenci\u00e1ria pelo Regime Geral de Previd\u00eancia Social (RGPS) foi de R$ 364,6 bilh\u00f5es (5,82% do PIB) em contribui\u00e7\u00f5es de 70,1 milh\u00f5es de pessoas f\u00edsicas, sendo 54,8 milh\u00f5es de empregados, dentre outros contribuintes. A despesa previdenci\u00e1ria dos benef\u00edcios pagos aos 30,5 milh\u00f5es de aposentados e pensionistas, com sal\u00e1rio m\u00e9dio de R$ 1.285,80 foi de R$ 516,8 bilh\u00f5es (8,25% do PIB), fazendo com que o resultado previdenci\u00e1rio tenha sido negativo em R$ 152,2 bilh\u00f5es (2,43% do PIB).<\/span><\/p>\n<p style=\"text-align: justify;\"><span style=\"color: #0000ff;\">Em 2016 a receita previdenci\u00e1ria pelo Regime Pr\u00f3prio de Previd\u00eancia Social da Uni\u00e3o (RPPS) das contribui\u00e7\u00f5es dos 1.321.779 servidores ativos do governo federal (957.757 civis e 364.022 militares), com sal\u00e1rio m\u00e9dio mensal de R$ 10.440,47, al\u00e9m da parte patronal e da contribui\u00e7\u00e3o dos inativos foi de R$ 33,6 bilh\u00f5es (0,54% do PIB). A despesa previdenci\u00e1ria dos benef\u00edcios pagos aos 1.028.415 servidores aposentados e pensionistas do governo federal (729.405 civis e 299.010 militares), com sal\u00e1rio m\u00e9dio de mensal de R$ 9.043,04 foi de R$ 110,8 bilh\u00f5es (1,77% do PIB), fazendo com que o resultado previdenci\u00e1rio tenha sido negativo em R$ 77,2 bilh\u00f5es (1,23% do PIB).\u00a0<\/span><\/p>\n<p style=\"text-align: justify;\"><span style=\"color: #0000ff;\">Em 2016 considerando tamb\u00e9m o d\u00e9ficit previdenci\u00e1rio do Regime Pr\u00f3prio de Previd\u00eancia Social (RPPS) dos estados e munic\u00edpios, no valor de R$ 78,5 bilh\u00f5es (1,25% do PIB) o d\u00e9ficit geral dos trabalhadores de primeira classe (servidores p\u00fablicos) da Uni\u00e3o, Estados (26 estados e DF) e Munic\u00edpios (apenas os 2087 mais ricos pelo RPPS os demais munic\u00edpios s\u00e3o regidos pelo RGPS) foram de R$ 307,9 bilh\u00f5es (4,91% do PIB).<\/span><\/p>\n<p style=\"text-align: justify;\"><span style=\"color: #0000ff;\">Arquivos oficiais do governo est\u00e3o dispon\u00edveis aos leitores.<\/span><\/p>\n<p style=\"text-align: justify;\"><span style=\"color: #0000ff;\">Ricardo Bergamini<br \/>\n<\/span><span style=\"color: #0000ff;\">(48) 99636-7322<br \/>\n<\/span><span style=\"color: #0000ff;\">(48) 99976-6974<br \/>\n<\/span><span style=\"color: #0000ff;\"><a href=\"mailto:ricardobergamini@ricardobergamini.com.br\">ricardobergamini@ricardobergamini.com.br<br \/>\n<\/a><\/span><span style=\"color: #0000ff;\"><a href=\"http:\/\/www.ricardobergamini.com.br\/\" data-saferedirecturl=\"https:\/\/www.google.com\/url?hl=en&amp;q=http:\/\/www.ricardobergamini.com.br\/&amp;source=gmail&amp;ust=1499430325169000&amp;usg=AFQjCNFQjMEwlG5O8L-3heokIil40cLteg\">www.ricardobergamini.com.br<\/a><\/span><\/p>\n","protected":false},"excerpt":{"rendered":"<p>O importante n\u00e3o \u00e9 estar \u00e0 direita ou \u00e0 esquerda &#8211; o importante \u00e9 ser realista (Roberto Campos). Prezados Senhores &#8211; Em 2016 o Regime&#8230;<\/p>\n","protected":false},"author":18,"featured_media":1130,"comment_status":"open","ping_status":"open","sticky":false,"template":"","format":"standard","meta":[],"categories":[10],"tags":[],"_links":{"self":[{"href":"http:\/\/acaopolitica.com\/index.php\/wp-json\/wp\/v2\/posts\/1762"}],"collection":[{"href":"http:\/\/acaopolitica.com\/index.php\/wp-json\/wp\/v2\/posts"}],"about":[{"href":"http:\/\/acaopolitica.com\/index.php\/wp-json\/wp\/v2\/types\/post"}],"author":[{"embeddable":true,"href":"http:\/\/acaopolitica.com\/index.php\/wp-json\/wp\/v2\/users\/18"}],"replies":[{"embeddable":true,"href":"http:\/\/acaopolitica.com\/index.php\/wp-json\/wp\/v2\/comments?post=1762"}],"version-history":[{"count":1,"href":"http:\/\/acaopolitica.com\/index.php\/wp-json\/wp\/v2\/posts\/1762\/revisions"}],"predecessor-version":[{"id":1763,"href":"http:\/\/acaopolitica.com\/index.php\/wp-json\/wp\/v2\/posts\/1762\/revisions\/1763"}],"wp:featuredmedia":[{"embeddable":true,"href":"http:\/\/acaopolitica.com\/index.php\/wp-json\/wp\/v2\/media\/1130"}],"wp:attachment":[{"href":"http:\/\/acaopolitica.com\/index.php\/wp-json\/wp\/v2\/media?parent=1762"}],"wp:term":[{"taxonomy":"category","embeddable":true,"href":"http:\/\/acaopolitica.com\/index.php\/wp-json\/wp\/v2\/categories?post=1762"},{"taxonomy":"post_tag","embeddable":true,"href":"http:\/\/acaopolitica.com\/index.php\/wp-json\/wp\/v2\/tags?post=1762"}],"curies":[{"name":"wp","href":"https:\/\/api.w.org\/{rel}","templated":true}]}}