{"id":1767,"date":"2017-07-11T12:11:57","date_gmt":"2017-07-11T12:11:57","guid":{"rendered":"http:\/\/acaopolitica.com\/?p=1767"},"modified":"2017-07-11T12:15:05","modified_gmt":"2017-07-11T12:15:05","slug":"regime-proprio-de-previdencia-social-da-uniao-03","status":"publish","type":"post","link":"http:\/\/acaopolitica.com\/index.php\/2017\/07\/11\/regime-proprio-de-previdencia-social-da-uniao-03\/","title":{"rendered":"Regime Pr\u00f3prio de Previd\u00eancia Social da Uni\u00e3o &#8211; 03"},"content":{"rendered":"<p style=\"text-align: center;\"><span style=\"color: #ff0000;\"> \u201cSomente os s\u00e1bios enxergam o \u00f3bvio\u201d (Nelson Rodrigues).<\/span><\/p>\n<p style=\"text-align: center;\"><span style=\"color: #0000ff;\">Regime Pr\u00f3prio de Previd\u00eancia Social da Uni\u00e3o<\/span><\/p>\n<p style=\"text-align: center;\"><span style=\"color: #ff0000;\">Ricardo Bergamini<\/span><\/p>\n<p style=\"text-align: justify;\"><span style=\"color: #0000ff;\">Vou analisar apenas o regime dos servidores p\u00fablicos da Uni\u00e3o, onde existe a maior distor\u00e7\u00e3o, e por ser o maior gerador de d\u00e9ficit do sistema.<\/span><\/p>\n<p style=\"text-align: justify;\"><span style=\"color: #0000ff;\">Todas as premissas utilizadas s\u00e3o com base nos n\u00fameros divulgados pelo Minist\u00e9rio do Planejamento relativo ao ano de 2016.<\/span><\/p>\n<p style=\"text-align: justify;\"><span style=\"color: #0000ff;\">(1) Em dezembro 2016 existiam 1.321.779 servidores federais ativos (civis, militares e intergovernamentais*) que custaram ao Tesouro Nacional o montante de R$ 165,6 bilh\u00f5es.<\/span><\/p>\n<p style=\"text-align: justify;\"><span style=\"color: #0000ff;\">(2) Em dezembro 2016 existiam 1.028.415 servidores federais inativos (civis, militares e intergovenamentais*) que custaram ao Tesouro Nacional o montante de R$ 111,6 bilh\u00f5es.<\/span><\/p>\n<p style=\"text-align: justify;\"><span style=\"color: #0000ff;\">(3) Com base nos n\u00fameros acima podemos chegar a duas conclus\u00f5es de n\u00edvel prim\u00e1rio ou de primeiro grau:<\/span><\/p>\n<p style=\"text-align: justify;\"><span style=\"color: #0000ff;\">(3.1) Em dezembro 2016 existia uma rela\u00e7\u00e3o de 1,28 servidores federais ativos para 1,00 servidores federais inativos. N\u00famero obtido dividindo-se 1.321.779 ativos por 1.028.415 inativos. A\u00ed reside a primeira distor\u00e7\u00e3o do servi\u00e7o p\u00fablico federal montado atrav\u00e9s de v\u00e1rias distor\u00e7\u00f5es e privil\u00e9gios gerados de longa data. Num regime atuarial normal essa rela\u00e7\u00e3o seria de 5,00.<\/span><\/p>\n<p style=\"text-align: justify;\"><span style=\"color: #0000ff;\">(3.2) A segunda conclus\u00e3o prim\u00e1ria ou de primeiro grau \u00e9 a de que a Uni\u00e3o necessita de 67,39% do correspondente aos sal\u00e1rios dos servidores federais ativos para o pagamento dos servidores federais inativos. N\u00famero obtido dividindo-se os gastos com servidores federais inativos de R$ 111,6 bilh\u00f5es pelos gastos com servidores federais ativos de R$ 165,6 bilh\u00f5es.<\/span><\/p>\n<p style=\"text-align: justify;\"><span style=\"color: #0000ff;\">Demonstrativo do RPPS da Uni\u00e3o \u2013 Fonte MF \u2013 Base: R$ Bilh\u00f5es<\/span><\/p>\n<table>\n<tbody>\n<tr>\n<td><span style=\"color: #0000ff;\">Benef\u00edcios Pagos aos Servidores Militares (Reserva, Reforma e Pens\u00e3o).<\/span><\/td>\n<td><span style=\"color: #0000ff;\">(36,3)<\/span><\/td>\n<\/tr>\n<tr>\n<td><span style=\"color: #0000ff;\">Benef\u00edcios Pagos aos Servidores Civis da Uni\u00e3o (Aposentadorias e Pens\u00f5es).<\/span><\/td>\n<td><span style=\"color: #0000ff;\">(75,3)<\/span><\/td>\n<\/tr>\n<tr>\n<td><span style=\"color: #ff0000;\">Total de Benef\u00edcios Pagos aos Servidores Inativos da Uni\u00e3o.<\/span><\/td>\n<td><span style=\"color: #ff0000;\">(111,6)<\/span><\/td>\n<\/tr>\n<tr>\n<td><span style=\"color: #0000ff;\">Contribui\u00e7\u00e3o Patronal (Uni\u00e3o).<\/span><\/td>\n<td><span style=\"color: #0000ff;\">18,7<\/span><\/td>\n<\/tr>\n<tr>\n<td><span style=\"color: #0000ff;\">Contribui\u00e7\u00e3o dos Servidores Civis.<\/span><\/td>\n<td><span style=\"color: #0000ff;\">12,8<\/span><\/td>\n<\/tr>\n<tr>\n<td><span style=\"color: #0000ff;\">Contribui\u00e7\u00e3o dos Servidores Militares.<\/span><\/td>\n<td><span style=\"color: #0000ff;\">2,9<\/span><\/td>\n<\/tr>\n<tr>\n<td><span style=\"color: #ff0000;\">Total de Contribui\u00e7\u00f5es Recebidas no RPPS da Uni\u00e3o.<\/span><\/td>\n<td><span style=\"color: #ff0000;\">34,4<\/span><\/td>\n<\/tr>\n<tr>\n<td><span style=\"color: #ff0000;\">Total de D\u00e9ficit Previdenci\u00e1rio Gerado no RPPS da Uni\u00e3o.<\/span><\/td>\n<td><span style=\"color: #ff0000;\">(77,2)<\/span><\/td>\n<\/tr>\n<\/tbody>\n<\/table>\n<p style=\"text-align: justify;\"><span style=\"color: #0000ff;\">Como acima demonstrado o governo al\u00e9m da parte patronal legal de R$ 18,7 bilh\u00f5es teve que cobrir o d\u00e9ficit previdenci\u00e1rio de R$ 77,2 bilh\u00f5es, totalizando gastos de R$ 95,9 bilh\u00f5es, ou seja: na realidade o governo participou com 57,91% (legal e d\u00e9ficit) dos gastos com pessoal ativo e os servidores (ativos e inativos e pensionistas) com 9,48% dos sal\u00e1rios dos ativos para pagamento dos inativos e pensionistas.<\/span><\/p>\n<p style=\"text-align: justify;\"><span style=\"color: #ff0000;\">Resumo:<\/span><\/p>\n<p style=\"text-align: justify; padding-left: 30px;\"><span style=\"color: #ff0000;\">&#8211; Resumo do resultado previdenci\u00e1rio de 2016 do RPPS (servidores p\u00fablicos): Uni\u00e3o (civis e militares) d\u00e9ficit previdenci\u00e1rio de R$ 77,2 bilh\u00f5es; governos estaduais d\u00e9ficit previdenci\u00e1rio de R$ 89,6 bilh\u00f5es e governos municipais super\u00e1vit previdenci\u00e1rio de R$ 11,1 bilh\u00f5es. Totalizando d\u00e9ficit previdenci\u00e1rio do RPPS da ordem de R$ 155,7 bilh\u00f5es.<\/span><\/p>\n<p style=\"text-align: justify;\"><span style=\"color: #0000ff;\">Ricardo Bergamini<br \/>\n<\/span><span style=\"color: #0000ff;\">(48) 99636-7322<br \/>\n<\/span><span style=\"color: #0000ff;\">(48) 99976-6974<br \/>\n<\/span><span style=\"color: #0000ff;\"><a href=\"mailto:ricardobergamini@ricardobergamini.com.br\" target=\"_blank\" rel=\"noopener\">ricardobergamini@ricardobergamini.com.br<br \/>\n<\/a><\/span><span style=\"color: #0000ff;\"><a href=\"http:\/\/www.ricardobergamini.com.br\/\" target=\"_blank\" rel=\"noopener\" data-saferedirecturl=\"https:\/\/www.google.com\/url?hl=en&amp;q=http:\/\/www.ricardobergamini.com.br\/&amp;source=gmail&amp;ust=1499858903615000&amp;usg=AFQjCNEGEEd5ZAQN98_bPi6lgPodi2CjUA\">www.ricardobergamini.com.br<\/a><\/span><\/p>\n<p>&nbsp;<\/p>\n","protected":false},"excerpt":{"rendered":"<p>\u201cSomente os s\u00e1bios enxergam o \u00f3bvio\u201d (Nelson Rodrigues). Regime Pr\u00f3prio de Previd\u00eancia Social da Uni\u00e3o Ricardo Bergamini Vou analisar apenas o regime dos servidores p\u00fablicos&#8230;<\/p>\n","protected":false},"author":18,"featured_media":1130,"comment_status":"open","ping_status":"open","sticky":false,"template":"","format":"standard","meta":[],"categories":[10],"tags":[],"_links":{"self":[{"href":"http:\/\/acaopolitica.com\/index.php\/wp-json\/wp\/v2\/posts\/1767"}],"collection":[{"href":"http:\/\/acaopolitica.com\/index.php\/wp-json\/wp\/v2\/posts"}],"about":[{"href":"http:\/\/acaopolitica.com\/index.php\/wp-json\/wp\/v2\/types\/post"}],"author":[{"embeddable":true,"href":"http:\/\/acaopolitica.com\/index.php\/wp-json\/wp\/v2\/users\/18"}],"replies":[{"embeddable":true,"href":"http:\/\/acaopolitica.com\/index.php\/wp-json\/wp\/v2\/comments?post=1767"}],"version-history":[{"count":1,"href":"http:\/\/acaopolitica.com\/index.php\/wp-json\/wp\/v2\/posts\/1767\/revisions"}],"predecessor-version":[{"id":1768,"href":"http:\/\/acaopolitica.com\/index.php\/wp-json\/wp\/v2\/posts\/1767\/revisions\/1768"}],"wp:featuredmedia":[{"embeddable":true,"href":"http:\/\/acaopolitica.com\/index.php\/wp-json\/wp\/v2\/media\/1130"}],"wp:attachment":[{"href":"http:\/\/acaopolitica.com\/index.php\/wp-json\/wp\/v2\/media?parent=1767"}],"wp:term":[{"taxonomy":"category","embeddable":true,"href":"http:\/\/acaopolitica.com\/index.php\/wp-json\/wp\/v2\/categories?post=1767"},{"taxonomy":"post_tag","embeddable":true,"href":"http:\/\/acaopolitica.com\/index.php\/wp-json\/wp\/v2\/tags?post=1767"}],"curies":[{"name":"wp","href":"https:\/\/api.w.org\/{rel}","templated":true}]}}