{"id":1777,"date":"2017-07-12T00:28:26","date_gmt":"2017-07-12T00:28:26","guid":{"rendered":"http:\/\/acaopolitica.com\/?p=1777"},"modified":"2017-07-12T00:29:29","modified_gmt":"2017-07-12T00:29:29","slug":"despesa-mediames-com-servidores-federais-da-uniao-base-ano-de-2016","status":"publish","type":"post","link":"http:\/\/acaopolitica.com\/index.php\/2017\/07\/12\/despesa-mediames-com-servidores-federais-da-uniao-base-ano-de-2016\/","title":{"rendered":"Despesa M\u00e9dia\/M\u00eas com Servidores Federais da Uni\u00e3o &#8211; Base: Ano de 2016"},"content":{"rendered":"<p style=\"text-align: center;\"><span style=\"color: #0000ff;\">Despesa M\u00e9dia\/M\u00eas com Servidores Federais da Uni\u00e3o (Ativos, Aposentados e Pensionistas)- Fonte MP<\/span><\/p>\n<p style=\"text-align: center;\"><span style=\"color: #ff0000;\">Base: Ano de 2016 (M\u00e9dia de 12 meses)<\/span><\/p>\n<table>\n<tbody>\n<tr>\n<td><span style=\"color: #0000ff;\">Poderes da Uni\u00e3o<\/span><\/td>\n<td><span style=\"color: #0000ff;\"><strong>R$ 1,00<\/strong><\/span><\/td>\n<td><span style=\"color: #0000ff;\"><strong>\u00cdndice<\/strong><\/span><\/td>\n<\/tr>\n<tr>\n<td><span style=\"color: #0000ff;\">Banco Central do Brasil<\/span><\/td>\n<td><span style=\"color: #0000ff;\"><strong>20.534,00<\/strong><\/span><\/td>\n<td><span style=\"color: #0000ff;\"><strong>100,00<\/strong><\/span><\/td>\n<\/tr>\n<tr>\n<td><span style=\"color: #0000ff;\">Legislativo<\/span><\/td>\n<td><span style=\"color: #0000ff;\"><strong>19.465,00<\/strong><\/span><\/td>\n<td><span style=\"color: #0000ff;\"><strong>94,79<\/strong><\/span><\/td>\n<\/tr>\n<tr>\n<td><span style=\"color: #0000ff;\">Judici\u00e1rio<\/span><\/td>\n<td><span style=\"color: #0000ff;\"><strong>18.086,00<\/strong><\/span><\/td>\n<td><span style=\"color: #0000ff;\"><strong>88,08<\/strong><\/span><\/td>\n<\/tr>\n<tr>\n<td><span style=\"color: #0000ff;\">Minist\u00e9rio P\u00fablico da Uni\u00e3o<\/span><\/td>\n<td><span style=\"color: #0000ff;\"><strong>16.532,00<\/strong><\/span><\/td>\n<td><span style=\"color: #0000ff;\"><strong>8051<\/strong><\/span><\/td>\n<\/tr>\n<tr>\n<td><span style=\"color: #0000ff;\">Empresas P\u00fablicas<\/span><\/td>\n<td><span style=\"color: #0000ff;\"><strong>12.008,00<\/strong><\/span><\/td>\n<td><span style=\"color: #0000ff;\"><strong>58,48<\/strong><\/span><\/td>\n<\/tr>\n<tr>\n<td><span style=\"color: #0000ff;\">Sociedade de Economia Mista<\/span><\/td>\n<td><span style=\"color: #0000ff;\"><strong>9.934,00<\/strong><\/span><\/td>\n<td><span style=\"color: #0000ff;\"><strong>48,38<\/strong><\/span><\/td>\n<\/tr>\n<tr>\n<td><span style=\"color: #0000ff;\">Executivo Civil<\/span><\/td>\n<td><span style=\"color: #0000ff;\"><strong>8.535,00<\/strong><\/span><\/td>\n<td><span style=\"color: #0000ff;\"><strong>41,56<\/strong><\/span><\/td>\n<\/tr>\n<tr>\n<td><span style=\"color: #0000ff;\">Executivo Militar<\/span><\/td>\n<td><span style=\"color: #0000ff;\"><strong>6.470,00<\/strong><\/span><\/td>\n<td><span style=\"color: #0000ff;\"><strong>31,51<\/strong><\/span><\/td>\n<\/tr>\n<tr>\n<td><span style=\"color: #0000ff;\">*FCDF<\/span><\/td>\n<td><span style=\"color: #0000ff;\"><strong>5.693,00<\/strong><\/span><\/td>\n<td><span style=\"color: #0000ff;\"><strong>27,72<\/strong><\/span><\/td>\n<\/tr>\n<\/tbody>\n<\/table>\n<p style=\"text-align: justify;\"><span style=\"color: #0000ff;\">*FCDF \u2013 Fundo Constitucional do Distrito Federal.<\/span><\/p>\n<p style=\"text-align: justify;\"><span style=\"color: #0000ff;\">Coment\u00e1rios:<\/span><\/p>\n<p style=\"text-align: justify; padding-left: 30px;\"><span style=\"color: #0000ff;\">1 \u2013 Dentro do servi\u00e7o p\u00fablico federal h\u00e1 uma varia\u00e7\u00e3o na m\u00e9dia salarial entre o maior e o menor sal\u00e1rio de 72,28%.<\/span><\/p>\n<p style=\"text-align: justify; padding-left: 30px;\"><span style=\"color: #0000ff;\">2 \u2013 Em 2016 o sal\u00e1rio m\u00e9dio\/m\u00eas dos trabalhadores formais das empresas privadas foi de R$ 2.052,00 (IBGE), ou seja: 90,01% menor do que o maior sal\u00e1rio m\u00e9dio dos servidores da Uni\u00e3o e 63,95% menor do que o menor sal\u00e1rio m\u00e9dio dos servidores da Uni\u00e3o. <\/span><\/p>\n<p style=\"text-align: justify; padding-left: 30px;\"><span style=\"color: #0000ff;\">3 \u2013 Em 2016 o sal\u00e1rio m\u00e9dio\/m\u00eas dos aposentados e pensionistas do Regime Geral de Previd\u00eancia Social (INSS) foi de R$ 1.285,80 (STN), ou seja: 93,74% menor do que o maior sal\u00e1rio m\u00e9dio dos servidores da Uni\u00e3o e 77,41% menor do que o menor sal\u00e1rio m\u00e9dio dos servidores da Uni\u00e3o. <\/span><\/p>\n<p style=\"text-align: justify;\"><span style=\"color: #ff0000;\">*FCDF \u2013 Gastos de pessoal com sa\u00fade, educa\u00e7\u00e3o e seguran\u00e7a do Distrito Federal s\u00e3o de responsabilidade da Uni\u00e3o.<\/span><\/p>\n<p style=\"text-align: center;\"><span style=\"color: #ff0000;\">Arquivos oficiais do governo est\u00e3o dispon\u00edveis aos leitores.<\/span><\/p>\n<p style=\"text-align: justify;\"><span style=\"color: #0000ff;\">Ricardo Bergamini<br \/>\n<\/span><span style=\"color: #0000ff;\"><a href=\"tel:%2848%29%209636-7322\">(48) 9636-7322<br \/>\n<\/a><\/span><span style=\"color: #0000ff;\"><a href=\"tel:%2848%29%209976-6974\">(48) 9976-6974<br \/>\n<\/a><\/span><span style=\"color: #0000ff;\"><a href=\"mailto:ricardobergamini@ricardobergamini.com.br\" target=\"_blank\" rel=\"noopener\">ricardobergamini@ricardobergamini.com.br<br \/>\n<\/a><\/span><span style=\"color: #0000ff;\"><a href=\"http:\/\/www.ricardobergamini.com.br\/\" target=\"_blank\" rel=\"noopener\" data-saferedirecturl=\"https:\/\/www.google.com\/url?hl=pt-BR&amp;q=http:\/\/www.ricardobergamini.com.br\/&amp;source=gmail&amp;ust=1499904015696000&amp;usg=AFQjCNG4J_zEfwmtAdOP8oIQrNTrkjfH-A\">www.ricardobergamini.com.br<\/a><\/span><\/p>\n","protected":false},"excerpt":{"rendered":"<p>Despesa M\u00e9dia\/M\u00eas com Servidores Federais da Uni\u00e3o (Ativos, Aposentados e Pensionistas)- Fonte MP Base: Ano de 2016 (M\u00e9dia de 12 meses) Poderes da Uni\u00e3o R$&#8230;<\/p>\n","protected":false},"author":18,"featured_media":1130,"comment_status":"open","ping_status":"open","sticky":false,"template":"","format":"standard","meta":[],"categories":[10],"tags":[],"_links":{"self":[{"href":"http:\/\/acaopolitica.com\/index.php\/wp-json\/wp\/v2\/posts\/1777"}],"collection":[{"href":"http:\/\/acaopolitica.com\/index.php\/wp-json\/wp\/v2\/posts"}],"about":[{"href":"http:\/\/acaopolitica.com\/index.php\/wp-json\/wp\/v2\/types\/post"}],"author":[{"embeddable":true,"href":"http:\/\/acaopolitica.com\/index.php\/wp-json\/wp\/v2\/users\/18"}],"replies":[{"embeddable":true,"href":"http:\/\/acaopolitica.com\/index.php\/wp-json\/wp\/v2\/comments?post=1777"}],"version-history":[{"count":1,"href":"http:\/\/acaopolitica.com\/index.php\/wp-json\/wp\/v2\/posts\/1777\/revisions"}],"predecessor-version":[{"id":1778,"href":"http:\/\/acaopolitica.com\/index.php\/wp-json\/wp\/v2\/posts\/1777\/revisions\/1778"}],"wp:featuredmedia":[{"embeddable":true,"href":"http:\/\/acaopolitica.com\/index.php\/wp-json\/wp\/v2\/media\/1130"}],"wp:attachment":[{"href":"http:\/\/acaopolitica.com\/index.php\/wp-json\/wp\/v2\/media?parent=1777"}],"wp:term":[{"taxonomy":"category","embeddable":true,"href":"http:\/\/acaopolitica.com\/index.php\/wp-json\/wp\/v2\/categories?post=1777"},{"taxonomy":"post_tag","embeddable":true,"href":"http:\/\/acaopolitica.com\/index.php\/wp-json\/wp\/v2\/tags?post=1777"}],"curies":[{"name":"wp","href":"https:\/\/api.w.org\/{rel}","templated":true}]}}