{"id":1789,"date":"2017-07-12T22:46:30","date_gmt":"2017-07-12T22:46:30","guid":{"rendered":"http:\/\/acaopolitica.com\/?p=1789"},"modified":"2017-07-12T22:56:58","modified_gmt":"2017-07-12T22:56:58","slug":"pesquisa-mensal-de-comercio-fonte-ibge","status":"publish","type":"post","link":"http:\/\/acaopolitica.com\/index.php\/2017\/07\/12\/pesquisa-mensal-de-comercio-fonte-ibge\/","title":{"rendered":"Pesquisa Mensal de Com\u00e9rcio \u2013 Base: Maio de 2017"},"content":{"rendered":"<p style=\"text-align: justify;\"><span style=\"color: #0000ff;\">Vendas do varejo registraram varia\u00e7\u00e3o de -0,1% em maio <\/span><\/p>\n<p style=\"text-align: justify;\"><span style=\"color: #0000ff;\">Na compara\u00e7\u00e3o com maio de 2016, varejo cresce 2,4%<\/span><\/p>\n<table width=\"876\">\n<tbody>\n<tr>\n<td rowspan=\"2\" width=\"241\"><span style=\"color: #0000ff;\">Per\u00edodo<\/span><\/td>\n<td colspan=\"2\" width=\"248\"><span style=\"color: #0000ff;\">Varejo<\/span><\/td>\n<td colspan=\"2\" width=\"248\"><span style=\"color: #0000ff;\">Varejo Ampliado<\/span><\/td>\n<\/tr>\n<tr>\n<td width=\"124\"><span style=\"color: #0000ff;\">Volume de vendas<\/span><\/td>\n<td width=\"124\"><span style=\"color: #0000ff;\">Receita nominal<\/span><\/td>\n<td width=\"124\"><span style=\"color: #0000ff;\">Volume de vendas<\/span><\/td>\n<td width=\"124\"><span style=\"color: #0000ff;\">Receita nominal<\/span><\/td>\n<\/tr>\n<tr>\n<td width=\"241\"><span style=\"color: #0000ff;\">Maio \/ Abril*\u00a0<\/span><\/td>\n<td width=\"124\"><span style=\"color: #0000ff;\">-0,1<\/span><\/td>\n<td width=\"124\"><span style=\"color: #0000ff;\">0,2<\/span><\/td>\n<td width=\"124\"><span style=\"color: #0000ff;\">-0,7<\/span><\/td>\n<td width=\"124\"><span style=\"color: #0000ff;\">-1,2<\/span><\/td>\n<\/tr>\n<tr>\n<td width=\"241\"><span style=\"color: #0000ff;\">M\u00e9dia m\u00f3vel trimestral*<\/span><\/td>\n<td width=\"124\"><span style=\"color: #0000ff;\">-0,1<\/span><\/td>\n<td width=\"124\"><span style=\"color: #0000ff;\">0<\/span><\/td>\n<td width=\"124\"><span style=\"color: #0000ff;\">-0,1<\/span><\/td>\n<td width=\"124\"><span style=\"color: #0000ff;\">-0,3<\/span><\/td>\n<\/tr>\n<tr>\n<td width=\"241\"><span style=\"color: #0000ff;\">Maio 2017 \/ Maio 2016<\/span><\/td>\n<td width=\"124\"><span style=\"color: #0000ff;\">2,4<\/span><\/td>\n<td width=\"124\"><span style=\"color: #0000ff;\">3,1<\/span><\/td>\n<td width=\"124\"><span style=\"color: #0000ff;\">4,5<\/span><\/td>\n<td width=\"124\"><span style=\"color: #0000ff;\">4,5<\/span><\/td>\n<\/tr>\n<tr>\n<td width=\"241\"><span style=\"color: #0000ff;\">Acumulado 2017<\/span><\/td>\n<td width=\"124\"><span style=\"color: #0000ff;\">-0,8<\/span><\/td>\n<td width=\"124\"><span style=\"color: #0000ff;\">1,8<\/span><\/td>\n<td width=\"124\"><span style=\"color: #0000ff;\">-0,6<\/span><\/td>\n<td width=\"124\"><span style=\"color: #0000ff;\">1,1<\/span><\/td>\n<\/tr>\n<tr>\n<td width=\"241\"><span style=\"color: #0000ff;\">Acumulado 12 meses<\/span><\/td>\n<td width=\"124\"><span style=\"color: #0000ff;\">-3,6<\/span><\/td>\n<td width=\"124\"><span style=\"color: #0000ff;\">3,5<\/span><\/td>\n<td width=\"124\"><span style=\"color: #0000ff;\">-5,2<\/span><\/td>\n<td width=\"124\"><span style=\"color: #0000ff;\">0,2<\/span><\/td>\n<\/tr>\n<tr>\n<td><span style=\"color: #0000ff;\">*s\u00e9rie com ajuste sazonal<\/span><\/td>\n<td><span style=\"color: #0000ff;\">\u00a0<\/span><\/td>\n<td><span style=\"color: #0000ff;\">\u00a0<\/span><\/td>\n<td><span style=\"color: #0000ff;\">\u00a0<\/span><\/td>\n<td><span style=\"color: #0000ff;\">\u00a0<\/span><\/td>\n<\/tr>\n<\/tbody>\n<\/table>\n<p style=\"text-align: justify;\"><span style=\"color: #0000ff;\">Em maio de 2017, o com\u00e9rcio varejista\u00a0nacional registrou varia\u00e7\u00e3o de -0,1% no volume de vendas em rela\u00e7\u00e3o ao m\u00eas imediatamente anterior, na s\u00e9rie ajustada sazonalmente. Para essa mesma compara\u00e7\u00e3o, a receita nominal mostrou varia\u00e7\u00e3o de 0,2%. Ainda na s\u00e9rie com ajuste sazonal, o \u00edndice de m\u00e9dia m\u00f3vel trimestral voltou a sinalizar estabilidade tanto para volume de vendas (-0,1%), quanto para receita nominal (0,0%).<\/span><\/p>\n<p style=\"text-align: justify;\"><span style=\"color: #0000ff;\">No confronto com igual m\u00eas do ano anterior, na s\u00e9rie sem ajuste sazonal, o volume de vendas apontou crescimento de 2,4%, segunda taxa positiva consecutiva no ano. Com isso, o \u00edndice de volume do varejo acumulou recuo de 0,8% nos cinco primeiros meses do ano. O indicador acumulado nos \u00faltimos doze meses, com queda de 3,6% em maio de 2017, permaneceu sinalizando redu\u00e7\u00e3o no ritmo de queda iniciado em outubro de 2016 (-6,8%). Para as mesmas compara\u00e7\u00f5es, a receita nominal de vendas apresentou varia\u00e7\u00e3o de 3,1%, 1,8% e de 3,5%, respectivamente (Tabelas 1 e 2).<\/span><\/p>\n<p style=\"text-align: justify;\"><span style=\"color: #0000ff;\">O com\u00e9rcio varejista ampliado,\u00a0que inclui al\u00e9m do varejo as atividades de Ve\u00edculos, motos, partes e pe\u00e7as e de Material de constru\u00e7\u00e3o, registrou queda de 0,7% sobre o m\u00eas imediatamente anterior para o volume de vendas e de -1,2% para receita nominal, na s\u00e9rie com ajuste sazonal. Em rela\u00e7\u00e3o a maio de 2016, o varejo ampliado mostrou crescimento de 4,5% tanto para o volume de vendas, quanto para receita nominal de vendas. No que tange aos resultados acumulados, as taxas foram de -0,6% no ano e de -5,2% nos \u00faltimos 12 meses, para o volume de vendas, e de 1,1% e 0,2% para a receita nominal, respectivamente.<\/span><\/p>\n<p style=\"text-align: justify;\"><span style=\"color: #0000ff;\">Quatro atividades registram taxas negativas no com\u00e9rcio varejista<\/span><\/p>\n<p style=\"text-align: justify;\"><span style=\"color: #0000ff;\">No decr\u00e9scimo de 0,1% no volume de vendas do\u00a0com\u00e9rcio varejista\u00a0na passagem de abril para maio de 2017, na s\u00e9rie com ajuste sazonal, quatro atividades registraram taxas negativas, com destaque para\u00a0Tecidos,\u00a0vestu\u00e1rio e cal\u00e7ados\u00a0(-7,8%);\u00a0Livros, jornais, revistas e papelaria\u00a0(-4,5%);\u00a0Equipamentos e material para escrit\u00f3rio, inform\u00e1tica e comunica\u00e7\u00e3o(-2,8%); e\u00a0Outros artigos de uso pessoal e dom\u00e9stico\u00a0(-0,1%). Por outro lado, entre os quatro setores que ampliaram as vendas nesse m\u00eas, os desempenhos de maior import\u00e2ncia para a m\u00e9dia global foram registrados em\u00a0Hipermercados, supermercados, produtos aliment\u00edcios, bebidas e fumo\u00a0(1,4%); seguido por\u00a0M\u00f3veis e eletrodom\u00e9sticos\u00a0(1,2%);\u00a0Artigos farmac\u00eauticos, m\u00e9dicos, ortop\u00e9dicos, de perfumaria e cosm\u00e9ticos\u00a0(0,9%); e\u00a0Combust\u00edveis e lubrificantes(0,6%).<\/span><\/p>\n<p style=\"text-align: justify;\"><span style=\"color: #0000ff;\">O\u00a0com\u00e9rcio varejista ampliado,\u00a0ainda na s\u00e9rie ajustada sazonalmente, mostrou varia\u00e7\u00e3o negativa para o volume de vendas entre abril e maio de 2017 (-0,7%).\u00a0Ve\u00edculos e motos, partes e pe\u00e7as, ap\u00f3s relativa estabilidade (-0,1%), avan\u00e7ou 1,2% frente a abril, enquanto em\u00a0Material de constru\u00e7\u00e3o, o crescimento foi de 1,9% para essa mesma compara\u00e7\u00e3o, compensando a maior parte do recuo de 2,0% registrado no m\u00eas anterior.<\/span><\/p>\n<table width=\"876\">\n<tbody>\n<tr>\n<td colspan=\"9\" width=\"859\"><span style=\"color: #0000ff;\">TABELA 1\u00a0<\/span><\/td>\n<\/tr>\n<tr>\n<td colspan=\"9\" width=\"859\"><span style=\"color: #0000ff;\">BRASIL &#8211; INDICADORES DO VOLUME DE VENDAS DO COM\u00c9RCIO VAREJISTA E COM\u00c9RCIO VAREJISTA AMPLIADO,\u00a0\u00a0\u00a0\u00a0\u00a0\u00a0\u00a0\u00a0\u00a0\u00a0\u00a0\u00a0\u00a0\u00a0\u00a0\u00a0\u00a0\u00a0\u00a0\u00a0\u00a0\u00a0\u00a0\u00a0\u00a0\u00a0\u00a0\u00a0\u00a0\u00a0\u00a0\u00a0\u00a0\u00a0\u00a0\u00a0\u00a0\u00a0\u00a0\u00a0\u00a0\u00a0\u00a0\u00a0\u00a0\u00a0\u00a0\u00a0\u00a0\u00a0\u00a0\u00a0\u00a0\u00a0\u00a0\u00a0\u00a0\u00a0\u00a0 SEGUNDO GRUPOS DE ATIVIDADES: PMC &#8211; Maio 2017<\/span><\/td>\n<\/tr>\n<tr>\n<td rowspan=\"3\"><span style=\"color: #0000ff;\">ATIVIDADES<\/span><\/td>\n<td colspan=\"3\"><span style=\"color: #0000ff;\">M\u00caS\/M\u00caS ANTERIOR (1)<\/span><\/td>\n<td colspan=\"3\" width=\"174\"><span style=\"color: #0000ff;\">M\u00caS\/IGUAL M\u00caS DO ANO ANTERIOR<\/span><\/td>\n<td colspan=\"2\"><span style=\"color: #0000ff;\">ACUMULADO<\/span><\/td>\n<\/tr>\n<tr>\n<td colspan=\"3\"><span style=\"color: #0000ff;\">Taxa de Varia\u00e7\u00e3o (%)<\/span><\/td>\n<td colspan=\"3\"><span style=\"color: #0000ff;\">Taxa de Varia\u00e7\u00e3o (%)<\/span><\/td>\n<td colspan=\"2\"><span style=\"color: #0000ff;\">Taxa de Varia\u00e7\u00e3o (%)<\/span><\/td>\n<\/tr>\n<tr>\n<td><span style=\"color: #0000ff;\">MAR<\/span><\/td>\n<td><span style=\"color: #0000ff;\">ABR<\/span><\/td>\n<td><span style=\"color: #0000ff;\">MAI<\/span><\/td>\n<td><span style=\"color: #0000ff;\">MAR<\/span><\/td>\n<td><span style=\"color: #0000ff;\">ABR<\/span><\/td>\n<td><span style=\"color: #0000ff;\">MAI<\/span><\/td>\n<td><span style=\"color: #0000ff;\">NO ANO<\/span><\/td>\n<td><span style=\"color: #0000ff;\">12 MESES<\/span><\/td>\n<\/tr>\n<tr>\n<td width=\"355\"><span style=\"color: #0000ff;\">COM\u00c9RCIO VAREJISTA (2)<\/span><\/td>\n<td><span style=\"color: #0000ff;\">-1,2<\/span><\/td>\n<td><span style=\"color: #0000ff;\">0,9<\/span><\/td>\n<td><span style=\"color: #0000ff;\">-0,1<\/span><\/td>\n<td><span style=\"color: #0000ff;\">-3,2<\/span><\/td>\n<td><span style=\"color: #0000ff;\">1,7<\/span><\/td>\n<td><span style=\"color: #0000ff;\">2,4<\/span><\/td>\n<td><span style=\"color: #0000ff;\">-0,8<\/span><\/td>\n<td><span style=\"color: #0000ff;\">-3,6<\/span><\/td>\n<\/tr>\n<tr>\n<td width=\"355\"><span style=\"color: #0000ff;\">1 &#8211; Combust\u00edveis e lubrificantes<\/span><\/td>\n<td><span style=\"color: #0000ff;\">1,1<\/span><\/td>\n<td><span style=\"color: #0000ff;\">-0,7<\/span><\/td>\n<td><span style=\"color: #0000ff;\">0,6<\/span><\/td>\n<td><span style=\"color: #0000ff;\">-2,2<\/span><\/td>\n<td><span style=\"color: #0000ff;\">-4,2<\/span><\/td>\n<td><span style=\"color: #0000ff;\">-0,9<\/span><\/td>\n<td><span style=\"color: #0000ff;\">-4,3<\/span><\/td>\n<td><span style=\"color: #0000ff;\">-7,0<\/span><\/td>\n<\/tr>\n<tr>\n<td width=\"355\"><span style=\"color: #0000ff;\">2 &#8211; Hiper, supermercados, prods.\u00a0 aliment\u00edcios, bebidas e fumo<\/span><\/td>\n<td><span style=\"color: #0000ff;\">-4,5<\/span><\/td>\n<td><span style=\"color: #0000ff;\">1,2<\/span><\/td>\n<td><span style=\"color: #0000ff;\">1,4<\/span><\/td>\n<td><span style=\"color: #0000ff;\">-7,0<\/span><\/td>\n<td><span style=\"color: #0000ff;\">3,0<\/span><\/td>\n<td><span style=\"color: #0000ff;\">0,0<\/span><\/td>\n<td><span style=\"color: #0000ff;\">-0,9<\/span><\/td>\n<td><span style=\"color: #0000ff;\">-2,0<\/span><\/td>\n<\/tr>\n<tr>\n<td width=\"355\"><span style=\"color: #0000ff;\">\u00a0\u00a0\u00a0\u00a0\u00a0\u00a0 2.1 &#8211; Super e hipermercados<\/span><\/td>\n<td><span style=\"color: #0000ff;\">-5,4<\/span><\/td>\n<td><span style=\"color: #0000ff;\">2,1<\/span><\/td>\n<td><span style=\"color: #0000ff;\">1,1<\/span><\/td>\n<td><span style=\"color: #0000ff;\">-8,0<\/span><\/td>\n<td><span style=\"color: #0000ff;\">3,5<\/span><\/td>\n<td><span style=\"color: #0000ff;\">0,1<\/span><\/td>\n<td><span style=\"color: #0000ff;\">-0,8<\/span><\/td>\n<td><span style=\"color: #0000ff;\">-1,9<\/span><\/td>\n<\/tr>\n<tr>\n<td width=\"355\"><span style=\"color: #0000ff;\">3 &#8211; Tecidos, vest. e cal\u00e7ados<\/span><\/td>\n<td><span style=\"color: #0000ff;\">-0,9<\/span><\/td>\n<td><span style=\"color: #0000ff;\">4,6<\/span><\/td>\n<td><span style=\"color: #0000ff;\">-7,8<\/span><\/td>\n<td><span style=\"color: #0000ff;\">11,6<\/span><\/td>\n<td><span style=\"color: #0000ff;\">10,8<\/span><\/td>\n<td><span style=\"color: #0000ff;\">5,0<\/span><\/td>\n<td><span style=\"color: #0000ff;\">6,0<\/span><\/td>\n<td><span style=\"color: #0000ff;\">-4,3<\/span><\/td>\n<\/tr>\n<tr>\n<td width=\"355\"><span style=\"color: #0000ff;\">4 &#8211; M\u00f3veis e eletrodom\u00e9sticos<\/span><\/td>\n<td><span style=\"color: #0000ff;\">6,2<\/span><\/td>\n<td><span style=\"color: #0000ff;\">-2,3<\/span><\/td>\n<td><span style=\"color: #0000ff;\">1,2<\/span><\/td>\n<td><span style=\"color: #0000ff;\">10,5<\/span><\/td>\n<td><span style=\"color: #0000ff;\">-0,1<\/span><\/td>\n<td><span style=\"color: #0000ff;\">13,8<\/span><\/td>\n<td><span style=\"color: #0000ff;\">4,6<\/span><\/td>\n<td><span style=\"color: #0000ff;\">-4,7<\/span><\/td>\n<\/tr>\n<tr>\n<td width=\"355\"><span style=\"color: #0000ff;\">4.1 &#8211; M\u00f3veis<\/span><\/td>\n<td><span style=\"color: #0000ff;\">&#8211;<\/span><\/td>\n<td><span style=\"color: #0000ff;\">&#8211;<\/span><\/td>\n<td><span style=\"color: #0000ff;\">&#8211;<\/span><\/td>\n<td><span style=\"color: #0000ff;\">-13,6<\/span><\/td>\n<td><span style=\"color: #0000ff;\">-5,0<\/span><\/td>\n<td><span style=\"color: #0000ff;\">2,0<\/span><\/td>\n<td><span style=\"color: #0000ff;\">-15,1<\/span><\/td>\n<td><span style=\"color: #0000ff;\">-13,1<\/span><\/td>\n<\/tr>\n<tr>\n<td width=\"355\"><span style=\"color: #0000ff;\">4.2 &#8211; Eletrodom\u00e9sticos<\/span><\/td>\n<td><span style=\"color: #0000ff;\">&#8211;<\/span><\/td>\n<td><span style=\"color: #0000ff;\">&#8211;<\/span><\/td>\n<td><span style=\"color: #0000ff;\">&#8211;<\/span><\/td>\n<td><span style=\"color: #0000ff;\">8,5<\/span><\/td>\n<td><span style=\"color: #0000ff;\">0,1<\/span><\/td>\n<td><span style=\"color: #0000ff;\">17,0<\/span><\/td>\n<td><span style=\"color: #0000ff;\">3,8<\/span><\/td>\n<td><span style=\"color: #0000ff;\">-4,7<\/span><\/td>\n<\/tr>\n<tr>\n<td width=\"355\"><span style=\"color: #0000ff;\">5 &#8211; Artigos farmaceuticos, med., ortop. e de perfumaria<\/span><\/td>\n<td><span style=\"color: #0000ff;\">-0,6<\/span><\/td>\n<td><span style=\"color: #0000ff;\">-0,2<\/span><\/td>\n<td><span style=\"color: #0000ff;\">0,9<\/span><\/td>\n<td><span style=\"color: #0000ff;\">-1,7<\/span><\/td>\n<td><span style=\"color: #0000ff;\">-2,9<\/span><\/td>\n<td><span style=\"color: #0000ff;\">3,8<\/span><\/td>\n<td><span style=\"color: #0000ff;\">-1,6<\/span><\/td>\n<td><span style=\"color: #0000ff;\">-3,0<\/span><\/td>\n<\/tr>\n<tr>\n<td width=\"355\"><span style=\"color: #0000ff;\">6 &#8211; Livros, jornais, rev. e papelaria<\/span><\/td>\n<td><span style=\"color: #0000ff;\">5,3<\/span><\/td>\n<td><span style=\"color: #0000ff;\">-5,1<\/span><\/td>\n<td><span style=\"color: #0000ff;\">-4,5<\/span><\/td>\n<td><span style=\"color: #0000ff;\">5,3<\/span><\/td>\n<td><span style=\"color: #0000ff;\">-3,4<\/span><\/td>\n<td><span style=\"color: #0000ff;\">-1,0<\/span><\/td>\n<td><span style=\"color: #0000ff;\">-4,3<\/span><\/td>\n<td><span style=\"color: #0000ff;\">-10,5<\/span><\/td>\n<\/tr>\n<tr>\n<td width=\"355\"><span style=\"color: #0000ff;\">7 &#8211; Equip. e mat. para escrit\u00f3rio, informatica e comunica\u00e7\u00e3o<\/span><\/td>\n<td><span style=\"color: #0000ff;\">2,5<\/span><\/td>\n<td><span style=\"color: #0000ff;\">9,5<\/span><\/td>\n<td><span style=\"color: #0000ff;\">-2,8<\/span><\/td>\n<td><span style=\"color: #0000ff;\">-12,3<\/span><\/td>\n<td><span style=\"color: #0000ff;\">4,4<\/span><\/td>\n<td><span style=\"color: #0000ff;\">8,8<\/span><\/td>\n<td><span style=\"color: #0000ff;\">-4,6<\/span><\/td>\n<td><span style=\"color: #0000ff;\">-7,6<\/span><\/td>\n<\/tr>\n<tr>\n<td width=\"355\"><span style=\"color: #0000ff;\">8 &#8211; Outros arts. de uso pessoal e dom\u00e9stico<\/span><\/td>\n<td><span style=\"color: #0000ff;\">1,6<\/span><\/td>\n<td><span style=\"color: #0000ff;\">0,1<\/span><\/td>\n<td><span style=\"color: #0000ff;\">-0,1<\/span><\/td>\n<td><span style=\"color: #0000ff;\">-5,3<\/span><\/td>\n<td><span style=\"color: #0000ff;\">3,4<\/span><\/td>\n<td><span style=\"color: #0000ff;\">2,6<\/span><\/td>\n<td><span style=\"color: #0000ff;\">-2,0<\/span><\/td>\n<td><span style=\"color: #0000ff;\">-5,2<\/span><\/td>\n<\/tr>\n<tr>\n<td width=\"355\"><span style=\"color: #0000ff;\">COM\u00c9RCIO VAREJISTA AMPLIADO (3)<\/span><\/td>\n<td><span style=\"color: #0000ff;\">-0,8<\/span><\/td>\n<td><span style=\"color: #0000ff;\">1,2<\/span><\/td>\n<td><span style=\"color: #0000ff;\">-0,7<\/span><\/td>\n<td><span style=\"color: #0000ff;\">-1,9<\/span><\/td>\n<td><span style=\"color: #0000ff;\">-0,5<\/span><\/td>\n<td><span style=\"color: #0000ff;\">4,5<\/span><\/td>\n<td><span style=\"color: #0000ff;\">-0,6<\/span><\/td>\n<td><span style=\"color: #0000ff;\">-5,2<\/span><\/td>\n<\/tr>\n<tr>\n<td width=\"355\"><span style=\"color: #0000ff;\">9 &#8211; Ve\u00edculos e motos, partes e pe\u00e7as<\/span><\/td>\n<td><span style=\"color: #0000ff;\">0,6<\/span><\/td>\n<td><span style=\"color: #0000ff;\">-0,1<\/span><\/td>\n<td><span style=\"color: #0000ff;\">1,2<\/span><\/td>\n<td><span style=\"color: #0000ff;\">-5,1<\/span><\/td>\n<td><span style=\"color: #0000ff;\">-12,1<\/span><\/td>\n<td><span style=\"color: #0000ff;\">4,5<\/span><\/td>\n<td><span style=\"color: #0000ff;\">-6,2<\/span><\/td>\n<td><span style=\"color: #0000ff;\">-11,2<\/span><\/td>\n<\/tr>\n<tr>\n<td width=\"355\"><span style=\"color: #0000ff;\">10- Material de constru\u00e7\u00e3o<\/span><\/td>\n<td><span style=\"color: #0000ff;\">3,3<\/span><\/td>\n<td><span style=\"color: #0000ff;\">-2,0<\/span><\/td>\n<td><span style=\"color: #0000ff;\">1,9<\/span><\/td>\n<td><span style=\"color: #0000ff;\">9,6<\/span><\/td>\n<td><span style=\"color: #0000ff;\">-1,4<\/span><\/td>\n<td><span style=\"color: #0000ff;\">9,3<\/span><\/td>\n<td><span style=\"color: #0000ff;\">4,2<\/span><\/td>\n<td><span style=\"color: #0000ff;\">-3,6<\/span><\/td>\n<\/tr>\n<tr>\n<td colspan=\"2\"><span style=\"color: #0000ff;\">Fonte: IBGE, Diretoria de Pesquisas, Coordena\u00e7\u00e3o de Servi\u00e7os e Com\u00e9rcio.<\/span><\/td>\n<td><span style=\"color: #0000ff;\">\u00a0<\/span><\/td>\n<td><span style=\"color: #0000ff;\">\u00a0<\/span><\/td>\n<td><span style=\"color: #0000ff;\">\u00a0<\/span><\/td>\n<td><span style=\"color: #0000ff;\">\u00a0<\/span><\/td>\n<td><span style=\"color: #0000ff;\">\u00a0<\/span><\/td>\n<td><span style=\"color: #0000ff;\">\u00a0<\/span><\/td>\n<td><span style=\"color: #0000ff;\">\u00a0<\/span><\/td>\n<\/tr>\n<tr>\n<td colspan=\"7\"><span style=\"color: #0000ff;\">(1) S\u00e9ries com ajuste sazonal. (2) O indicador do com\u00e9rcio varejista \u00e9 composto pelos resultados das atividades numeradas de 1 a 8.\u00a0<\/span><\/td>\n<td><span style=\"color: #0000ff;\">\u00a0<\/span><\/td>\n<td><span style=\"color: #0000ff;\">\u00a0<\/span><\/td>\n<\/tr>\n<tr>\n<td colspan=\"6\"><span style=\"color: #0000ff;\">(3) O indicador do com\u00e9rcio varejista ampliado \u00e9 composto pelos resultados das atividades numeradas de 1 a 10<\/span><\/td>\n<td><span style=\"color: #0000ff;\">\u00a0<\/span><\/td>\n<td><span style=\"color: #0000ff;\">\u00a0<\/span><\/td>\n<td><span style=\"color: #0000ff;\">\u00a0<\/span><\/td>\n<\/tr>\n<\/tbody>\n<\/table>\n<p style=\"text-align: justify;\"><span style=\"color: #0000ff;\">Na compara\u00e7\u00e3o com igual m\u00eas do ano anterior, o\u00a0com\u00e9rcio varejista\u00a0assinalou expans\u00e3o de 2,4% em maio de 2017, com cinco das oito atividades apresentando desempenhos positivos impulsionados, principalmente, pela comemora\u00e7\u00e3o do Dia das M\u00e3es e pela diferen\u00e7a de um dia \u00fatil a mais em maio de 2017 (22 dias) em rela\u00e7\u00e3o a maio de 2016 (21 dias). Com destaque, em termos de maior contribui\u00e7\u00e3o na forma\u00e7\u00e3o da taxa global do varejo, figura o setor de\u00a0M\u00f3veis e eletrodom\u00e9sticos\u00a0(13,8%).<\/span><\/p>\n<p style=\"text-align: justify;\"><span style=\"color: #0000ff;\">Outras contribui\u00e7\u00f5es positivas relevantes sobre o total nacional vieram de\u00a0Tecidos, vestu\u00e1rio e cal\u00e7ados\u00a0(5,0%);\u00a0Outros artigos de uso pessoal e dom\u00e9stico\u00a0(2,6%);\u00a0Artigos farmac\u00eauticos, m\u00e9dicos, ortop\u00e9dicos, de perfumaria e cosm\u00e9ticos\u00a0(3,8%);\u00a0Equipamentos e material para escrit\u00f3rio, inform\u00e1tica e comunica\u00e7\u00e3o\u00a0(8,8%). As vendas do setor de\u00a0Hipermercados, supermercados, produtos aliment\u00edcios bebidas e fumo\u00a0ficaram est\u00e1veis (0,0%) em rela\u00e7\u00e3o a maio de 2016. Por outro lado, com redu\u00e7\u00e3o no volume de vendas na mesma compara\u00e7\u00e3o, encontram-se\u00a0Combust\u00edveis e lubrificantes\u00a0(-0,9%) e\u00a0Livros, jornais, revistas e papelaria\u00a0(-1,0%).<\/span><\/p>\n<p style=\"text-align: justify;\"><span style=\"color: #0000ff;\">Dia das m\u00e3es influencia no aumento de vendas dos setores de m\u00f3veis e eletrodom\u00e9sticos e de tecidos, vestu\u00e1rio e cal\u00e7ados<\/span><\/p>\n<p style=\"text-align: justify;\"><span style=\"color: #0000ff;\">O setor de M\u00f3veis e eletrodom\u00e9sticos, com varia\u00e7\u00e3o de 13,8% no volume de vendas em rela\u00e7\u00e3o a maio do ano passado, registrou o principal impacto positivo na forma\u00e7\u00e3o da taxa global do varejo (2,4%). No m\u00eas de comemora\u00e7\u00e3o do Dia das M\u00e3es, a din\u00e2mica das vendas desse segmento, em maio de 2017, pode ser associada \u00e0 redu\u00e7\u00e3o da taxa de juros \u00e0s pessoas f\u00edsicas<a href=\"http:\/\/agenciadenoticias.ibge.gov.br\/#_ftn1\" data-saferedirecturl=\"https:\/\/www.google.com\/url?hl=pt-BR&amp;q=http:\/\/agenciadenoticias.ibge.gov.br\/%23_ftn1&amp;source=gmail&amp;ust=1499984802207000&amp;usg=AFQjCNEGEjUB4m_B_uMh1Xhr_OtNRu4Juw\">[1]<\/a>\u00a0e a recomposi\u00e7\u00e3o da massa de rendimentos reais habitualmente recebidos<a href=\"http:\/\/agenciadenoticias.ibge.gov.br\/#_ftn2\" data-saferedirecturl=\"https:\/\/www.google.com\/url?hl=pt-BR&amp;q=http:\/\/agenciadenoticias.ibge.gov.br\/%23_ftn2&amp;source=gmail&amp;ust=1499984802208000&amp;usg=AFQjCNF_zbjW5osihPImMCfdope8hqKaGg\">[2]<\/a>. As vendas desse segmento acumuladas no ano mostraram avan\u00e7o de 4,6% e, no acumulado em 12 meses, a taxa ainda permanece no campo negativo (-4,7%).<\/span><\/p>\n<p style=\"text-align: justify;\"><span style=\"color: #0000ff;\">A atividade de\u00a0Tecidos, vestu\u00e1rio e cal\u00e7ados, com varia\u00e7\u00e3o de 5,0% em maio frente a igual m\u00eas do ano anterior, foi respons\u00e1vel pela segunda maior contribui\u00e7\u00e3o positiva na composi\u00e7\u00e3o do \u00edndice geral do varejo. A comemora\u00e7\u00e3o do Dia das M\u00e3es, com impactos positivos particularmente nas vendas desse setor, contribuiu para um avan\u00e7o no volume de vendas acima da m\u00e9dia geral. Os resultados acumulados apresentaram crescimento de 6,0% no ano e recuo de 4,3% nos \u00faltimos 12 meses.<\/span><\/p>\n<p style=\"text-align: justify;\"><span style=\"color: #0000ff;\">As vendas de\u00a0Outros artigos de uso pessoal e dom\u00e9stico,\u00a0que engloba lojas de departamentos, joalherias, artigos esportivos e brinquedos, com avan\u00e7o de 2,6% rela\u00e7\u00e3o a maio de 2016, proporcionaram o terceiro maior impacto positivo na forma\u00e7\u00e3o da taxa total de volume de vendas do varejo. Para os cinco primeiros meses do ano a varia\u00e7\u00e3o acumulada dessa atividade foi de -2,0%, e para os \u00faltimos 12 meses, de -5,2%.<\/span><\/p>\n<p style=\"text-align: justify;\"><span style=\"color: #0000ff;\">O segmento de\u00a0Artigos farmac\u00eauticos, m\u00e9dicos, ortop\u00e9dicos e de perfumaria, ao avan\u00e7ar 3,8%, frente a maio de 2016, registrou primeira taxa positiva ap\u00f3s sequ\u00eancia de 13 taxas negativas, e exerceu a quarta maior contribui\u00e7\u00e3o no resultado global do varejo. No acumulado no ano e nos \u00faltimos 12 meses esse setor mostrou recuos de 1,6% e 3,0%, respectivamente.<\/span><\/p>\n<p style=\"text-align: justify;\"><span style=\"color: #0000ff;\">A atividade de\u00a0Equipamentos e materiais para escrit\u00f3rio, inform\u00e1tica e comunica\u00e7\u00e3o,\u00a0com varia\u00e7\u00e3o de 8,8% no volume de vendas na compara\u00e7\u00e3o com maio de 2016, tamb\u00e9m pressionou positivamente a taxa global do varejo. Os resultados, em termos acumulados, foram de -4,6% no acumulado para os primeiros cinco meses e -7,6% nos \u00faltimos 12 meses.<\/span><\/p>\n<p style=\"text-align: justify;\"><span style=\"color: #0000ff;\">O segmento de\u00a0Hipermercados, supermercados, produtos aliment\u00edcios, bebidas e fumoregistrou volume de vendas est\u00e1vel frente a maio de 2016 (Tabela 3). Em termos de resultados acumulados, a atividade apresentou varia\u00e7\u00e3o no ano de -0,9% e nos \u00faltimos 12 meses de -2,0%.<\/span><\/p>\n<p style=\"text-align: justify;\"><span style=\"color: #0000ff;\">O segmento de\u00a0Combust\u00edveis e lubrificantes\u00a0apresentou recuo de 0,9% no volume de vendas em rela\u00e7\u00e3o a maio de 2016, pressionando negativamente \u00e0 taxa global do varejo. No acumulado no ano a varia\u00e7\u00e3o foi de -4,3%, enquanto que nos \u00faltimos 12 m\u00eas foi de -7,0%.<\/span><\/p>\n<p style=\"text-align: justify;\"><span style=\"color: #0000ff;\">O com\u00e9rcio de\u00a0Livros, jornais, revistas e papelaria\u00a0registrou queda de 1,0% no volume de vendas sobre maio de 2016, com taxa acumulada no ano e nos \u00faltimos 12 meses de -4,3% e de -10,5%, respectivamente. A trajet\u00f3ria declinante desta atividade vem sendo influenciada pela por certa substitui\u00e7\u00e3o dos produtos impressos pelos de meio eletr\u00f4nico. Vale ressaltar que o IPCA<a href=\"http:\/\/agenciadenoticias.ibge.gov.br\/#_ftn3\" data-saferedirecturl=\"https:\/\/www.google.com\/url?hl=pt-BR&amp;q=http:\/\/agenciadenoticias.ibge.gov.br\/%23_ftn3&amp;source=gmail&amp;ust=1499984802208000&amp;usg=AFQjCNFjI7liYz-0Y7naraeael7L5ch8Mw\">[3]<\/a>\u00a0de maio, acumulado em 12 meses, do grupamento de papelaria registrou aumento acima da infla\u00e7\u00e3o.<\/span><\/p>\n<p style=\"text-align: justify;\"><span style=\"color: #0000ff;\">Considerando o\u00a0com\u00e9rcio varejista ampliado, em maio de 2017, o avan\u00e7o foi de 4,5% no volume de vendas comparado a maio de 2016. A taxa acumulada nos primeiros cincos meses do ano para o varejo ampliado foi de -0,6% e em doze meses, de -5,2%. O resultado de maio interrompe sequ\u00eancia de 35 meses de taxas negativas e reflete, sobretudo, o desempenho das vendas de\u00a0Ve\u00edculos, motos, partes e pe\u00e7as, com crescimento de 4,5%% em rela\u00e7\u00e3o a maio de 2016 e o avan\u00e7o 9,3% em\u00a0Material de constru\u00e7\u00e3o\u00a0para a mesma compara\u00e7\u00e3o. O resultado acumulado, em cinco meses, destas atividades foram, respectivamente, -6,2% e 4,2% s e nos \u00faltimos doze meses, de -11,2% e -3,6%.<\/span><\/p>\n<table width=\"876\">\n<tbody>\n<tr>\n<td colspan=\"5\" width=\"542\"><span style=\"color: #0000ff;\">TABELA 3<\/span><\/td>\n<\/tr>\n<tr>\n<td colspan=\"5\" width=\"542\"><span style=\"color: #0000ff;\">BRASIL &#8211; COMPOSI\u00c7\u00c3O DA TAXA MENSAL DO COM\u00c9RCIO VAREJISTA, POR ATIVIDADES: PMC &#8211; Maio 2017<\/span><\/td>\n<\/tr>\n<tr>\n<td colspan=\"5\" width=\"542\"><span style=\"color: #0000ff;\">\u00a0 (Indicadores de volume de vendas)<\/span><\/td>\n<\/tr>\n<tr>\n<td rowspan=\"2\" width=\"220\"><span style=\"color: #0000ff;\">Atividades<\/span><\/td>\n<td colspan=\"2\" width=\"155\"><span style=\"color: #0000ff;\">COM\u00c9RCIO VAREJISTA\u00a0<\/span><\/td>\n<td colspan=\"2\" width=\"155\"><span style=\"color: #0000ff;\">COM\u00c9RCIO VAREJISTA AMPLIADO<\/span><\/td>\n<\/tr>\n<tr>\n<td width=\"62\"><span style=\"color: #0000ff;\">Taxa de varia\u00e7\u00e3o (%)<\/span><\/td>\n<td width=\"87\"><span style=\"color: #0000ff;\">Composi\u00e7\u00e3o absoluta da taxa (p.p.)<\/span><\/td>\n<td width=\"62\"><span style=\"color: #0000ff;\">Taxa de varia\u00e7\u00e3o (%)<\/span><\/td>\n<td width=\"87\"><span style=\"color: #0000ff;\">Composi\u00e7\u00e3o absoluta da taxa (p.p.)<\/span><\/td>\n<\/tr>\n<tr>\n<td width=\"220\"><span style=\"color: #0000ff;\">1 &#8211; Combust\u00edveis e lubrificantes<\/span><\/td>\n<td width=\"62\"><span style=\"color: #0000ff;\">-0,9<\/span><\/td>\n<td width=\"87\"><span style=\"color: #0000ff;\">-0,1<\/span><\/td>\n<td width=\"62\"><span style=\"color: #0000ff;\">-0,9<\/span><\/td>\n<td width=\"87\"><span style=\"color: #0000ff;\">0,0<\/span><\/td>\n<\/tr>\n<tr>\n<td width=\"220\"><span style=\"color: #0000ff;\">2 &#8211; Hiper, supermercados, prods.\u00a0 aliment\u00edcios, bebidas e fumo<\/span><\/td>\n<td width=\"62\"><span style=\"color: #0000ff;\">0,0<\/span><\/td>\n<td width=\"87\"><span style=\"color: #0000ff;\">0,0<\/span><\/td>\n<td width=\"62\"><span style=\"color: #0000ff;\">0,0<\/span><\/td>\n<td width=\"87\"><span style=\"color: #0000ff;\">0,1<\/span><\/td>\n<\/tr>\n<tr>\n<td width=\"220\"><span style=\"color: #0000ff;\">3 &#8211; Tecidos, vest. e cal\u00e7ados<\/span><\/td>\n<td width=\"62\"><span style=\"color: #0000ff;\">5,0<\/span><\/td>\n<td width=\"87\"><span style=\"color: #0000ff;\">0,5<\/span><\/td>\n<td width=\"62\"><span style=\"color: #0000ff;\">5,0<\/span><\/td>\n<td width=\"87\"><span style=\"color: #0000ff;\">0,4<\/span><\/td>\n<\/tr>\n<tr>\n<td width=\"220\"><span style=\"color: #0000ff;\">4 &#8211; M\u00f3veis e eletrodom\u00e9sticos<\/span><\/td>\n<td width=\"62\"><span style=\"color: #0000ff;\">13,8<\/span><\/td>\n<td width=\"87\"><span style=\"color: #0000ff;\">1,4<\/span><\/td>\n<td width=\"62\"><span style=\"color: #0000ff;\">13,8<\/span><\/td>\n<td width=\"87\"><span style=\"color: #0000ff;\">1,1<\/span><\/td>\n<\/tr>\n<tr>\n<td width=\"220\"><span style=\"color: #0000ff;\">5 &#8211; Artigos farmaceuticos, med., ortop. e de perfumaria<\/span><\/td>\n<td width=\"62\"><span style=\"color: #0000ff;\">3,8<\/span><\/td>\n<td width=\"87\"><span style=\"color: #0000ff;\">0,2<\/span><\/td>\n<td width=\"62\"><span style=\"color: #0000ff;\">3,8<\/span><\/td>\n<td width=\"87\"><span style=\"color: #0000ff;\">0,3<\/span><\/td>\n<\/tr>\n<tr>\n<td width=\"220\"><span style=\"color: #0000ff;\">6 &#8211; Livros, jornais, rev. e papelaria<\/span><\/td>\n<td width=\"62\"><span style=\"color: #0000ff;\">-1,0<\/span><\/td>\n<td width=\"87\"><span style=\"color: #0000ff;\">0,0<\/span><\/td>\n<td width=\"62\"><span style=\"color: #0000ff;\">-1,0<\/span><\/td>\n<td width=\"87\"><span style=\"color: #0000ff;\">0,1<\/span><\/td>\n<\/tr>\n<tr>\n<td width=\"220\"><span style=\"color: #0000ff;\">7 &#8211; Equip. e mat. para escrit\u00f3rio informatica e comunica\u00e7\u00e3o<\/span><\/td>\n<td width=\"62\"><span style=\"color: #0000ff;\">8,8<\/span><\/td>\n<td width=\"87\"><span style=\"color: #0000ff;\">0,1<\/span><\/td>\n<td width=\"62\"><span style=\"color: #0000ff;\">8,8<\/span><\/td>\n<td width=\"87\"><span style=\"color: #0000ff;\">0,2<\/span><\/td>\n<\/tr>\n<tr>\n<td width=\"220\"><span style=\"color: #0000ff;\">8 &#8211; Outros arts. de uso pessoal e dom\u00e9stico<\/span><\/td>\n<td width=\"62\"><span style=\"color: #0000ff;\">2,6<\/span><\/td>\n<td width=\"87\"><span style=\"color: #0000ff;\">0,3<\/span><\/td>\n<td width=\"62\"><span style=\"color: #0000ff;\">2,6<\/span><\/td>\n<td width=\"87\"><span style=\"color: #0000ff;\">0,2<\/span><\/td>\n<\/tr>\n<tr>\n<td width=\"220\"><span style=\"color: #0000ff;\">9 &#8211; Ve\u00edculos e motos, partes e pe\u00e7as<\/span><\/td>\n<td width=\"62\"><span style=\"color: #0000ff;\">\u00a0<\/span><\/td>\n<td width=\"87\"><span style=\"color: #0000ff;\">\u00a0<\/span><\/td>\n<td width=\"62\"><span style=\"color: #0000ff;\">4,5<\/span><\/td>\n<td width=\"87\"><span style=\"color: #0000ff;\">1,2<\/span><\/td>\n<\/tr>\n<tr>\n<td width=\"220\"><span style=\"color: #0000ff;\">10- Material de constru\u00e7\u00e3o<\/span><\/td>\n<td width=\"62\"><span style=\"color: #0000ff;\">\u00a0<\/span><\/td>\n<td width=\"87\"><span style=\"color: #0000ff;\">\u00a0<\/span><\/td>\n<td width=\"62\"><span style=\"color: #0000ff;\">9,3<\/span><\/td>\n<td width=\"87\"><span style=\"color: #0000ff;\">0,9<\/span><\/td>\n<\/tr>\n<tr>\n<td width=\"220\"><span style=\"color: #0000ff;\">Fonte: IBGE, Diretoria de Pesquisas, Coordena\u00e7\u00e3o de Servi\u00e7os e Com\u00e9rcio.<\/span><\/td>\n<td width=\"62\"><span style=\"color: #0000ff;\">\u00a0<\/span><\/td>\n<td width=\"87\"><span style=\"color: #0000ff;\">\u00a0<\/span><\/td>\n<td width=\"62\"><span style=\"color: #0000ff;\">\u00a0<\/span><\/td>\n<td width=\"87\"><span style=\"color: #0000ff;\">\u00a0<\/span><\/td>\n<\/tr>\n<tr>\n<td colspan=\"4\" width=\"449\"><span style=\"color: #0000ff;\">Nota: A composi\u00e7\u00e3o da taxa mensal corresponde \u00e0 participa\u00e7\u00e3o dos resultados setoriais na forma\u00e7\u00e3o da taxa global.<\/span><\/td>\n<td width=\"87\"><span style=\"color: #0000ff;\">\u00a0<\/span><\/td>\n<\/tr>\n<\/tbody>\n<\/table>\n<p style=\"text-align: justify;\"><span style=\"color: #0000ff;\">Doze estados apresentaram recuo no volume de vendas<\/span><\/p>\n<p style=\"text-align: justify;\"><span style=\"color: #0000ff;\">Na passagem de abril para maio de 2017, o decr\u00e9scimo (-0,1%) apresentado no volume de vendas nacionais alcan\u00e7ou 14 das 27 Unidades da Federa\u00e7\u00e3o com destaque, em termos de magnitude de taxa, para Amap\u00e1 (-3,7%); Sergipe (-3,1%); Santa Catarina (-2,7%). Por outro lado, 12 das 27 Unidades da Federa\u00e7\u00e3o mostraram crescimento com as maiores taxas vindo de Distrito Federal (2,7%); Goi\u00e1s (2,5%) e Tocantins (2,4%). Alagoas (0,0%) registrou estabilidade frente a abril de 2017.<\/span><\/p>\n<p style=\"text-align: justify;\"><span style=\"color: #0000ff;\">Frente a maio de 2016, o crescimento do volume de vendas no varejo nacional (2,4%) alcan\u00e7ou 20 dos 27 Unidades da Federa\u00e7\u00e3o, com destaque, em termos de magnitude de taxa, para Santa Catarina (11,6%) e Alagoas (9,3%). Nesse mesmo confronto, os maiores recuos no volume de vendas foram registrados em: Sergipe (-9,6%) e Goi\u00e1s (-6,2%), conforme mostra o Gr\u00e1fico 6.\u00a0 Quanto \u00e0 participa\u00e7\u00e3o na composi\u00e7\u00e3o da taxa do com\u00e9rcio varejista, destacaram-se, pela ordem: S\u00e3o Paulo (1,8%), Santa Catarina (11,6%) e Minas Gerais (5,1%).<\/span><\/p>\n<p style=\"text-align: justify;\"><span style=\"color: #0000ff;\">Em rela\u00e7\u00e3o ao\u00a0com\u00e9rcio varejista ampliado, 22 das 27 Unidades da Federa\u00e7\u00e3o registraram resultados positivos, em termos de volume de vendas, na compara\u00e7\u00e3o com maio de 2016, destacando-se, com as taxas mais elevadas, Esp\u00edrito Santo (14,9%) e Amazonas (13,7%), conforme Gr\u00e1fico 7. Quanto \u00e0s maiores participa\u00e7\u00f5es positivas na composi\u00e7\u00e3o da taxa do com\u00e9rcio varejista ampliado, figuram S\u00e3o Paulo (2,9%); Rio Grande do Sul (12,3%); Santa Catarina (12,9%); e Rio de Janeiro (5,9%).<\/span><\/p>\n<p style=\"text-align: center;\"><span style=\"color: #0000ff;\">\u00a0<\/span><\/p>\n<p style=\"text-align: center;\"><span style=\"color: #ff0000;\">Arquivos oficiais do governo est\u00e3o dispon\u00edveis aos leitores.<\/span><\/p>\n<p style=\"text-align: justify;\"><span style=\"color: #0000ff;\">Ricardo Bergamini<br \/>\n<\/span><span style=\"color: #0000ff;\"><a href=\"tel:%2848%29%2099636-7322\">(48) 99636-7322<br \/>\n<\/a><\/span><span style=\"color: #0000ff;\"><a href=\"tel:%2848%29%2099976-6974\">(48) 99976-6974<br \/>\n<\/a><\/span><span style=\"color: #0000ff;\"><u><a href=\"mailto:ricardobergamini@ricardobergamini.com.br\" target=\"_blank\" rel=\"noopener\">ricardobergamini@ricardobergamini.com.br<br \/>\n<\/a><\/u><\/span><span style=\"color: #0000ff;\"><u><a href=\"http:\/\/www.ricardobergamini.com.br\/\" target=\"_blank\" rel=\"noopener\" data-saferedirecturl=\"https:\/\/www.google.com\/url?hl=pt-BR&amp;q=http:\/\/www.ricardobergamini.com.br\/&amp;source=gmail&amp;ust=1499984802208000&amp;usg=AFQjCNH7yrsxieeAHd4erVaomBjLTgC4Dg\">www.ricardobergamini.com.br<\/a><\/u><\/span><\/p>\n","protected":false},"excerpt":{"rendered":"<p>Vendas do varejo registraram varia\u00e7\u00e3o de -0,1% em maio Na compara\u00e7\u00e3o com maio de 2016, varejo cresce 2,4% Per\u00edodo Varejo Varejo Ampliado Volume de vendas&#8230;<\/p>\n","protected":false},"author":18,"featured_media":1790,"comment_status":"open","ping_status":"open","sticky":false,"template":"","format":"standard","meta":[],"categories":[10],"tags":[],"_links":{"self":[{"href":"http:\/\/acaopolitica.com\/index.php\/wp-json\/wp\/v2\/posts\/1789"}],"collection":[{"href":"http:\/\/acaopolitica.com\/index.php\/wp-json\/wp\/v2\/posts"}],"about":[{"href":"http:\/\/acaopolitica.com\/index.php\/wp-json\/wp\/v2\/types\/post"}],"author":[{"embeddable":true,"href":"http:\/\/acaopolitica.com\/index.php\/wp-json\/wp\/v2\/users\/18"}],"replies":[{"embeddable":true,"href":"http:\/\/acaopolitica.com\/index.php\/wp-json\/wp\/v2\/comments?post=1789"}],"version-history":[{"count":2,"href":"http:\/\/acaopolitica.com\/index.php\/wp-json\/wp\/v2\/posts\/1789\/revisions"}],"predecessor-version":[{"id":1792,"href":"http:\/\/acaopolitica.com\/index.php\/wp-json\/wp\/v2\/posts\/1789\/revisions\/1792"}],"wp:featuredmedia":[{"embeddable":true,"href":"http:\/\/acaopolitica.com\/index.php\/wp-json\/wp\/v2\/media\/1790"}],"wp:attachment":[{"href":"http:\/\/acaopolitica.com\/index.php\/wp-json\/wp\/v2\/media?parent=1789"}],"wp:term":[{"taxonomy":"category","embeddable":true,"href":"http:\/\/acaopolitica.com\/index.php\/wp-json\/wp\/v2\/categories?post=1789"},{"taxonomy":"post_tag","embeddable":true,"href":"http:\/\/acaopolitica.com\/index.php\/wp-json\/wp\/v2\/tags?post=1789"}],"curies":[{"name":"wp","href":"https:\/\/api.w.org\/{rel}","templated":true}]}}