{"id":1816,"date":"2017-07-15T18:15:52","date_gmt":"2017-07-15T18:15:52","guid":{"rendered":"http:\/\/acaopolitica.com\/?p=1816"},"modified":"2017-07-15T18:17:21","modified_gmt":"2017-07-15T18:17:21","slug":"o-capitalismo-de-estado-chegou-ao-fim-onde-esta-o-projeto-liberal","status":"publish","type":"post","link":"http:\/\/acaopolitica.com\/index.php\/2017\/07\/15\/o-capitalismo-de-estado-chegou-ao-fim-onde-esta-o-projeto-liberal\/","title":{"rendered":"O Capitalismo de estado  chegou ao fim. Onde est\u00e1 o projeto liberal?"},"content":{"rendered":"<p style=\"text-align: justify;\"><span style=\"color: #0000ff;\">Por Claudir Franciatto, publicado pelo\u00a0<a href=\"https:\/\/www.institutoliberal.org.br\/blog\/economia\/o-capitalismo-de-estado-chegou-o-fim-onde-esta-o-projeto-liberal\/\" data-saferedirecturl=\"https:\/\/www.google.com\/url?hl=pt-BR&amp;q=https:\/\/www.institutoliberal.org.br\/blog\/economia\/o-capitalismo-de-estado-chegou-o-fim-onde-esta-o-projeto-liberal\/&amp;source=gmail&amp;ust=1500227321896000&amp;usg=AFQjCNEN04f7bPr-ySVqN7sxENLAuRXwCA\">Instituto Liberal<\/a><a href=\"https:\/\/www.institutoliberal.org.br\/blog\/economia\/o-capitalismo-de-estado-chegou-o-fim-onde-esta-o-projeto-liberal\/\" data-saferedirecturl=\"https:\/\/www.google.com\/url?hl=pt-BR&amp;q=https:\/\/www.institutoliberal.org.br\/blog\/economia\/o-capitalismo-de-estado-chegou-o-fim-onde-esta-o-projeto-liberal\/&amp;source=gmail&amp;ust=1500227321896000&amp;usg=AFQjCNEN04f7bPr-ySVqN7sxENLAuRXwCA\">\u00a0 15 de julho de 2017<\/a><\/span><i><\/i><strong><em><a href=\"https:\/\/www.institutoliberal.org.br\/blog\/economia\/o-capitalismo-de-estado-chegou-o-fim-onde-esta-o-projeto-liberal\/\" data-saferedirecturl=\"https:\/\/www.google.com\/url?hl=pt-BR&amp;q=https:\/\/www.institutoliberal.org.br\/blog\/economia\/o-capitalismo-de-estado-chegou-o-fim-onde-esta-o-projeto-liberal\/&amp;source=gmail&amp;ust=1500227321896000&amp;usg=AFQjCNEN04f7bPr-ySVqN7sxENLAuRXwCA\"><b><i><\/i><\/b><\/a><\/em><\/strong><\/p>\n<p style=\"text-align: justify;\"><span style=\"color: #ff0000;\">Prezados Senhores<\/span><\/p>\n<p style=\"text-align: justify;\"><span style=\"color: #ff0000;\">Que lucidez o artigo de hoje do mestre Claudir Franciatto que sai daquela mesmice de comparar seres cretinos iguais (Sarney, Collor, Itamar Franco, FHC, Lula, Dilma e Temer) como se fossem diferentes. Infelizmente essa disputa virou um campeonato de futebol com as suas barb\u00e1ries, agress\u00f5es e viol\u00eancias.<\/span><\/p>\n<p style=\"text-align: justify;\"><span style=\"color: #ff0000;\">Em resumo o mestre est\u00e1 mostrando que chegou ao fim a fase de culpar apenas a esquerda como \u00fanica respons\u00e1vel pela trag\u00e9dia brasileira. Esse modelo de capitalismo de estado defendido pelo presidente do BNDES (Paulo Rabello de Castro) acabou. A partir de agora, n\u00f3s liberais, temos que pregar o fora cr\u00e9dito direcionado (BNDES, CAIXA, BB) fonte prim\u00e1ria da corrup\u00e7\u00e3o brasileira e n\u00e3o dizer que vai incentivar a amplia\u00e7\u00e3o desse cr\u00e9dito imoral no Brasil como pregou o presidente do BNDES.<\/span><\/p>\n<p style=\"text-align: justify;\"><span style=\"color: #ff0000;\">Cabe agora aos liberais se manifestarem sobre o t\u00edtulo do magistral artigo do mestre Claudir ou continuarem culpando a esquerda pelo nosso fracasso como liberais.<\/span><\/p>\n<p style=\"text-align: justify;\"><span style=\"color: #ff0000;\">Confesso que invejo a ousadia dos canalhas da esquerda.<\/span><\/p>\n<p style=\"text-align: justify;\"><span style=\"color: #0000ff;\">\u201cO respeito ao criador da riqueza \u00e9 o come\u00e7o do fim da pobreza.\u201d (Roberto Campos).\u00a0<\/span><\/p>\n<p style=\"text-align: justify;\"><span style=\"color: #0000ff;\">Vou falar com franqueza, a partir de um artigo publicado na segunda-feira, dia 10 de julho de 2017, na \u00faltima p\u00e1gina da Ilustrada\/Folha de S. Paulo, espa\u00e7o cativo de Luiz Felipe Pond\u00e9, o l\u00facido e brilhante Pond\u00e9, a quem respeito profundamente. Tudo que est\u00e1 ali \u00e9 perfumaria. Estar\u00edamos, segundo sua an\u00e1lise, na imin\u00eancia de cairmos num tipo de populismo de direita ou de esquerda no nosso \u201c2018 de Brum\u00e1rio\u201d. Outros falam da queda de Temer, da conveni\u00eancia ou n\u00e3o de que ele fique para aprova\u00e7\u00e3o das reformas, etc.. N\u00e3o se tem abordado outra coisa no Brasil p\u00f3s-Lava-jato que n\u00e3o seja superficialidade.<\/span><\/p>\n<p style=\"text-align: justify;\"><span style=\"color: #0000ff;\">Tomo a tese do fil\u00f3sofo Pond\u00e9 apenas\u00a0en passant\u00a0como ponto de partida e pode parecer soberba intelectual, mas n\u00e3o \u00e9. A Lava Jato desnudou de forma brutal o sistema adotado no Brasil h\u00e1 muitos anos. Exp\u00f4s nossas v\u00edsceras com seus c\u00e2nceres de modo a n\u00e3o deixar um s\u00f3 resqu\u00edcio de d\u00favida. O capitalismo de Estado, com sua forma macuna\u00edmica de driblar o futuro com in\u00fameros\u00a0jeitinhos chegou ao fim. A promiscuidade entre governos e empresariado \u00e9 o que, com mais riqueza de detalhes, veio \u00e0 tona na mir\u00edade de den\u00fancias das opera\u00e7\u00f5es lavajatianas e tratou-se disso como se fossem apenas novas ocorr\u00eancias pol\u00edtico-policiais.<\/span><\/p>\n<p style=\"text-align: justify;\"><span style=\"color: #0000ff;\">Mas, vejam: isso \u00e9 grav\u00edssimo! Isso vem de longe! \u00c9 o que vem inviabilizando o pa\u00eds. Se n\u00e3o debatermos o problema do capitalismo de Estado agora, j\u00e1, com seriedade, o momento vai passar. Recentemente, Rodrigo Constantino abordou, em um de seus sempre oportunos artigos, a quest\u00e3o de George Soros\u00a0e da Funda\u00e7\u00e3o Ford financiarem projetos de esquerda. E concluiu em sua an\u00e1lise que, o objetivo final dessas aparentemente bizarras opera\u00e7\u00f5es \u00e9 desfrutar do capitalismo de Estado de alguma forma. Esse \u00e9 o cancro. Porque o capitalismo s\u00f3 pode de duas formas: saud\u00e1vel, quando se desenvolve com base na livre iniciativa e seus mercados, ou geneticamente doentio, quando tem em suas ra\u00edzes o desenvolvimento via condu\u00e7\u00e3o do Estado. N\u00e3o h\u00e1 terceira via. N\u00e3o h\u00e1 terceira margem do rio. Ou h\u00e1 gera\u00e7\u00e3o de riquezas com empregos e oportunidades para todos, ou a ilus\u00e3o dos direitos sociais garantidos \u2013 at\u00e9 acabar o dinheiro e surgir o desemprego e o desalento.<\/span><\/p>\n<p style=\"text-align: justify;\"><span style=\"color: #0000ff;\">N\u00e3o adianta mais falar em \u201ctetas\u201d<\/span><\/p>\n<p style=\"text-align: justify;\"><span style=\"color: #0000ff;\">Lembro-me de quando, ao ler\u00a0O Anjo Pornogr\u00e1fico, a monumental biografia de Nelson Rodrigues realizada por Ruy Castro, chamou-me a aten\u00e7\u00e3o a amizade de M\u00e1rio Filho, irm\u00e3o do genial teatr\u00f3logo, com o presidente Get\u00falio Vargas. Quando seguiam juntos para o est\u00e1dio de futebol, nas tribunas, n\u00e3o era M\u00e1rio quem se sentia orgulhoso de estar ao lado da autoridade m\u00e1xima do pa\u00eds, mas sim Get\u00falio que se gabava de gozar da companhia do mais afamado empreendedor do Rio de Janeiro daqueles anos 1940\/1950. M\u00e1rio Filho entrava no gabinete de Get\u00falio como se estivesse em seu pr\u00f3prio escrit\u00f3rio.<\/span><\/p>\n<p style=\"text-align: justify;\"><span style=\"color: #0000ff;\">Poderia ter mantido uma rela\u00e7\u00e3o prom\u00edscua, mas parece que n\u00e3o o fez. Na constru\u00e7\u00e3o do Maracan\u00e3, est\u00e1dio que levou o seu nome, poderia ter atuado de forma a encarecer a obra 10 ou 20 vezes, mas parece que n\u00e3o o fez. Pelo menos Ruy Castro n\u00e3o menciona nada nem nunca li nada a respeito. Mas ser\u00e1 que n\u00e3o poderia? Claro que era poss\u00edvel, pois o empreendimento era do Estado e ele tinha acesso a tudo no governo. Esse \u00e9 o problema.<\/span><\/p>\n<p style=\"text-align: justify;\"><span style=\"color: #0000ff;\">Essa \u00e9 a quest\u00e3o. Se n\u00e3o houvesse Petrobr\u00e1s, Eletrobras, BNDES, etc.. ser\u00e1 que haveria Lava-jato? S\u00f3 que, apesar de tudo isso, o pa\u00eds continua debatendo nomes, tipos de populismos, tipos de democracias, mais \u00e0 direita ou mais \u00e0 esquerda.\u00a0 Mas o pa\u00eds est\u00e1 mortalmente falido. O capitalismo de Estado esgotou suas possibilidades de empurrar o futuro sombrio com a barriga.<\/span><\/p>\n<p style=\"text-align: justify;\"><span style=\"color: #0000ff;\">A coisa \u00e9 mesmo muito grave! \u00c9 muito s\u00e9ria! Aquilo que come\u00e7ou l\u00e1 com D. Jo\u00e3o VI e as sesmarias n\u00e3o tem mais como continuar simplesmente porque o mundo mudou a favor do capitalismo liberal. Mas os liberais continuam falando das flores.<\/span><\/p>\n<p style=\"text-align: justify;\"><span style=\"color: #0000ff;\">Com a globaliza\u00e7\u00e3o tecnol\u00f3gica do capital internacional, n\u00e3o h\u00e1 mais espa\u00e7o para os buracos negros da infla\u00e7\u00e3o e da corrup\u00e7\u00e3o. Ou seja, tudo o que brota principalmente do capitalismo de Estado. Em qualquer lugar do mundo. Acabou! Precisamos gerar riquezas em todos os rinc\u00f5es do planeta. \u00c9 disso que se trata.<\/span><\/p>\n<p style=\"text-align: justify;\"><span style=\"color: #0000ff;\">Claudir Franciatto \u00e9 jornalista e escritor. Autor de 11 livros, entre eles obras sobre o Liberalismo, tais como \u201cA Fa\u00e7anha da Liberdade\u201d e \u201cO Desafio da Liberdade\u201d.<\/span><\/p>\n<p style=\"text-align: justify;\"><span style=\"color: #0000ff;\">Ricardo Bergamini<br \/>\n<\/span><span style=\"color: #0000ff;\"><a href=\"tel:%2848%29%2099636-7322\">(48) 99636-7322<br \/>\n<\/a><\/span><span style=\"color: #0000ff;\"><a href=\"tel:%2848%29%2099976-6974\">(48) 99976-6974<br \/>\n<\/a><\/span><span style=\"color: #0000ff;\"><a href=\"mailto:ricardobergamini@ricardobergamini.com.br\">ricardobergamini@ricardobergamini.com.br<br \/>\n<\/a><\/span><span style=\"color: #0000ff;\"><a href=\"http:\/\/www.ricardobergamini.com.br\/\" data-saferedirecturl=\"https:\/\/www.google.com\/url?hl=pt-BR&amp;q=http:\/\/www.ricardobergamini.com.br\/&amp;source=gmail&amp;ust=1500227321897000&amp;usg=AFQjCNFUf2kzpso_rEAE_4EvLWfVwH7vPw\">www.ricardobergamini.com.br<\/a><\/span><\/p>\n<p>&nbsp;<\/p>\n<p>&nbsp;<\/p>\n","protected":false},"excerpt":{"rendered":"<p>Por Claudir Franciatto, publicado pelo\u00a0Instituto Liberal\u00a0 15 de julho de 2017 Prezados Senhores Que lucidez o artigo de hoje do mestre Claudir Franciatto que sai&#8230;<\/p>\n","protected":false},"author":18,"featured_media":1817,"comment_status":"open","ping_status":"open","sticky":false,"template":"","format":"standard","meta":[],"categories":[2],"tags":[],"_links":{"self":[{"href":"http:\/\/acaopolitica.com\/index.php\/wp-json\/wp\/v2\/posts\/1816"}],"collection":[{"href":"http:\/\/acaopolitica.com\/index.php\/wp-json\/wp\/v2\/posts"}],"about":[{"href":"http:\/\/acaopolitica.com\/index.php\/wp-json\/wp\/v2\/types\/post"}],"author":[{"embeddable":true,"href":"http:\/\/acaopolitica.com\/index.php\/wp-json\/wp\/v2\/users\/18"}],"replies":[{"embeddable":true,"href":"http:\/\/acaopolitica.com\/index.php\/wp-json\/wp\/v2\/comments?post=1816"}],"version-history":[{"count":1,"href":"http:\/\/acaopolitica.com\/index.php\/wp-json\/wp\/v2\/posts\/1816\/revisions"}],"predecessor-version":[{"id":1818,"href":"http:\/\/acaopolitica.com\/index.php\/wp-json\/wp\/v2\/posts\/1816\/revisions\/1818"}],"wp:featuredmedia":[{"embeddable":true,"href":"http:\/\/acaopolitica.com\/index.php\/wp-json\/wp\/v2\/media\/1817"}],"wp:attachment":[{"href":"http:\/\/acaopolitica.com\/index.php\/wp-json\/wp\/v2\/media?parent=1816"}],"wp:term":[{"taxonomy":"category","embeddable":true,"href":"http:\/\/acaopolitica.com\/index.php\/wp-json\/wp\/v2\/categories?post=1816"},{"taxonomy":"post_tag","embeddable":true,"href":"http:\/\/acaopolitica.com\/index.php\/wp-json\/wp\/v2\/tags?post=1816"}],"curies":[{"name":"wp","href":"https:\/\/api.w.org\/{rel}","templated":true}]}}