{"id":1820,"date":"2017-07-16T13:14:39","date_gmt":"2017-07-16T13:14:39","guid":{"rendered":"http:\/\/acaopolitica.com\/?p=1820"},"modified":"2017-07-16T13:14:39","modified_gmt":"2017-07-16T13:14:39","slug":"ivl-convidado-para-o-i-forum-nacional-a-direita-e-o-conservadorismo-no-brasil","status":"publish","type":"post","link":"http:\/\/acaopolitica.com\/index.php\/2017\/07\/16\/ivl-convidado-para-o-i-forum-nacional-a-direita-e-o-conservadorismo-no-brasil\/","title":{"rendered":"IVL convidado para o I F\u00f3rum Nacional &#8211; A direita e o conservadorismo no Brasil"},"content":{"rendered":"<p style=\"text-align: justify;\">No dia 29 de julho de 2017 haver\u00e1 em S\u00e3o Paulo, o <strong>I F\u00f3rum Nacional &#8211; A direita e o conservadorismo no Brasil<\/strong>. O IVL participar\u00e1 como um dos convidados neste evento que congrega as mais importantes lideran\u00e7as da direita no pa\u00eds.<\/p>\n<p style=\"text-align: justify;\">Os organizadores defendem a necessidade de uni\u00e3o entre os defensores de uma ideologia de direita. O evento, organizado pela Funda\u00e7\u00e3o Presidente J\u00e2nio Quadros, pretende reunir palestrantes como o fil\u00f3sofo Luiz Felipe Pond\u00e9, <strong>Olavo de Carvalho<\/strong>, Felipe Moura Brasil, Felipe Orl\u00e9ans e Bragan\u00e7a, entre outros. O deputado Jair Bolsonaro tamb\u00e9m foi convidado. Entre os temas a serem tratados, est\u00e3o armamento, urnas eletr\u00f4nicas, processo eleitoral e fam\u00edlia.<\/p>\n<p style=\"text-align: justify;\">O IVL participar\u00e1 com cinco convidados e compartilhou alguns dos convites com a entidade Brasileiros de Bem, tamb\u00e9m com sede em Blumenau-SC.<\/p>\n<p style=\"text-align: justify;\">O IVL levar\u00e1 at\u00e9 este evento seu conhecimento e sua capacidade de a\u00e7\u00e3o levando em conta a realidade da guerra pol\u00edtica e cultural que enfrentamos.<\/p>\n<p>&nbsp;<\/p>\n","protected":false},"excerpt":{"rendered":"<p>No dia 29 de julho de 2017 haver\u00e1 em S\u00e3o Paulo, o I F\u00f3rum Nacional &#8211; A direita e o conservadorismo no Brasil. O IVL&#8230;<\/p>\n","protected":false},"author":2,"featured_media":1821,"comment_status":"open","ping_status":"open","sticky":false,"template":"","format":"standard","meta":[],"categories":[11,2],"tags":[],"_links":{"self":[{"href":"http:\/\/acaopolitica.com\/index.php\/wp-json\/wp\/v2\/posts\/1820"}],"collection":[{"href":"http:\/\/acaopolitica.com\/index.php\/wp-json\/wp\/v2\/posts"}],"about":[{"href":"http:\/\/acaopolitica.com\/index.php\/wp-json\/wp\/v2\/types\/post"}],"author":[{"embeddable":true,"href":"http:\/\/acaopolitica.com\/index.php\/wp-json\/wp\/v2\/users\/2"}],"replies":[{"embeddable":true,"href":"http:\/\/acaopolitica.com\/index.php\/wp-json\/wp\/v2\/comments?post=1820"}],"version-history":[{"count":1,"href":"http:\/\/acaopolitica.com\/index.php\/wp-json\/wp\/v2\/posts\/1820\/revisions"}],"predecessor-version":[{"id":1822,"href":"http:\/\/acaopolitica.com\/index.php\/wp-json\/wp\/v2\/posts\/1820\/revisions\/1822"}],"wp:featuredmedia":[{"embeddable":true,"href":"http:\/\/acaopolitica.com\/index.php\/wp-json\/wp\/v2\/media\/1821"}],"wp:attachment":[{"href":"http:\/\/acaopolitica.com\/index.php\/wp-json\/wp\/v2\/media?parent=1820"}],"wp:term":[{"taxonomy":"category","embeddable":true,"href":"http:\/\/acaopolitica.com\/index.php\/wp-json\/wp\/v2\/categories?post=1820"},{"taxonomy":"post_tag","embeddable":true,"href":"http:\/\/acaopolitica.com\/index.php\/wp-json\/wp\/v2\/tags?post=1820"}],"curies":[{"name":"wp","href":"https:\/\/api.w.org\/{rel}","templated":true}]}}