{"id":1824,"date":"2017-07-17T23:59:42","date_gmt":"2017-07-17T23:59:42","guid":{"rendered":"http:\/\/acaopolitica.com\/?p=1824"},"modified":"2017-07-18T00:16:06","modified_gmt":"2017-07-18T00:16:06","slug":"historiador-marco-antonio-villa-rebate-presidente-do-bndes-e-defende-banco-merece-uma-auditoria-externa","status":"publish","type":"post","link":"http:\/\/acaopolitica.com\/index.php\/2017\/07\/17\/historiador-marco-antonio-villa-rebate-presidente-do-bndes-e-defende-banco-merece-uma-auditoria-externa\/","title":{"rendered":"Historiador Marco Antonio Villa rebate presidente do BNDES e defende: Banco merece uma auditoria externa"},"content":{"rendered":"<p style=\"text-align: justify;\"><span style=\"color: #0000ff;\">\u00a0<a href=\"http:\/\/rodrigoconstantino.com\/\" data-saferedirecturl=\"https:\/\/www.google.com\/url?hl=pt-BR&amp;q=http:\/\/rodrigoconstantino.com\/&amp;source=gmail&amp;ust=1500390987766000&amp;usg=AFQjCNHLtAS-6nJuh4_mYXW1voxofsG9KA\">RODRIGO CONSTANTINO<\/a><\/span><\/p>\n<p style=\"text-align: justify;\"><span style=\"color: #0000ff;\">Um blog de um liberal sem medo de pol\u00eamica ou da patrulha da esquerda \u201cpoliticamente correta\u201d.<\/span><\/p>\n<p style=\"text-align: justify;\"><span style=\"color: #0000ff;\">15 de julho de 2017<\/span><\/p>\n<p style=\"text-align: justify;\"><span style=\"color: #0000ff;\">O historiador Marco Antonio Villa, apresentador da Jovem Pan, rebateu o presidente do BNDES, Paulo Rabello de Castro, ap\u00f3s ter acesso ao \u201cLivro Verde\u201d produzido pelo banco, para \u201cjustificar\u201d sua pol\u00edtica de \u201csele\u00e7\u00e3o de campe\u00f5es nacionais\u201d durante a gest\u00e3o petista. Que um economista liberal, doutor em Chicago, preste-se a esse papel \u00e9 realmente algo lament\u00e1vel, que s\u00f3 pode decepcionar a todos envolvidos no movimento liberal brasileiro. Vejam:<\/span><\/p>\n<p style=\"text-align: justify;\"><span style=\"color: #0000ff;\">Hoje mesmo, no jornal O GLOBO, h\u00e1 uma\u00a0<a href=\"https:\/\/oglobo.globo.com\/economia\/jbs-respondeu-por-38-do-apoio-do-bndes-ao-setor-de-carnes-entre-2005-2016-21591278?loginPiano=true\" data-saferedirecturl=\"https:\/\/www.google.com\/url?hl=pt-BR&amp;q=https:\/\/oglobo.globo.com\/economia\/jbs-respondeu-por-38-do-apoio-do-bndes-ao-setor-de-carnes-entre-2005-2016-21591278?loginPiano%3Dtrue&amp;source=gmail&amp;ust=1500390987766000&amp;usg=AFQjCNEL4th0_9E87oxdasILusotGLexjQ\">reportagem<\/a>\u00a0com base no mesmo \u201cLivro Verde\u201d que mostra como \u00e9 poss\u00edvel contar mentiras com meias verdades, como fez Paulo durante a entrevista na Jovem Pan. Ao afirmar que a JBS n\u00e3o foi t\u00e3o expressiva no total de empr\u00e9stimos do banco nos \u00faltimos 5 anos, o atual presidente ignorou a folgada lideran\u00e7a da empresa\u00a0dentro do seu setor, ou seja, na sele\u00e7\u00e3o do \u201ccampe\u00e3o nacional\u201d no setor de frigor\u00edficos, est\u00e1 claro que o grupo dos irm\u00e3os Joesley e Wesley Batista tiveram grandes vantagens:<\/span><\/p>\n<p style=\"text-align: justify;\"><span style=\"color: #0000ff;\">Alvo de investiga\u00e7\u00f5es da Pol\u00edcia Federal e do Tribunal de Contas da Uni\u00e3o, o BNDES apresentou nesta ter\u00e7a-feira seu \u201cLivro verde: nossa hist\u00f3ria como ela \u00e9\u201d, uma compila\u00e7\u00e3o de dados e explica\u00e7\u00f5es sobre a atua\u00e7\u00e3o do banco, com foco no per\u00edodo de 2001 a 2016. A vers\u00e3o preliminar do livro mostra que a JBS, dos irm\u00e3os Wesley Joesley Batista, abocanhou a maior fatia do apoio financeiro do banco ao setor de carnes. Dos R$ 31,2 bilh\u00f5es desembolsados pelo BNDES para os frigor\u00edficos entre os anos 2005 e 2016, a empresa ficou com 38% do total, considerando tamb\u00e9m o Bertin, que se fundiu \u00e0 JBS. O grupo BRF ficou com 16%, seguido pela Marfrig\/Seara, com 14%. A Seara foi comprada pela JBS do Marfrig em 2013.<\/span><\/p>\n<p style=\"text-align: justify;\"><span style=\"color: #0000ff;\">Outra coisa injustific\u00e1vel, al\u00e9m do uso do BNDES para o projeto criminoso de poder do PT, \u00e9 sua enorme concentra\u00e7\u00e3o em grandes grupos, inclusive estatais, que n\u00e3o precisariam do BNDES para obter financiamento. Quando usam este canal, isso implica em juros maiores para o restante da economia, e Paulo Rabello de Castro n\u00e3o tem como fingir desconhecer esse conceito t\u00e3o b\u00e1sico de economia. Vejam os maiores beneficiados com os subs\u00eddios do\u00a0\u00a0\u00a0 banco: <\/span><\/p>\n<p><a href=\"http:\/\/acaopolitica.com\/wp-content\/uploads\/2017\/07\/image0011-1.png\"><img loading=\"lazy\" class=\"alignnone size-full wp-image-1828\" src=\"http:\/\/acaopolitica.com\/wp-content\/uploads\/2017\/07\/image0011-1.png\" alt=\"\" width=\"822\" height=\"880\" srcset=\"http:\/\/acaopolitica.com\/wp-content\/uploads\/2017\/07\/image0011-1.png 822w, http:\/\/acaopolitica.com\/wp-content\/uploads\/2017\/07\/image0011-1-280x300.png 280w, http:\/\/acaopolitica.com\/wp-content\/uploads\/2017\/07\/image0011-1-768x822.png 768w\" sizes=\"(max-width: 822px) 100vw, 822px\" \/><\/a><\/p>\n<p style=\"text-align: justify;\"><span style=\"color: #0000ff;\">\u00a0\u00a0\u00a0\u00a0\u00a0\u00a0Fonte: BNDES\/GLOBO<\/span><\/p>\n<p style=\"text-align: justify;\"><span style=\"color: #0000ff;\">O BNDES est\u00e1 fomentando o desenvolvimento nacional ou irrigando os cofres dos grandes grupos e das estatais com o dinheiro suado dos trabalhadores? Para quem ainda tem d\u00favidas da estranha concentra\u00e7\u00e3o nos grandes grupos, seria bom comparar com o perfil de clientes de um dos maiores bancos privados do pa\u00eds, o Bradesco:<\/span><\/p>\n<p><a href=\"http:\/\/acaopolitica.com\/wp-content\/uploads\/2017\/07\/image002-1.png\"><img loading=\"lazy\" class=\"alignnone size-large wp-image-1829\" src=\"http:\/\/acaopolitica.com\/wp-content\/uploads\/2017\/07\/image002-1-1030x468.png\" alt=\"\" width=\"610\" height=\"277\" srcset=\"http:\/\/acaopolitica.com\/wp-content\/uploads\/2017\/07\/image002-1-1030x468.png 1030w, http:\/\/acaopolitica.com\/wp-content\/uploads\/2017\/07\/image002-1-300x136.png 300w, http:\/\/acaopolitica.com\/wp-content\/uploads\/2017\/07\/image002-1-768x349.png 768w, http:\/\/acaopolitica.com\/wp-content\/uploads\/2017\/07\/image002-1.png 1202w\" sizes=\"(max-width: 610px) 100vw, 610px\" \/><\/a><\/p>\n<p style=\"text-align: justify;\"><span style=\"color: #0000ff;\">N\u00e3o d\u00e1, portanto, para ficar defendendo a pol\u00edtica do BNDES. Que um suposto liberal o fa\u00e7a \u00e9 algo ainda pior, inadmiss\u00edvel. Alguns podem argumentar que ao menos \u00e9 melhor ter algu\u00e9m com esse perfil no comando, em vez de um desenvolvimentista como Luciano Coutinho. Pode at\u00e9 ser. N\u00e3o sou um xiita completamente contr\u00e1rio ao pragmatismo.<\/span><\/p>\n<p style=\"text-align: justify;\"><span style=\"color: #0000ff;\">Mas h\u00e1 dois problemas graves que vejo aqui: 1. N\u00e3o tenho notado muita diferen\u00e7a, ao menos nos discursos, entre um e outro; 2. Quando um economista associado ao liberalismo faz esses discursos, isso \u00e9 terr\u00edvel para a imagem do liberalismo. Por isso tenho sido duro com Paulo, apesar do respeito que tenho (ou tinha) por ele, da mesma forma que fui com Afif Domingos, quando achou que poderia mudar alguma coisa dentro do governo Dilma, em vez de s\u00f3 emprestar alguma credibilidade para uma m\u00e1fia que destruiu o Brasil.<\/span><\/p>\n<p style=\"text-align: justify;\"><span style=\"color: #0000ff;\">Paulo Rabello de Castro, pelo visto, n\u00e3o vai mudar o BNDES; \u00e9 o BNDES que j\u00e1 o mudou, e para muito pior! Aquele que escreveu\u00a0O mito do governo gr\u00e1tis\u00a0n\u00e3o \u00e9 mais o mesmo, e agora parece crer no mito que denunciou. Uma pena\u2026<\/span><\/p>\n<p style=\"text-align: justify;\"><span style=\"color: #0000ff;\">Rodrigo Constantino<\/span><\/p>\n<p style=\"text-align: justify;\"><span style=\"color: #0000ff;\">Ricardo Bergamini<\/span><br \/>\n<span style=\"color: #0000ff;\"><a href=\"tel:%2848%29%2099636-7322\">(48) 99636-7322<br \/>\n<\/a><a href=\"tel:%2848%29%2099976-6974\">(48) 99976-6974<br \/>\n<\/a><a href=\"mailto:ricardobergamini@ricardobergamini.com.br\" target=\"_blank\" rel=\"noopener\">ricardobergamini@ricardobergamini.com.br<br \/>\n<\/a><a href=\"http:\/\/www.ricardobergamini.com.br\/\" target=\"_blank\" rel=\"noopener\" data-saferedirecturl=\"https:\/\/www.google.com\/url?hl=pt-BR&amp;q=http:\/\/www.ricardobergamini.com.br\/&amp;source=gmail&amp;ust=1500390987767000&amp;usg=AFQjCNHdt9xCiMgeP7FaROBza7zlv_RuuA\">www.ricardobergamini.com.br<\/a><\/span><\/p>\n","protected":false},"excerpt":{"rendered":"<p>\u00a0RODRIGO CONSTANTINO Um blog de um liberal sem medo de pol\u00eamica ou da patrulha da esquerda \u201cpoliticamente correta\u201d. 15 de julho de 2017 O historiador&#8230;<\/p>\n","protected":false},"author":18,"featured_media":1830,"comment_status":"open","ping_status":"open","sticky":false,"template":"","format":"standard","meta":[],"categories":[10],"tags":[],"_links":{"self":[{"href":"http:\/\/acaopolitica.com\/index.php\/wp-json\/wp\/v2\/posts\/1824"}],"collection":[{"href":"http:\/\/acaopolitica.com\/index.php\/wp-json\/wp\/v2\/posts"}],"about":[{"href":"http:\/\/acaopolitica.com\/index.php\/wp-json\/wp\/v2\/types\/post"}],"author":[{"embeddable":true,"href":"http:\/\/acaopolitica.com\/index.php\/wp-json\/wp\/v2\/users\/18"}],"replies":[{"embeddable":true,"href":"http:\/\/acaopolitica.com\/index.php\/wp-json\/wp\/v2\/comments?post=1824"}],"version-history":[{"count":2,"href":"http:\/\/acaopolitica.com\/index.php\/wp-json\/wp\/v2\/posts\/1824\/revisions"}],"predecessor-version":[{"id":1837,"href":"http:\/\/acaopolitica.com\/index.php\/wp-json\/wp\/v2\/posts\/1824\/revisions\/1837"}],"wp:featuredmedia":[{"embeddable":true,"href":"http:\/\/acaopolitica.com\/index.php\/wp-json\/wp\/v2\/media\/1830"}],"wp:attachment":[{"href":"http:\/\/acaopolitica.com\/index.php\/wp-json\/wp\/v2\/media?parent=1824"}],"wp:term":[{"taxonomy":"category","embeddable":true,"href":"http:\/\/acaopolitica.com\/index.php\/wp-json\/wp\/v2\/categories?post=1824"},{"taxonomy":"post_tag","embeddable":true,"href":"http:\/\/acaopolitica.com\/index.php\/wp-json\/wp\/v2\/tags?post=1824"}],"curies":[{"name":"wp","href":"https:\/\/api.w.org\/{rel}","templated":true}]}}