{"id":1838,"date":"2017-07-18T01:36:46","date_gmt":"2017-07-18T01:36:46","guid":{"rendered":"http:\/\/acaopolitica.com\/?p=1838"},"modified":"2017-07-18T01:48:07","modified_gmt":"2017-07-18T01:48:07","slug":"compilacao-das-contribuicoes-no-i-seminario-do-projeto-de-aperfeicoamento-do-sistema-politico-brasileiro","status":"publish","type":"post","link":"http:\/\/acaopolitica.com\/index.php\/2017\/07\/18\/compilacao-das-contribuicoes-no-i-seminario-do-projeto-de-aperfeicoamento-do-sistema-politico-brasileiro\/","title":{"rendered":"Primeira compila\u00e7\u00e3o do I Semin\u00e1rio do Projeto de Aperfei\u00e7oamento do Sistema Pol\u00edtico Brasileiro"},"content":{"rendered":"<p style=\"text-align: justify;\">No dia 29\/04\/2017, o Instituto Verdade e Liberdade promoveu em Blumenau o 1\u00ba Semin\u00e1rio do projeto de aperfei\u00e7oamento do sistema pol\u00edtico nacional. A iniciativa, que visa propor uma profunda reforma pol\u00edtica no Brasil, \u00e9 oriunda da sociedade civil organizada e n\u00e3o possui autores com vincula\u00e7\u00e3o pol\u00edtico-partid\u00e1ria.<\/p>\n<p style=\"text-align: justify;\">Para ter acesso \u00e0s duas partes do semin\u00e1rio, clique em &#8221; <a href=\"http:\/\/acaopolitica.com\/index.php\/2017\/05\/08\/1a-parte-1o-seminario-do-projeto-de-aperfeicoamento-do-sistema-politico-brasileiro\/\" target=\"_blank\" rel=\"noopener\">parte 1<\/a> &#8221; e &#8221; <a href=\"http:\/\/acaopolitica.com\/index.php\/2017\/05\/08\/2a-parte-1o-seminario-do-projeto-de-aperfeicoamento-do-sistema-politico-brasileiro\/\" target=\"_blank\" rel=\"noopener\">parte 2<\/a> &#8220;.<\/p>\n<p style=\"text-align: justify;\">Para os organizadores, uma das grandes valias da realiza\u00e7\u00e3o do evento foi o contato com o p\u00fablico e o conhecimento de cr\u00edticas e sugest\u00f5es. Nesse sentido, foram reduzidas a termo as participa\u00e7\u00f5es do p\u00fablico durante o evento. \u00c0s cr\u00edticas e sugest\u00f5es, foram apresentadas respostas pelos organizadores quanto \u00e0 sua viabilidade de inclus\u00e3o no projeto. A vers\u00e3o atualizada ser\u00e1 compartilhada em breve.<\/p>\n<p style=\"text-align: justify;\">Houve ainda algumas sugest\u00f5es n\u00e3o registradas nos arquivos audiovisuais. Foram os seguintes:<\/p>\n<ul style=\"text-align: justify;\">\n<li><strong>Montante reservado para disp\u00eandio de combust\u00edvel na cota dos parlamentares<\/strong>: a organiza\u00e7\u00e3o aventou o valor m\u00e1ximo de R$ 2.500,00 mensais; o p\u00fablico achou excessivo \u2013 ficou provisoriamente estabelecido o de R$ 1.000,00 mensais no m\u00e1ximo (cr\u00edticas ou sugest\u00f5es em aberto)<\/li>\n<\/ul>\n<ul style=\"text-align: justify;\">\n<li><strong>Institui\u00e7\u00e3o de uma estrutura profissional permanente de consultoria para o parlamento<\/strong>: viria para substituir a cota para contrata\u00e7\u00e3o de consultoria \u2013 a organiza\u00e7\u00e3o aprovou a ideia e tentar\u00e1 viabilizar a incorpora\u00e7\u00e3o no projeto;<\/li>\n<\/ul>\n<ul style=\"text-align: justify;\">\n<li><strong>Estabelecimento de norma para que projetos de iniciativa popular alterados pelo congresso sejam submetidos a referendo popular<\/strong>: a ideia \u00e9 sujeitar ao escrut\u00ednio popular qual dos textos dever\u00e1 valer, isto \u00e9, o original da iniciativa popular ou o alterado pelo congresso nacional \u2013 a organiza\u00e7\u00e3o aprovou a ideia e tentar\u00e1 viabilizar a incorpora\u00e7\u00e3o no projeto;<\/li>\n<\/ul>\n<ul style=\"text-align: justify;\">\n<li><strong>Institui\u00e7\u00e3o de suspens\u00e3o do mandato pol\u00edtico a partir do recebimento de den\u00fancia penal<\/strong>: a organiza\u00e7\u00e3o aprovou a ideia e tentar\u00e1 viabilizar a incorpora\u00e7\u00e3o no projeto \u2013 por\u00e9m, advertido do hist\u00f3rico recente da Lei da Ficha Limpa e da possibilidade de o STF considerar a altera\u00e7\u00e3o inconstitucional, preservando o entendimento de que a suspens\u00e3o de direitos pol\u00edticos como fruto do processo penal s\u00f3 pode ocorrer ap\u00f3s condena\u00e7\u00e3o por \u00f3rg\u00e3o colegiado;<\/li>\n<\/ul>\n<ul style=\"text-align: justify;\">\n<li><strong>Veda\u00e7\u00e3o \u00e0 publicidade estatal<\/strong>: mat\u00e9ria j\u00e1 encampada na concep\u00e7\u00e3o original do projeto;<\/li>\n<\/ul>\n<p style=\"text-align: justify;\">A organiza\u00e7\u00e3o pretende realizar novos eventos do g\u00eanero no futuro, \u00e0 medida do avan\u00e7o dos trabalhos. Fique atento a novidades, acompanhando o site <a href=\"http:\/\/acaopolitica.com\/\" target=\"_blank\" rel=\"noopener\">A\u00e7\u00e3o Pol\u00edtica<\/a>, a fanpage do <a href=\"https:\/\/www.facebook.com\/institutoverdadeeliberdade\/\" target=\"_blank\" rel=\"noopener\">IVL<\/a>, nosso grupos de coordena\u00e7\u00e3o do Whats App e outras m\u00eddias.<\/p>\n<p style=\"text-align: justify;\">E pelos mesmos locais entre em contato para contribuir diretamente com este projeto.<\/p>\n","protected":false},"excerpt":{"rendered":"<p>No dia 29\/04\/2017, o Instituto Verdade e Liberdade promoveu em Blumenau o 1\u00ba Semin\u00e1rio do projeto de aperfei\u00e7oamento do sistema pol\u00edtico nacional. A iniciativa, que&#8230;<\/p>\n","protected":false},"author":23,"featured_media":1465,"comment_status":"open","ping_status":"open","sticky":false,"template":"","format":"standard","meta":[],"categories":[11,2],"tags":[],"_links":{"self":[{"href":"http:\/\/acaopolitica.com\/index.php\/wp-json\/wp\/v2\/posts\/1838"}],"collection":[{"href":"http:\/\/acaopolitica.com\/index.php\/wp-json\/wp\/v2\/posts"}],"about":[{"href":"http:\/\/acaopolitica.com\/index.php\/wp-json\/wp\/v2\/types\/post"}],"author":[{"embeddable":true,"href":"http:\/\/acaopolitica.com\/index.php\/wp-json\/wp\/v2\/users\/23"}],"replies":[{"embeddable":true,"href":"http:\/\/acaopolitica.com\/index.php\/wp-json\/wp\/v2\/comments?post=1838"}],"version-history":[{"count":5,"href":"http:\/\/acaopolitica.com\/index.php\/wp-json\/wp\/v2\/posts\/1838\/revisions"}],"predecessor-version":[{"id":1841,"href":"http:\/\/acaopolitica.com\/index.php\/wp-json\/wp\/v2\/posts\/1838\/revisions\/1841"}],"wp:featuredmedia":[{"embeddable":true,"href":"http:\/\/acaopolitica.com\/index.php\/wp-json\/wp\/v2\/media\/1465"}],"wp:attachment":[{"href":"http:\/\/acaopolitica.com\/index.php\/wp-json\/wp\/v2\/media?parent=1838"}],"wp:term":[{"taxonomy":"category","embeddable":true,"href":"http:\/\/acaopolitica.com\/index.php\/wp-json\/wp\/v2\/categories?post=1838"},{"taxonomy":"post_tag","embeddable":true,"href":"http:\/\/acaopolitica.com\/index.php\/wp-json\/wp\/v2\/tags?post=1838"}],"curies":[{"name":"wp","href":"https:\/\/api.w.org\/{rel}","templated":true}]}}