{"id":1850,"date":"2017-07-19T17:43:24","date_gmt":"2017-07-19T17:43:24","guid":{"rendered":"http:\/\/acaopolitica.com\/?p=1850"},"modified":"2017-07-19T19:28:32","modified_gmt":"2017-07-19T19:28:32","slug":"jbs-foi-um-dos-melhores-negocios-da-bndespar-diz-rabello","status":"publish","type":"post","link":"http:\/\/acaopolitica.com\/index.php\/2017\/07\/19\/jbs-foi-um-dos-melhores-negocios-da-bndespar-diz-rabello\/","title":{"rendered":"JBS foi um dos melhores neg\u00f3cios da BNDESPar, diz Rabello"},"content":{"rendered":"<p style=\"text-align: justify;\"><span style=\"color: #0000ff;\">O presidente do BNDES declarou que a JBS \u00e9 um &#8220;neg\u00f3cio bem bolado&#8221;; o banco de fomento tem 21,32% de participa\u00e7\u00e3o na companhia<\/span><\/p>\n<p style=\"text-align: justify;\"><span style=\"color: #0000ff;\">Por\u00a0Mariana Sallowicz, do Estad\u00e3o Conte\u00fado<\/span><\/p>\n<p style=\"text-align: justify;\"><span style=\"color: #0000ff;\">14 jul 2017, 20h04<\/span><\/p>\n<p style=\"text-align: justify;\"><span style=\"color: #0000ff;\">Rio \u2013 O presidente do Banco Nacional de Desenvolvimento Econ\u00f4mico e Social (<a href=\"http:\/\/exame.abril.com.br\/noticias-sobre\/bndes\/\" data-saferedirecturl=\"https:\/\/www.google.com\/url?hl=pt-BR&amp;q=http:\/\/exame.abril.com.br\/noticias-sobre\/bndes\/&amp;source=gmail&amp;ust=1500567802722000&amp;usg=AFQjCNGIHLh785LWvpZhyen-V2q3KWgO7w\">BNDES<\/a>), Paulo Rabello de Castro, afirmou que a\u00a0<a href=\"http:\/\/exame.abril.com.br\/noticias-sobre\/jbs\/\" data-saferedirecturl=\"https:\/\/www.google.com\/url?hl=pt-BR&amp;q=http:\/\/exame.abril.com.br\/noticias-sobre\/jbs\/&amp;source=gmail&amp;ust=1500567802722000&amp;usg=AFQjCNEDjnYLAqTb1MFQMfweb8zHCKDe1A\">JBS<\/a>\u00a0\u00e9 \u201cum dos neg\u00f3cios mais bem bolados e bem sucedidos da BNDESPar\u201d, bra\u00e7o de participa\u00e7\u00f5es da empresa.<\/span><\/p>\n<p style=\"text-align: justify;\"><span style=\"color: #0000ff;\">O banco de fomento tem 21,32% de participa\u00e7\u00e3o na companhia. Rabello de Castro citou ainda que a companhia teve proje\u00e7\u00e3o mundial com a compra da Pilgrims Pride Corporation, em 2009. O neg\u00f3cio recebeu apoio do BNDES.<\/span><\/p>\n<p style=\"text-align: justify;\"><span style=\"color: #0000ff;\">\u201cA compra da Pilgrims, em plena crise mundial, com a colabora\u00e7\u00e3o financeira, societ\u00e1ria do BNDES, foi absolutamente decisiva. Ali a empresa JBS realmente ganhou a dimens\u00e3o mundial\u201d, disse, destacando que falava n\u00e3o como presidente do BNDES, mas sim como consultor econ\u00f4mico.<\/span><\/p>\n<p style=\"text-align: justify;\"><span style=\"color: #0000ff;\">\u201cFoi num momento em que todos estavam vendendo ativos\u201d, afirmou.<\/span><\/p>\n<p style=\"text-align: justify;\"><span style=\"color: #0000ff;\">O BNDES divulgou nesta sexta-feira, 14, o \u201cLivro Verde\u201d, no qual traz balan\u00e7os das atividades do banco entre 2001 e 2016. O apoio do BNDESPar via mercado de capitais \u00e0 empresa e \u00e0 Bertin, posteriormente associada \u00e0 JBS, somou R$ 8,1 bilh\u00f5es.<\/span><\/p>\n<p style=\"text-align: justify;\"><span style=\"color: #0000ff;\">\u201cComo resultado, as opera\u00e7\u00f5es de mercado de capitais j\u00e1 renderam cerca de R$ 5,04 bilh\u00f5es entre dividendos, comiss\u00f5es, pr\u00eamios e aliena\u00e7\u00e3o de ativos\u201d, traz o livro.<\/span><\/p>\n<p style=\"text-align: justify;\"><span style=\"color: #0000ff;\">Rabello de Castro destacou que o resultado l\u00edquido das opera\u00e7\u00f5es do BNDES com a JBS at\u00e9 dezembro tinha sido positivo em R$ 3,56 bilh\u00f5es.<\/span><\/p>\n<p style=\"text-align: justify;\"><span style=\"color: #0000ff;\">O banco colocou R$ 8,1 bilh\u00f5es na empresa. O presidente do banco disse ainda que a empresa passa por momento delicado.<\/span><\/p>\n<p style=\"text-align: justify;\"><span style=\"color: #0000ff;\">\u201cQuem mais sofre \u00e9 o mercado pecu\u00e1rio brasileiro, com diminui\u00e7\u00e3o de liquidez ou capacidade de comprar pela JBS\u201d.<\/span><\/p>\n<p style=\"text-align: justify;\"><span style=\"color: #0000ff;\">Ele diz que v\u00ea com urg\u00eancia a regulariza\u00e7\u00e3o dos cr\u00e9ditos. \u201c\u00c9 uma companhia dos brasileiros, antes de ser de qualquer controlador\u201d.<\/span><\/p>\n<p style=\"text-align: justify;\"><span style=\"color: #0000ff;\">Entre 2005 e 2016, a JBS foi quem mais recebeu no setor de carnes individualmente apoio do BNDES e BNDESPar, com 26%.<\/span><\/p>\n<p style=\"text-align: justify;\"><span style=\"color: #0000ff;\">Preju\u00edzos<\/span><\/p>\n<p style=\"text-align: justify;\"><span style=\"color: #0000ff;\">Rabello de Castro afirmou que a assembleia geral extraordin\u00e1ria (AGE) de acionistas da JBS, ainda sem data, ir\u00e1 apurar poss\u00edveis preju\u00edzos \u00e0 companhia por conta de algum ato do administrador.<\/span><\/p>\n<p style=\"text-align: justify;\"><span style=\"color: #0000ff;\">Segundo o executivo, a AGE foi solicitada pelo BNDESPar e deve ser marcada nos pr\u00f3ximos dias.<\/span><\/p>\n<p style=\"text-align: justify;\"><span style=\"color: #0000ff;\">\u201cN\u00e3o significa dizer que a gente tem qualquer \u2018parte pri\u2019 de que o administrador causou qualquer dano. Mas o que \u00e9 fundamental \u00e9 que haja uma apura\u00e7\u00e3o\u201d, afirmou Rabello de Castro.<\/span><\/p>\n<p style=\"text-align: justify;\"><span style=\"color: #0000ff;\">Ele disse que na verifica\u00e7\u00e3o pode n\u00e3o ser apurado nenhum dano significativo.<\/span><\/p>\n<p style=\"text-align: justify;\"><span style=\"color: #0000ff;\">\u201cPode ter sido algum dano pol\u00edtico, isso n\u00e3o tem nada a ver com a companhia. Queda de pre\u00e7o moment\u00e2nea n\u00e3o \u00e9 preju\u00edzo\u201d, disse.<\/span><\/p>\n<p style=\"text-align: justify;\"><span style=\"color: #0000ff;\">Sobre uma destitui\u00e7\u00e3o de membros da fam\u00edlia Batista da gest\u00e3o, afirmou que est\u00e1 estudando em conjunto com os demais acionistas, inclusive o controlador, uma nova composi\u00e7\u00e3o do conselho de administra\u00e7\u00e3o.<\/span><\/p>\n<p style=\"text-align: justify;\"><span style=\"color: #0000ff;\">No entanto, disse que a palavra destitui\u00e7\u00e3o \u00e9 muito forte e que a assembleia \u00e9 para apurar preju\u00edzos. O executivo destacou que esse \u00e9 um assunto \u201cinterna corporis\u201d dos s\u00f3cios.<\/span><\/p>\n<p style=\"text-align: justify;\"><span style=\"color: #0000ff;\">\u201cNem eu posso responder porque estamos agindo em bloco\u201d.<\/span><\/p>\n<p style=\"text-align: justify;\"><span style=\"color: #0000ff;\">Segundo Rabello de Castro, o conselho j\u00e1 se antecipou a mudan\u00e7as e anunciou novos comit\u00eas do colegiado. Ele destacou o de governan\u00e7a, finan\u00e7as e executivo como os mais importantes.<\/span><\/p>\n<p style=\"text-align: justify;\"><span style=\"color: #0000ff;\">O presidente do banco disse ainda que a empresa passa por momento delicado. \u201cQuem mais sofre \u00e9 o mercado pecu\u00e1rio brasileiro, com diminui\u00e7\u00e3o de liquidez ou capacidade de comprar pela JBS\u201d. Ele diz que v\u00ea com urg\u00eancia a regulariza\u00e7\u00e3o dos cr\u00e9ditos.<\/span><\/p>\n<p style=\"text-align: justify;\"><span style=\"color: #0000ff;\">\u201c\u00c9 uma companhia dos brasileiros, antes de ser de qualquer controlador\u201d.<\/span><\/p>\n<p style=\"text-align: justify;\"><span style=\"color: #0000ff;\">Entre 2005 e 2016, a JBS foi quem mais recebeu no setor de carnes individualmente apoio do BNDES e BNDESPar, com 26%.<\/span><\/p>\n<p style=\"text-align: justify;\"><span style=\"color: #0000ff;\">Rabello de Castro disse ainda que, \u201cat\u00e9 a lamban\u00e7a da dela\u00e7\u00e3o\u201d de Joesley Batista, a a\u00e7\u00e3o da JBS \u201cestava cotada a mais de R$ 10 e o BNDES entrou com ela a R$ 7\u201d. H\u00e1 pouco, os pap\u00e9is eram negociados a R$ 7,13.<\/span><\/p>\n<p style=\"text-align: justify;\"><span style=\"color: #0000ff;\">TLP<\/span><\/p>\n<p style=\"text-align: justify;\"><span style=\"color: #0000ff;\">Paulo Rabello de Castro voltou a negar que teria feito cr\u00edticas a nova Taxa de Longo Prazo (TLP), em discuss\u00e3o no Congresso, e disse n\u00e3o s\u00f3 estar alinhado com o Minist\u00e9rio da Fazenda, como estar costurado. \u201cSou completamente aderente\u201d.<\/span><\/p>\n<p style=\"text-align: justify;\"><span style=\"color: #0000ff;\">O posicionamento ocorre ap\u00f3s ter criticado abertamente a TLP, o que gerou um mal estar com a equipe econ\u00f4mica do governo. Na primeira audi\u00eancia p\u00fablica sobre o tema, realizada nesta semana, o governo escalou um time de peso para defender a TLP.<\/span><\/p>\n<p style=\"text-align: justify;\"><span style=\"color: #0000ff;\">Rabello de Castro nega conflitos.<\/span><\/p>\n<p style=\"text-align: justify;\"><span style=\"color: #0000ff;\">\u201cO BNDES \u00e9 executor da pol\u00edtica econ\u00f4mica do governo. N\u00f3s n\u00e3o temos que ficar pensando exageradamente em nada, a n\u00e3o ser que formos chamados para isso. O comum e corrente da nossa atividade \u00e9 executar\u201d, afirmou em entrevista coletiva.<\/span><\/p>\n<p style=\"text-align: justify;\"><span style=\"color: #0000ff;\">Ricardo Bergamini<\/span><\/p>\n<p style=\"text-align: justify;\"><span style=\"color: #0000ff;\"><a href=\"tel:%2848%29%2099636-7322\">(48) 99636-7322<br \/>\n<\/a><\/span><span style=\"color: #0000ff;\"><a href=\"tel:%2848%29%2099976-6974\">(48) 99976-6974<br \/>\n<\/a><\/span><span style=\"color: #0000ff;\"><a href=\"mailto:ricardobergamini@ricardobergamini.com.br\" target=\"_blank\" rel=\"noopener\">ricardobergamini@ricardobergamini.com.br<br \/>\n<\/a><\/span><span style=\"color: #0000ff;\"><a href=\"http:\/\/www.ricardobergamini.com.br\/\" target=\"_blank\" rel=\"noopener\" data-saferedirecturl=\"https:\/\/www.google.com\/url?hl=pt-BR&amp;q=http:\/\/www.ricardobergamini.com.br\/&amp;source=gmail&amp;ust=1500567802722000&amp;usg=AFQjCNFw6DvP4LM29jvk6wITy9bew_6ohw\">www.ricardobergamini.com.br<\/a><\/span><\/p>\n","protected":false},"excerpt":{"rendered":"<p>O presidente do BNDES declarou que a JBS \u00e9 um &#8220;neg\u00f3cio bem bolado&#8221;; o banco de fomento tem 21,32% de participa\u00e7\u00e3o na companhia Por\u00a0Mariana Sallowicz,&#8230;<\/p>\n","protected":false},"author":18,"featured_media":1851,"comment_status":"open","ping_status":"open","sticky":false,"template":"","format":"standard","meta":[],"categories":[10],"tags":[],"_links":{"self":[{"href":"http:\/\/acaopolitica.com\/index.php\/wp-json\/wp\/v2\/posts\/1850"}],"collection":[{"href":"http:\/\/acaopolitica.com\/index.php\/wp-json\/wp\/v2\/posts"}],"about":[{"href":"http:\/\/acaopolitica.com\/index.php\/wp-json\/wp\/v2\/types\/post"}],"author":[{"embeddable":true,"href":"http:\/\/acaopolitica.com\/index.php\/wp-json\/wp\/v2\/users\/18"}],"replies":[{"embeddable":true,"href":"http:\/\/acaopolitica.com\/index.php\/wp-json\/wp\/v2\/comments?post=1850"}],"version-history":[{"count":1,"href":"http:\/\/acaopolitica.com\/index.php\/wp-json\/wp\/v2\/posts\/1850\/revisions"}],"predecessor-version":[{"id":1852,"href":"http:\/\/acaopolitica.com\/index.php\/wp-json\/wp\/v2\/posts\/1850\/revisions\/1852"}],"wp:featuredmedia":[{"embeddable":true,"href":"http:\/\/acaopolitica.com\/index.php\/wp-json\/wp\/v2\/media\/1851"}],"wp:attachment":[{"href":"http:\/\/acaopolitica.com\/index.php\/wp-json\/wp\/v2\/media?parent=1850"}],"wp:term":[{"taxonomy":"category","embeddable":true,"href":"http:\/\/acaopolitica.com\/index.php\/wp-json\/wp\/v2\/categories?post=1850"},{"taxonomy":"post_tag","embeddable":true,"href":"http:\/\/acaopolitica.com\/index.php\/wp-json\/wp\/v2\/tags?post=1850"}],"curies":[{"name":"wp","href":"https:\/\/api.w.org\/{rel}","templated":true}]}}