{"id":1855,"date":"2017-07-19T17:57:02","date_gmt":"2017-07-19T17:57:02","guid":{"rendered":"http:\/\/acaopolitica.com\/?p=1855"},"modified":"2017-07-19T19:28:43","modified_gmt":"2017-07-19T19:28:43","slug":"parlamentares-que-vao-votar-perdao-de-dividas-no-congresso-devem-r-533-milhoe","status":"publish","type":"post","link":"http:\/\/acaopolitica.com\/index.php\/2017\/07\/19\/parlamentares-que-vao-votar-perdao-de-dividas-no-congresso-devem-r-533-milhoe\/","title":{"rendered":"Parlamentares que v\u00e3o votar perd\u00e3o de d\u00edvidas no Congresso devem R$ 533 milh\u00f5es"},"content":{"rendered":"<p style=\"text-align: justify;\"><span style=\"color: #0000ff;\"><a href=\"http:\/\/istoe.com.br\/categoria\/economia\/\" target=\"_blank\" rel=\"noopener\" data-saferedirecturl=\"https:\/\/www.google.com\/url?hl=pt-BR&amp;q=http:\/\/istoe.com.br\/categoria\/economia\/&amp;source=gmail&amp;ust=1500567887847000&amp;usg=AFQjCNFHt7kgWx1mPi_gXDY1FNmwSLYOFw\">ECONOMIA<\/a><\/span><\/p>\n<p style=\"text-align: justify;\"><span style=\"color: #0000ff;\">Estad\u00e3o Conte\u00fado<\/span><\/p>\n<p style=\"text-align: justify;\"><span style=\"color: #0000ff;\">19.07.17 &#8211; 08h23<\/span><\/p>\n<p style=\"text-align: justify;\"><span style=\"color: #0000ff;\">Deputados e senadores que devem \u00e0 Uni\u00e3o R$ 532,9 milh\u00f5es ser\u00e3o os respons\u00e1veis por aprovar o texto do novo Refis \u2013 programa de parcelamento de d\u00e9bitos tribut\u00e1rios e previdenci\u00e1rios concedido com descontos generosos de juros e multas. O governo enviou uma proposta ao Congresso, em janeiro, com a expectativa de arrecadar R$ 13,3 bilh\u00f5es este ano, mas a medida foi alterada pelos parlamentares, derrubando a arrecada\u00e7\u00e3o para R$ 420 milh\u00f5es. A nova vers\u00e3o pretende perdoar 73% da d\u00edvida a ser negociada.<\/span><\/p>\n<p style=\"text-align: justify;\"><span style=\"color: #0000ff;\">Os dados da Procuradoria-Geral da Fazenda Nacional (PGFN), respons\u00e1vel pela gest\u00e3o da d\u00edvida ativa, foram obtidos pelo Estad\u00e3o\/Broadcast por meio da Lei de Acesso \u00e0 Informa\u00e7\u00e3o. O valor inclui d\u00edvidas inscritas nos CPFs dos parlamentares, d\u00e9bitos nos quais eles s\u00e3o correspons\u00e1veis ou fiadores e o endividamento de empresas das quais s\u00e3o s\u00f3cios ou diretores.<\/span><\/p>\n<p style=\"text-align: justify;\"><span style=\"color: #0000ff;\">Os R$ 532,9 milh\u00f5es em d\u00edvida dos parlamentares consideram apenas as d\u00edvidas em aberto, ou seja, o endividamento classificado como \u201cirregular\u201d pela PGFN. Isso porque deputados e senadores j\u00e1 foram beneficiados por parcelamentos passados. O total de d\u00e9bitos ligados a deputados e senadores inscritos em Refis anteriores \u2013 ou seja, que est\u00e3o sendo pagos e se encontram em situa\u00e7\u00e3o \u201cregular\u201d \u2013 \u00e9 de R$ 299 milh\u00f5es.<\/span><\/p>\n<p style=\"text-align: justify;\"><span style=\"color: #0000ff;\">Companhias administradas por parlamentares respondem pela maior parte dos calotes \u00e0 Uni\u00e3o que seguem em aberto. As empresas de 76 deputados federais devem R$ 218,7 milh\u00f5es, enquanto as geridas por 17 senadores acumulam d\u00e9bitos de R$ 201,2 milh\u00f5es. \u00c9 nesse grupo que est\u00e1 inclu\u00eddo o deputado Newton Cardoso Jr. (PMDB-MG), relator da medida provis\u00f3ria do novo Refis e respons\u00e1vel por modificar totalmente o teor do texto original para ampliar as vantagens aos devedores.<\/span><\/p>\n<p style=\"text-align: justify;\"><span style=\"color: #0000ff;\">A Receita Federal vai recomendar o veto do novo Refis se permanecerem as condi\u00e7\u00f5es propostas pelo relator. Desde o in\u00edcio, a Receita queria que essa vers\u00e3o do parcelamento sa\u00edsse com regras duras para desestimular os \u201cviciados\u201d em parcelar d\u00edvidas tribut\u00e1rias \u2013 contribuintes que pagam apenas as primeiras presta\u00e7\u00f5es e depois abandonam os pagamentos \u00e0 espera de novo perd\u00e3o. Desde 2000, j\u00e1 foram lan\u00e7ados 27 parcelamentos especiais.<\/span><\/p>\n<p style=\"text-align: justify;\"><span style=\"color: #0000ff;\">A PGNF informou ainda que 11 deputados s\u00e3o correspons\u00e1veis em d\u00edvidas que chegam a R$ 31,8 milh\u00f5es, bem como 3 senadores est\u00e3o arrolados em d\u00e9bitos de terceiros que somam R$ 62,2 milh\u00f5es.<\/span><\/p>\n<p style=\"text-align: justify;\"><span style=\"color: #0000ff;\">A lista do \u00f3rg\u00e3o de cobran\u00e7a exp\u00f5e ainda os d\u00e9bitos diretos dos parlamentares, inscritos nos pr\u00f3prios CPFs. Nesse grupo est\u00e3o 29 deputados federais, com d\u00edvida total de R$ 18,9 milh\u00f5es, e 4 senadores, que juntos devem R$ 6 milh\u00f5es.<\/span><\/p>\n<p style=\"text-align: justify;\"><span style=\"color: #0000ff;\">As informa\u00e7\u00f5es s\u00e3o do jornal\u00a0O Estado de S. Paulo.<\/span><\/p>\n<p style=\"text-align: justify;\"><span style=\"color: #0000ff;\">Ricardo Bergamini<\/span><\/p>\n<p style=\"text-align: justify;\"><span style=\"color: #0000ff;\"><a href=\"tel:%2848%29%2099636-7322\">(48) 99636-7322<br \/>\n<\/a><\/span><span style=\"color: #0000ff;\"><a href=\"tel:%2848%29%2099976-6974\">(48) 99976-6974<br \/>\n<\/a><\/span><span style=\"color: #0000ff;\"><a href=\"mailto:ricardobergamini@ricardobergamini.com.br\" target=\"_blank\" rel=\"noopener\">ricardobergamini@ricardobergamini.com.br<br \/>\n<\/a><\/span><span style=\"color: #0000ff;\"><a href=\"http:\/\/www.ricardobergamini.com.br\/\" target=\"_blank\" rel=\"noopener\" data-saferedirecturl=\"https:\/\/www.google.com\/url?hl=pt-BR&amp;q=http:\/\/www.ricardobergamini.com.br\/&amp;source=gmail&amp;ust=1500567887847000&amp;usg=AFQjCNFrBl_7NJZRlOC_BsLfxBGQ917Zxg\">www.ricardobergamini.com.br<\/a><\/span><\/p>\n<p style=\"text-align: justify;\"><span style=\"color: #0000ff;\">\u00a0<\/span><\/p>\n","protected":false},"excerpt":{"rendered":"<p>ECONOMIA Estad\u00e3o Conte\u00fado 19.07.17 &#8211; 08h23 Deputados e senadores que devem \u00e0 Uni\u00e3o R$ 532,9 milh\u00f5es ser\u00e3o os respons\u00e1veis por aprovar o texto do novo&#8230;<\/p>\n","protected":false},"author":18,"featured_media":1856,"comment_status":"open","ping_status":"open","sticky":false,"template":"","format":"standard","meta":[],"categories":[10],"tags":[],"_links":{"self":[{"href":"http:\/\/acaopolitica.com\/index.php\/wp-json\/wp\/v2\/posts\/1855"}],"collection":[{"href":"http:\/\/acaopolitica.com\/index.php\/wp-json\/wp\/v2\/posts"}],"about":[{"href":"http:\/\/acaopolitica.com\/index.php\/wp-json\/wp\/v2\/types\/post"}],"author":[{"embeddable":true,"href":"http:\/\/acaopolitica.com\/index.php\/wp-json\/wp\/v2\/users\/18"}],"replies":[{"embeddable":true,"href":"http:\/\/acaopolitica.com\/index.php\/wp-json\/wp\/v2\/comments?post=1855"}],"version-history":[{"count":2,"href":"http:\/\/acaopolitica.com\/index.php\/wp-json\/wp\/v2\/posts\/1855\/revisions"}],"predecessor-version":[{"id":1860,"href":"http:\/\/acaopolitica.com\/index.php\/wp-json\/wp\/v2\/posts\/1855\/revisions\/1860"}],"wp:featuredmedia":[{"embeddable":true,"href":"http:\/\/acaopolitica.com\/index.php\/wp-json\/wp\/v2\/media\/1856"}],"wp:attachment":[{"href":"http:\/\/acaopolitica.com\/index.php\/wp-json\/wp\/v2\/media?parent=1855"}],"wp:term":[{"taxonomy":"category","embeddable":true,"href":"http:\/\/acaopolitica.com\/index.php\/wp-json\/wp\/v2\/categories?post=1855"},{"taxonomy":"post_tag","embeddable":true,"href":"http:\/\/acaopolitica.com\/index.php\/wp-json\/wp\/v2\/tags?post=1855"}],"curies":[{"name":"wp","href":"https:\/\/api.w.org\/{rel}","templated":true}]}}