{"id":1889,"date":"2017-07-22T22:20:02","date_gmt":"2017-07-22T22:20:02","guid":{"rendered":"http:\/\/acaopolitica.com\/?p=1889"},"modified":"2017-07-22T22:32:31","modified_gmt":"2017-07-22T22:32:31","slug":"por-que-sustentamos-calados-um-estado-inchado-e-ineficiente-que-mete-a-mao-no-nosso-bolso","status":"publish","type":"post","link":"http:\/\/acaopolitica.com\/index.php\/2017\/07\/22\/por-que-sustentamos-calados-um-estado-inchado-e-ineficiente-que-mete-a-mao-no-nosso-bolso\/","title":{"rendered":"Por que sustentamos calados um Estado inchado e ineficiente que mete a m\u00e3o no nosso bolso?"},"content":{"rendered":"<p style=\"text-align: justify;\"><span style=\"color: #0000ff;\">Cargos em Comiss\u00e3o da Uni\u00e3o \u2013 DAS &#8211; Fonte MP<\/span><\/p>\n<p style=\"text-align: justify;\"><span style=\"color: #ff0000;\">Base: Ano de 2016<\/span><\/p>\n<p style=\"text-align: justify;\"><span style=\"color: #0000ff;\">Boletim Estat\u00edstico de Pessoal &#8211; Se\u00e7\u00e3o 5<\/span><\/p>\n<table>\n<tbody>\n<tr>\n<td width=\"115\"><span style=\"color: #0000ff;\">Anos<\/span><\/td>\n<td width=\"115\"><span style=\"color: #0000ff;\">2002<\/span><\/td>\n<td width=\"115\"><span style=\"color: #0000ff;\">2010<\/span><\/td>\n<td width=\"115\"><span style=\"color: #0000ff;\">2016<\/span><\/td>\n<\/tr>\n<tr>\n<td width=\"115\"><span style=\"color: #0000ff;\">Quantitativo<\/span><\/td>\n<td width=\"115\"><span style=\"color: #0000ff;\">87.305<\/span><\/td>\n<td width=\"115\"><span style=\"color: #0000ff;\">107.956<\/span><\/td>\n<td width=\"115\"><span style=\"color: #0000ff;\">115.002<\/span><\/td>\n<\/tr>\n<\/tbody>\n<\/table>\n<p style=\"text-align: justify;\"><span style=\"color: #0000ff;\">Despesas de Custeio Administrativo da Uni\u00e3o \u2013 Fonte MP<\/span><\/p>\n<p style=\"text-align: justify;\"><span style=\"color: #ff0000;\">Base: 2011\/2016<\/span><\/p>\n<p style=\"text-align: justify;\"><span style=\"color: #0000ff;\">Base R$ Bilh\u00f5es<\/span><\/p>\n<table>\n<tbody>\n<tr>\n<td><span style=\"color: #0000ff;\">\u00a0<\/span><\/td>\n<td><span style=\"color: #0000ff;\">2011<\/span><\/td>\n<td><span style=\"color: #0000ff;\">% PIB<\/span><\/td>\n<td><span style=\"color: #0000ff;\">2016<\/span><\/td>\n<td><span style=\"color: #0000ff;\">% PIB<\/span><\/td>\n<\/tr>\n<tr>\n<td><span style=\"color: #0000ff;\">Servi\u00e7o de Apoio<\/span><\/td>\n<td><span style=\"color: #0000ff;\">10,0<\/span><\/td>\n<td><span style=\"color: #0000ff;\">0,23<\/span><\/td>\n<td><span style=\"color: #0000ff;\">14,9<\/span><\/td>\n<td><span style=\"color: #0000ff;\">0,24<\/span><\/td>\n<\/tr>\n<tr>\n<td><span style=\"color: #0000ff;\">Material de Consumo<\/span><\/td>\n<td><span style=\"color: #0000ff;\">4,4<\/span><\/td>\n<td><span style=\"color: #0000ff;\">0,10<\/span><\/td>\n<td><span style=\"color: #0000ff;\">4,9<\/span><\/td>\n<td><span style=\"color: #0000ff;\">0,08<\/span><\/td>\n<\/tr>\n<tr>\n<td><span style=\"color: #0000ff;\">Comunica\u00e7\u00e3o e Processamento de Dados<\/span><\/td>\n<td><span style=\"color: #0000ff;\">4,0<\/span><\/td>\n<td><span style=\"color: #0000ff;\">0,09<\/span><\/td>\n<td><span style=\"color: #0000ff;\">4,0<\/span><\/td>\n<td><span style=\"color: #0000ff;\">0,06<\/span><\/td>\n<\/tr>\n<tr>\n<td><span style=\"color: #0000ff;\">Loca\u00e7\u00e3o e Conserva\u00e7\u00e3o de Bens Im\u00f3veis<\/span><\/td>\n<td><span style=\"color: #0000ff;\">2,4<\/span><\/td>\n<td><span style=\"color: #0000ff;\">0,05<\/span><\/td>\n<td><span style=\"color: #0000ff;\">2,9<\/span><\/td>\n<td><span style=\"color: #0000ff;\">0,05<\/span><\/td>\n<\/tr>\n<tr>\n<td><span style=\"color: #0000ff;\">Energia El\u00e9trica e \u00c1gua<\/span><\/td>\n<td><span style=\"color: #0000ff;\">1,6<\/span><\/td>\n<td><span style=\"color: #0000ff;\">0,04<\/span><\/td>\n<td><span style=\"color: #0000ff;\">2,7<\/span><\/td>\n<td><span style=\"color: #0000ff;\">0,04<\/span><\/td>\n<\/tr>\n<tr>\n<td><span style=\"color: #0000ff;\">Loca\u00e7\u00e3o e Conserva\u00e7\u00e3o de Bens M\u00f3veis<\/span><\/td>\n<td><span style=\"color: #0000ff;\">1,3<\/span><\/td>\n<td><span style=\"color: #0000ff;\">0,03<\/span><\/td>\n<td><span style=\"color: #0000ff;\">2,0<\/span><\/td>\n<td><span style=\"color: #0000ff;\">0,03<\/span><\/td>\n<\/tr>\n<tr>\n<td><span style=\"color: #0000ff;\">Di\u00e1rias e Passagens<\/span><\/td>\n<td><span style=\"color: #0000ff;\">1,3<\/span><\/td>\n<td><span style=\"color: #0000ff;\">0,03<\/span><\/td>\n<td><span style=\"color: #0000ff;\">1,7<\/span><\/td>\n<td><span style=\"color: #0000ff;\">0,03<\/span><\/td>\n<\/tr>\n<tr>\n<td><span style=\"color: #0000ff;\">Outros Servi\u00e7os<\/span><\/td>\n<td><span style=\"color: #0000ff;\">1,4<\/span><\/td>\n<td><span style=\"color: #0000ff;\">0,03<\/span><\/td>\n<td><span style=\"color: #0000ff;\">2,2<\/span><\/td>\n<td><span style=\"color: #0000ff;\">0,03<\/span><\/td>\n<\/tr>\n<tr>\n<td><span style=\"color: #ff0000;\">Total<\/span><\/td>\n<td><span style=\"color: #ff0000;\">26,4<\/span><\/td>\n<td><span style=\"color: #ff0000;\">0,60<\/span><\/td>\n<td><span style=\"color: #ff0000;\">35,3<\/span><\/td>\n<td><span style=\"color: #ff0000;\">0,56<\/span><\/td>\n<\/tr>\n<\/tbody>\n<\/table>\n<p style=\"text-align: justify;\"><span style=\"color: #0000ff;\">PIB 2011 \u2013 R$ 4.376,4 bilh\u00f5es; PIB 2016 \u2013 R$ 6.266,9 bilh\u00f5es.<\/span><\/p>\n<p style=\"text-align: justify;\"><span style=\"color: #0000ff;\">Gastos com Pessoal do Congresso Nacional<\/span><\/p>\n<p style=\"text-align: justify;\"><span style=\"color: #0000ff;\">Ricardo Bergamini<\/span><\/p>\n<p style=\"text-align: justify;\"><span style=\"color: #0000ff;\">Na hist\u00f3ria do Brasil a na\u00e7\u00e3o sempre foi ref\u00e9m dos seus servidores p\u00fablicos (trabalhadores de primeira classe), com os seus direitos adquiridos intoc\u00e1veis, estabilidade de emprego e licen\u00e7a pr\u00eamio sem crit\u00e9rio de m\u00e9rito, longas greves remuneradas, acionamento judicial sem perda de emprego, regime pr\u00f3prio de aposentadoria (n\u00e3o usam o INSS), planos de sa\u00fade (n\u00e3o usam o SUS), dentre muitos outros privil\u00e9gios impens\u00e1veis para os trabalhadores de segunda classe (empresas privadas). Com certeza nenhum desses trabalhadores de primeira classe concedem aos seus empregados os mesmos direitos imorais.<\/span><\/p>\n<p style=\"text-align: justify;\"><span style=\"color: #0000ff;\">O Congresso Nacional \u00e9 constitu\u00eddo por 513 deputados federais e 81 senadores e para atenderem a esses 594 senhores, segundo o minist\u00e9rio do planejamento, em dezembro de 2016 existiam 24.373 servidores ativos que custaram R$ 5,3 bilh\u00f5es. Considerando tamb\u00e9m os 11.160 servidores inativos que custaram R$ 3,9 bilh\u00f5es o custo total com essa imoral e criminosa usina de gastos p\u00fablicos foi de R$ 9,2 bilh\u00f5es.<\/span><\/p>\n<p style=\"text-align: justify;\"><span style=\"color: #0000ff;\">Transferindo essa usina de gastos p\u00fablicos para 26 estados, DF e 5.570 munic\u00edpios chegar\u00e3o \u00e0 conclus\u00e3o que somente os ing\u00eanuos acreditam em ajuste fiscal no poder p\u00fablico brasileiro.<\/span><\/p>\n<p style=\"text-align: justify;\"><span style=\"color: #0000ff;\">Quantitativo de Servidores Federais da Uni\u00e3o (Ativos, Aposentados e Pensionistas) \u2013 Fonte MP<\/span><\/p>\n<p style=\"text-align: justify;\"><span style=\"color: #ff0000;\">Base: Ano de 2016<\/span><\/p>\n<p style=\"text-align: justify;\"><span style=\"color: #0000ff;\">No per\u00edodo dos governos Lula e Dilma\/Temer (2003\/2016) houve um crescimento de pessoal na Uni\u00e3o (Executivo, Legislativo e Judici\u00e1rio) de 313.420 servidores.<\/span><\/p>\n<p style=\"text-align: justify;\"><span style=\"color: #0000ff;\"><a href=\"http:\/\/epoca.globo.com\/sociedade\/ruth-de-aquino\/noticia\/2017\/07\/o-arauto-do-desastre.html\" data-saferedirecturl=\"https:\/\/www.google.com\/url?hl=pt-BR&amp;q=http:\/\/epoca.globo.com\/sociedade\/ruth-de-aquino\/noticia\/2017\/07\/o-arauto-do-desastre.html&amp;source=gmail&amp;ust=1500845083921000&amp;usg=AFQjCNHA4HhrvxtsDSnr8qftgUZcY04Rrg\">O arauto do desastre<\/a><\/span><\/p>\n<p style=\"text-align: justify;\"><span style=\"color: #0000ff;\">RUTH DE AQUINO<\/span><\/p>\n<p style=\"text-align: justify;\"><span style=\"color: #0000ff;\">21\/07\/2017 &#8211; 19h16 &#8211; Atualizado 21\/07\/2017 19h22<\/span><\/p>\n<p style=\"text-align: justify;\"><span style=\"color: #0000ff;\">\u201cEstamos tratando com seriedade o dinheiro do pagador de impostos, disse o presidente\u00a0<a href=\"https:\/\/twitter.com\/i\/notificationshttps:\/twitter.com\/i\/notifications\" data-saferedirecturl=\"https:\/\/www.google.com\/url?hl=pt-BR&amp;q=https:\/\/twitter.com\/i\/notificationshttps:\/twitter.com\/i\/notifications&amp;source=gmail&amp;ust=1500845083921000&amp;usg=AFQjCNGQmNTw3L_AUpNUHiTJ7mpqIjCpYA\">Michel Temer<\/a>\u00a0ao anunciar o tem\u00edvel aumento de imposto que nos empobrecer\u00e1 ainda mais. \u201cS\u00e3o tantos feitos administrativos que a garganta acaba falhando\u201d, afirmou Temer, emocionado consigo pr\u00f3prio. Criticou \u201cos arautos do desastre\u201d, que s\u00e3o todos aqueles que n\u00e3o vivem em sua ilha da fantasia. O impacto na bomba de gasolina \u00e9 a pauta-bomba da semana.<\/span><\/p>\n<p style=\"text-align: justify;\"><span style=\"color: #0000ff;\">Quando vejo a nova vers\u00e3o confiante de Temer, esculpida na compra expl\u00edcita de apoio no Congresso para se manter presidente e longe do alcance da Justi\u00e7a, eu me pergunto se a doen\u00e7a do cinismo \u00e9 incur\u00e1vel e heredit\u00e1ria no Brasil. Passa de partido a partido, de governo a governo, sem pedido de desculpas. Convivemos com escaramu\u00e7as fiscais, jur\u00eddicas e lingu\u00edsticas, com promessas descumpridas. E, agora, escutamos novidades velhas. Um exerc\u00edcio de marketing desesperado. Os R$ 344,3 milh\u00f5es prometidos para a sa\u00fade bucal deveriam ser \u201crealocados\u201d para a sa\u00fade mental dos governantes brasileiros. Eles descolaram da realidade.<\/span><\/p>\n<p style=\"text-align: justify;\"><span style=\"color: #0000ff;\">Lembro ao leitor, perdido na guerra dos n\u00fameros e dos gr\u00e1ficos: a meta do governo Temer \u00e9 um d\u00e9ficit de R$ 139 bilh\u00f5es. Como fazer o povo entender isso? Qualquer pessoa honesta se deprime com o nome sujo na pra\u00e7a, ao n\u00e3o conseguir pagar uma conta. Mas Temer continua a rir depois de pagar R$ 1,8 bilh\u00e3o pela cumplicidade de parlamentares na forma de emendas. O aumento do imposto na gasolina, etanol e diesel \u2013 e a alta resultante no transporte e nos alimentos \u2013 s\u00e3o nosso sacrif\u00edcio para ajudar Temer a cumprir sua meta deficit\u00e1ria. O aumento n\u00e3o cobrir\u00e1 o rombo extra do rombo original. O que ainda vir\u00e1 por a\u00ed? Provavelmente a CPMF.<\/span><\/p>\n<p style=\"text-align: justify;\"><span style=\"color: #0000ff;\">Temer e o ministro da Fazenda,\u00a0<a href=\"http:\/\/epoca.globo.com\/tudo-sobre\/noticia\/2016\/05\/henrique-meirelles.html\" data-saferedirecturl=\"https:\/\/www.google.com\/url?hl=pt-BR&amp;q=http:\/\/epoca.globo.com\/tudo-sobre\/noticia\/2016\/05\/henrique-meirelles.html&amp;source=gmail&amp;ust=1500845083921000&amp;usg=AFQjCNHOPAWPzlJ8DR9n_n45yDDrYKesUQ\">Henrique Meirelles<\/a>, esperam boa vontade, solidariedade, compreens\u00e3o. Esperam que o cidad\u00e3o, assaltado por bandidos cotidianamente, tamb\u00e9m aceite ser assaltado por um Estado inchado, ineficiente, incapaz. O governo \u00e9 o grande \u201carauto do desastre\u201d. Temer pede aos bobos da Corte que tenham \u201co que \u00e9 muito comum nos brasileiros, o otimismo extraordin\u00e1rio\u201d. O senhor n\u00e3o tem lido as pesquisas, presidente. O que existe hoje \u00e9 um \u201cpessimismo extraordin\u00e1rio\u201d, com base na realidade.<\/span><\/p>\n<p style=\"text-align: justify;\"><span style=\"color: #0000ff;\">A vida das fam\u00edlias dos ministros, senadores e deputados n\u00e3o mudou com a crise econ\u00f4mica. Todos recebem em dia n\u00e3o s\u00f3 os sal\u00e1rios, mas as mordomias. A vida melhorou para todos os que receberam benesses para suas emendas, quando Temer abriu o cofre p\u00fablico para comprar consci\u00eancias e se garantir no Pal\u00e1cio do Jaburu, com seu misturador de vozes em a\u00e7\u00e3o.<\/span><\/p>\n<p style=\"text-align: justify;\"><span style=\"color: #0000ff;\">A Fiesp, Federa\u00e7\u00e3o das Ind\u00fastrias do Estado de S\u00e3o Paulo, publicou an\u00fancio intitulado \u201cO que \u00e9 isso, ministro? Mais impostos?\u201d. O texto sublinha os motivos do pessimismo brasileiro. \u201cAumento de imposto recai sobre a sociedade, que j\u00e1 est\u00e1 sufocada, com 14 milh\u00f5es de desempregados, falta de cr\u00e9dito e sem condi\u00e7\u00f5es gerais de consumo. Todos sabem que o caminho correto \u00e9 cortar gastos, aumentar a efici\u00eancia e reduzir o desperd\u00edcio.\u201d<\/span><\/p>\n<p style=\"text-align: justify;\"><span style=\"color: #0000ff;\">O Brasil \u00e9 um pa\u00eds esquizofr\u00eanico. Enquanto no estado do Rio de Janeiro tem servidor na fila para pegar cesta b\u00e1sica porque n\u00e3o recebeu o 13\u00ba de 2016, nem maio nem junho, o governo Temer aumentou em R$ 12 bilh\u00f5es seus gastos com pessoal, 11,8% acima da infla\u00e7\u00e3o. Chega de pagar o pato.<\/span><\/p>\n<p style=\"text-align: justify;\"><span style=\"color: #0000ff;\">H\u00e1 uma palavra, entre tantos clich\u00eas da macroeconomia, que me d\u00e1 calafrios. \u00c9 o \u201ccontingenciamento\u201d. Dos gastos do governo, 90% s\u00e3o obrigat\u00f3rios. As obriga\u00e7\u00f5es deveriam mudar, para o Brasil ser mais justo. Meirelles afirma ser favor\u00e1vel ao corte de gastos, \u201cmas a m\u00e1quina p\u00fablica tem de funcionar\u201d. A m\u00e1quina p\u00fablica n\u00e3o funciona, ministro!<\/span><\/p>\n<p><span style=\"color: #0000ff;\">V\u00e1rios \u00f3rg\u00e3os do governo, entre eles a C\u00e2mara dos Deputados, estouraram o teto de gastos. Temos cerca de 30 minist\u00e9rios com quase 100 mil cargos de confian\u00e7a e comissionados. Pagamos alugu\u00e9is, passagens, di\u00e1rias, sa\u00fade, beleza e educa\u00e7\u00e3o dos poderosos. O funcionamento da C\u00e2mara e do Senado custa R$ 28 milh\u00f5es por dia, mais de R$ 1 milh\u00e3o por hora, informa a ONG Contas Abertas, do economista Gil Castello Branco. Por que pagamos viagens de\u00a0<a href=\"http:\/\/epoca.globo.com\/tudo-sobre\/noticia\/2016\/06\/dilma-rousseff.html\" data-saferedirecturl=\"https:\/\/www.google.com\/url?hl=pt-BR&amp;q=http:\/\/epoca.globo.com\/tudo-sobre\/noticia\/2016\/06\/dilma-rousseff.html&amp;source=gmail&amp;ust=1500845083921000&amp;usg=AFQjCNEkrhXOkUUqtTSmWhA7FZklG689cQ\">Dilma Rousseff<\/a>\u00a0e outros ex-presidentes? Dilma gastou R$ 520 mil neste ano em viagens para contestar o impeachment. N\u00f3s gastamos. Lula, Collor,\u00a0<a href=\"http:\/\/epoca.globo.com\/tudo-sobre\/noticia\/2017\/04\/fernando-henrique-cardoso.html\" data-saferedirecturl=\"https:\/\/www.google.com\/url?hl=pt-BR&amp;q=http:\/\/epoca.globo.com\/tudo-sobre\/noticia\/2017\/04\/fernando-henrique-cardoso.html&amp;source=gmail&amp;ust=1500845083921000&amp;usg=AFQjCNFrW88CFAl8DfB_INjT3B2VdPqvMg\">Fernando Henrique Cardoso<\/a>, Sarney tamb\u00e9m t\u00eam suas viagens financiadas pelo povo.<\/span><\/p>\n<p style=\"text-align: justify;\"><span style=\"color: #0000ff;\">Por que sustentamos calados um Estado que mete a m\u00e3o no nosso bolso sempre que est\u00e1 em apuros e que continua inchado, ineficiente e incapaz? As autoridades ainda riem nas fotos, como o governador do Rio de Janeiro, Luiz Fernando Pez\u00e3o, que n\u00e3o sabe de nada, inocente, por estar desligado num spa de luxo. \u00c9 absurdo, escandaloso. Nessa guerra de tronos, enredo e atores precisam mudar.<\/span><\/p>\n<p style=\"text-align: justify;\"><span style=\"color: #0000ff;\">Ricardo Bergamini<\/span><\/p>\n<p style=\"text-align: justify;\"><span style=\"color: #0000ff;\"><a href=\"tel:%2848%29%2099636-7322\">(48) 99636-7322<br \/>\n<\/a><\/span><span style=\"color: #0000ff;\"><a href=\"tel:%2848%29%2099976-6974\">(48) 99976-6974<br \/>\n<\/a><\/span><span style=\"color: #0000ff;\"><a href=\"mailto:ricardobergamini@ricardobergamini.com.br\" target=\"_blank\" rel=\"noopener\">ricardobergamini@ricardobergamini.com.br<br \/>\n<\/a><\/span><span style=\"color: #0000ff;\"><a href=\"http:\/\/www.ricardobergamini.com.br\/\" target=\"_blank\" rel=\"noopener\" data-saferedirecturl=\"https:\/\/www.google.com\/url?hl=pt-BR&amp;q=http:\/\/www.ricardobergamini.com.br\/&amp;source=gmail&amp;ust=1500845083921000&amp;usg=AFQjCNFahj7pctO31BnC3QgGzjrlC-f_Qg\">www.ricardobergamini.com.br<\/a><\/span><\/p>\n","protected":false},"excerpt":{"rendered":"<p>Cargos em Comiss\u00e3o da Uni\u00e3o \u2013 DAS &#8211; Fonte MP Base: Ano de 2016 Boletim Estat\u00edstico de Pessoal &#8211; Se\u00e7\u00e3o 5 Anos 2002 2010 2016&#8230;<\/p>\n","protected":false},"author":18,"featured_media":1890,"comment_status":"open","ping_status":"open","sticky":false,"template":"","format":"standard","meta":[],"categories":[10],"tags":[],"_links":{"self":[{"href":"http:\/\/acaopolitica.com\/index.php\/wp-json\/wp\/v2\/posts\/1889"}],"collection":[{"href":"http:\/\/acaopolitica.com\/index.php\/wp-json\/wp\/v2\/posts"}],"about":[{"href":"http:\/\/acaopolitica.com\/index.php\/wp-json\/wp\/v2\/types\/post"}],"author":[{"embeddable":true,"href":"http:\/\/acaopolitica.com\/index.php\/wp-json\/wp\/v2\/users\/18"}],"replies":[{"embeddable":true,"href":"http:\/\/acaopolitica.com\/index.php\/wp-json\/wp\/v2\/comments?post=1889"}],"version-history":[{"count":6,"href":"http:\/\/acaopolitica.com\/index.php\/wp-json\/wp\/v2\/posts\/1889\/revisions"}],"predecessor-version":[{"id":1896,"href":"http:\/\/acaopolitica.com\/index.php\/wp-json\/wp\/v2\/posts\/1889\/revisions\/1896"}],"wp:featuredmedia":[{"embeddable":true,"href":"http:\/\/acaopolitica.com\/index.php\/wp-json\/wp\/v2\/media\/1890"}],"wp:attachment":[{"href":"http:\/\/acaopolitica.com\/index.php\/wp-json\/wp\/v2\/media?parent=1889"}],"wp:term":[{"taxonomy":"category","embeddable":true,"href":"http:\/\/acaopolitica.com\/index.php\/wp-json\/wp\/v2\/categories?post=1889"},{"taxonomy":"post_tag","embeddable":true,"href":"http:\/\/acaopolitica.com\/index.php\/wp-json\/wp\/v2\/tags?post=1889"}],"curies":[{"name":"wp","href":"https:\/\/api.w.org\/{rel}","templated":true}]}}