{"id":1902,"date":"2017-07-26T00:16:44","date_gmt":"2017-07-26T00:16:44","guid":{"rendered":"http:\/\/acaopolitica.com\/?p=1902"},"modified":"2017-07-26T19:12:24","modified_gmt":"2017-07-26T19:12:24","slug":"novo-presidente-do-bndes-recebeu-dinheiro-de-lobista-preso-na-lava-jato","status":"publish","type":"post","link":"http:\/\/acaopolitica.com\/index.php\/2017\/07\/26\/novo-presidente-do-bndes-recebeu-dinheiro-de-lobista-preso-na-lava-jato\/","title":{"rendered":"Novo presidente do BNDES recebeu dinheiro de lobista preso na Lava Jato"},"content":{"rendered":"<p><span style=\"color: #0000ff;\">Filha de presidente do BNDES \u00e9 casada com lobista<\/span><\/p>\n<p><span style=\"color: #0000ff;\">Paulo Rabello faz piada: \u2018Prevarica\u00e7\u00e3o ginecol\u00f3gica\u2019<\/span><\/p>\n<p style=\"text-align: justify;\"><span style=\"color: #0000ff;\">O economista Paulo Rabello CastroWilson Dias\/Ag\u00eancia Brasil \u2013 22.jun.2016<\/span><\/p>\n<p style=\"text-align: justify;\">\n<p style=\"text-align: justify;\"><span style=\"color: #0000ff;\"><a href=\"https:\/\/www.poder360.com.br\/author\/andre-shalders\/\" data-saferedirecturl=\"https:\/\/www.google.com\/url?hl=pt-BR&amp;q=https:\/\/www.poder360.com.br\/author\/andre-shalders\/&amp;source=gmail&amp;ust=1501112260433000&amp;usg=AFQjCNEbfudvO-RiECPfK1rwWvmx2MTJJQ\">ANDR\u00c9 SHALDERS<\/a>\u00a0<\/span><br \/>\n<span style=\"color: #0000ff;\">02.jun.2017 (sexta-feira) &#8211; 6h20<\/span><\/p>\n<p style=\"text-align: justify;\"><span style=\"color: #0000ff;\">atualizado: 02.jun.2017 (sexta-feira) &#8211; 11h32<\/span><\/p>\n<p style=\"text-align: justify;\"><span style=\"color: #0000ff;\">O presidente do BNDES (Banco Nacional do Desenvolvimento Econ\u00f4mico e Social), Paulo Rabello de Castro, recebeu dinheiro do empres\u00e1rio Bruno Luz, em 2013. A transa\u00e7\u00e3o est\u00e1 registrada na declara\u00e7\u00e3o de Imposto de Renda de Bruno Luz, preso pela Lava Jato. Foi mencionada em 1 relat\u00f3rio da Receita\u00a0Federal anexado \u00e0 a\u00e7\u00e3o penal contra o empres\u00e1rio.<\/span><\/p>\n<p style=\"text-align: justify;\"><span style=\"color: #0000ff;\">Parte inferior do formul\u00e1rio<\/span><\/p>\n<p style=\"text-align: justify;\"><span style=\"color: #0000ff;\">Uma filha de Paulo\u00a0Rabello\u00a0de Castro \u00e9 casada com\u00a0Bruno Luz. Ele est\u00e1\u00a0<a href=\"http:\/\/www.poder360.com.br\/lava-jato\/alvos-de-38a-fase-da-lava-jato-jorge-e-bruno-luz-chegam-a-brasilia\/\" data-saferedirecturl=\"https:\/\/www.google.com\/url?hl=pt-BR&amp;q=http:\/\/www.poder360.com.br\/lava-jato\/alvos-de-38a-fase-da-lava-jato-jorge-e-bruno-luz-chegam-a-brasilia\/&amp;source=gmail&amp;ust=1501112260433000&amp;usg=AFQjCNGBxl1tOtMev3VF0HERWota4SAjMQ\">preso preventivamente desde o dia 24 de fevereiro<\/a>, acusado de lavagem de dinheiro e corrup\u00e7\u00e3o. Para o MPF, Bruno e Jorge Luz eram\u00a0lobistas do\u00a0PMDB\u00a0na\u00a0Petrobras.<\/span><\/p>\n<p style=\"text-align: justify;\"><span style=\"color: #0000ff;\">O\u00a0Poder360\u00a0falou com Paulo\u00a0Rabello\u00a0na 4\u00aa feira (31.mai). Ele foi\u00a0<a href=\"http:\/\/www.poder360.com.br\/governo\/presidente-do-ibge-comandara-bndes-anuncia-governo\/\" data-saferedirecturl=\"https:\/\/www.google.com\/url?hl=pt-BR&amp;q=http:\/\/www.poder360.com.br\/governo\/presidente-do-ibge-comandara-bndes-anuncia-governo\/&amp;source=gmail&amp;ust=1501112260433000&amp;usg=AFQjCNGdcyzT7Kw9VdOcN8olx4MkZP4pSw\">nomeado presidente do BNDES<\/a>\u00a0ap\u00f3s Maria Silvia Bastos\u00a0<a href=\"http:\/\/www.poder360.com.br\/economia\/maria-silvia-bastos-pede-demissao-da-presidencia-do-bndes\/\" data-saferedirecturl=\"https:\/\/www.google.com\/url?hl=pt-BR&amp;q=http:\/\/www.poder360.com.br\/economia\/maria-silvia-bastos-pede-demissao-da-presidencia-do-bndes\/&amp;source=gmail&amp;ust=1501112260433000&amp;usg=AFQjCNGnC_iJWYwJyqXpgNVwSyGt-fwOOw\">pedir demiss\u00e3o<\/a>.<\/span><\/p>\n<p style=\"text-align: justify;\"><span style=\"color: #0000ff;\">O relat\u00f3rio da Receita indica que Bruno Luz declarou R$ 700 mil em dinheiro no Imposto de Renda de 2014 (ano-base 2013). Afirma tamb\u00e9m que Bruno Luz quitou uma d\u00edvida com\u00a0Rabello\u00a0de Castro, embora n\u00e3o especifique o valor.\u00a0<a href=\"http:\/\/www.poder360.com.br\/wp-content\/uploads\/2017\/05\/Bluz-infoFisc-an319_event1-ap.pdf\" data-saferedirecturl=\"https:\/\/www.google.com\/url?hl=pt-BR&amp;q=http:\/\/www.poder360.com.br\/wp-content\/uploads\/2017\/05\/Bluz-infoFisc-an319_event1-ap.pdf&amp;source=gmail&amp;ust=1501112260433000&amp;usg=AFQjCNHobxRCTbciuWRCh2ctkw6j0kEWQg\">Leia a \u00edntegra do relat\u00f3rio da Receita<\/a>\u00a0que menciona (p\u00e1g. 23) o presidente do BNDES.<\/span><\/p>\n<p style=\"text-align: justify;\"><span style=\"color: #0000ff;\">Rabello de Castro n\u00e3o negou a poss\u00edvel exist\u00eancia do pagamento, mas disse que provavelmente se tratou de 1 empr\u00e9stimo \u00e0 filha, cuja declara\u00e7\u00e3o seria feita em conjunto com a de Bruno Luz.<\/span><\/p>\n<p><a href=\"http:\/\/acaopolitica.com\/wp-content\/uploads\/2017\/07\/url.png\"><img loading=\"lazy\" class=\"alignnone  wp-image-1904\" src=\"http:\/\/acaopolitica.com\/wp-content\/uploads\/2017\/07\/url-1030x876.png\" alt=\"\" width=\"696\" height=\"592\" srcset=\"http:\/\/acaopolitica.com\/wp-content\/uploads\/2017\/07\/url-1030x876.png 1030w, http:\/\/acaopolitica.com\/wp-content\/uploads\/2017\/07\/url-300x255.png 300w, http:\/\/acaopolitica.com\/wp-content\/uploads\/2017\/07\/url-768x653.png 768w, http:\/\/acaopolitica.com\/wp-content\/uploads\/2017\/07\/url.png 1300w\" sizes=\"(max-width: 696px) 100vw, 696px\" \/><\/a><\/p>\n<p><a href=\"http:\/\/acaopolitica.com\/wp-content\/uploads\/2017\/07\/unnamed.png\"><img loading=\"lazy\" class=\"alignnone  wp-image-1905\" src=\"http:\/\/acaopolitica.com\/wp-content\/uploads\/2017\/07\/unnamed.png\" alt=\"\" width=\"701\" height=\"389\" srcset=\"http:\/\/acaopolitica.com\/wp-content\/uploads\/2017\/07\/unnamed.png 1024w, http:\/\/acaopolitica.com\/wp-content\/uploads\/2017\/07\/unnamed-300x166.png 300w, http:\/\/acaopolitica.com\/wp-content\/uploads\/2017\/07\/unnamed-768x426.png 768w\" sizes=\"(max-width: 701px) 100vw, 701px\" \/><\/a><\/p>\n<p style=\"text-align: justify;\"><span style=\"color: #0000ff;\">Eis a resposta dele:\u00a0\u201cPode ter acontecido que em 1 determinado momento eu emprestei dinheiro para a minha filha comprar 1 carro ou alguma coisa assim. Coisa que qualquer pai faz para uma filha (\u2026). Provavelmente fazia o Imposto de Renda com ele [Bruno]. A\u00ed pode ter aparecido 1 empr\u00e9stimo que eu fiz e ele ressarciu\u201d.<\/span><\/p>\n<p style=\"text-align: justify;\"><span style=\"color: #0000ff;\">O novo presidente do BNDES relatou esse epis\u00f3dio ao presidente Michel Temer e aos ministros palacianos. At\u00e9 agora, o\u00a0Poder360\u00a0n\u00e3o conseguiu captar a rea\u00e7\u00e3o exata do governo.<\/span><\/p>\n<p style=\"text-align: justify;\"><span style=\"color: #0000ff;\">\u201cPREVARICA\u00c7\u00c3O GINECOL\u00d3GICA\u201d<\/span><\/p>\n<p style=\"text-align: justify;\"><span style=\"color: #0000ff;\">Bem humorado, Rabello de Castro confirmou\u00a0que Bruno Luz \u00e9 casado com sua filha. E fez uma piada:\u00a0\u201c\u00c9 casado. Inclusive a imprensa agora est\u00e1 mandando 1 projeto de lei para o Congresso tipificando o crime de prevarica\u00e7\u00e3o ginecol\u00f3gica. Para o caso de seu filho ou sua filha ter casado com algu\u00e9m que tenha alguma coisa e que responda ao\u00a0[juiz]\u00a0S\u00e9rgio Moro,\u00a0ipsu facto, voc\u00ea tamb\u00e9m est\u00e1 implicado\u201d.<\/span><\/p>\n<p style=\"text-align: justify;\"><span style=\"color: #0000ff;\">Informa\u00e7\u00f5es deste post foram publicadas antes pelo\u00a0Drive, com exclusividade. A newsletter \u00e9 produzida para assinantes pela equipe de jornalistas do\u00a0Poder360. Conhe\u00e7a mais o\u00a0Drive\u00a0<a href=\"http:\/\/www.poder360.com.br\/drive-premium\/\" data-saferedirecturl=\"https:\/\/www.google.com\/url?hl=pt-BR&amp;q=http:\/\/www.poder360.com.br\/drive-premium\/&amp;source=gmail&amp;ust=1501112260433000&amp;usg=AFQjCNGOlkUV6acbz5Vy5RDJjs1jHrqryg\">aqui<\/a>\u00a0e saiba como receber com anteced\u00eancia todas as principais informa\u00e7\u00f5es do poder e da pol\u00edtica.<\/span><\/p>\n<p style=\"text-align: justify;\"><span style=\"color: #0000ff;\">Ricardo Bergamini<\/span><\/p>\n<p style=\"text-align: justify;\"><span style=\"color: #0000ff;\"><a href=\"tel:%2848%29%2099636-7322\">(48) 99636-7322<br \/>\n<\/a><\/span><span style=\"color: #0000ff;\"><a href=\"tel:%2848%29%2099976-6974\">(48) 99976-6974<br \/>\n<\/a><\/span><span style=\"color: #0000ff;\"><a href=\"mailto:ricardobergamini@ricardobergamini.com.br\" target=\"_blank\" rel=\"noopener\">ricardobergamini@ricardobergamini.com.br<br \/>\n<\/a><\/span><span style=\"color: #0000ff;\"><a href=\"http:\/\/www.ricardobergamini.com.br\/\" target=\"_blank\" rel=\"noopener\" data-saferedirecturl=\"https:\/\/www.google.com\/url?hl=pt-BR&amp;q=http:\/\/www.ricardobergamini.com.br\/&amp;source=gmail&amp;ust=1501112260433000&amp;usg=AFQjCNHKrR1qJdK-bbdcxfcwOgFxHBlBxg\">www.ricardobergamini.com.br<\/a><\/span><\/p>\n","protected":false},"excerpt":{"rendered":"<p>Filha de presidente do BNDES \u00e9 casada com lobista Paulo Rabello faz piada: \u2018Prevarica\u00e7\u00e3o ginecol\u00f3gica\u2019 O economista Paulo Rabello CastroWilson Dias\/Ag\u00eancia Brasil \u2013 22.jun.2016 ANDR\u00c9&#8230;<\/p>\n","protected":false},"author":18,"featured_media":1903,"comment_status":"open","ping_status":"open","sticky":false,"template":"","format":"standard","meta":[],"categories":[10],"tags":[],"_links":{"self":[{"href":"http:\/\/acaopolitica.com\/index.php\/wp-json\/wp\/v2\/posts\/1902"}],"collection":[{"href":"http:\/\/acaopolitica.com\/index.php\/wp-json\/wp\/v2\/posts"}],"about":[{"href":"http:\/\/acaopolitica.com\/index.php\/wp-json\/wp\/v2\/types\/post"}],"author":[{"embeddable":true,"href":"http:\/\/acaopolitica.com\/index.php\/wp-json\/wp\/v2\/users\/18"}],"replies":[{"embeddable":true,"href":"http:\/\/acaopolitica.com\/index.php\/wp-json\/wp\/v2\/comments?post=1902"}],"version-history":[{"count":1,"href":"http:\/\/acaopolitica.com\/index.php\/wp-json\/wp\/v2\/posts\/1902\/revisions"}],"predecessor-version":[{"id":1906,"href":"http:\/\/acaopolitica.com\/index.php\/wp-json\/wp\/v2\/posts\/1902\/revisions\/1906"}],"wp:featuredmedia":[{"embeddable":true,"href":"http:\/\/acaopolitica.com\/index.php\/wp-json\/wp\/v2\/media\/1903"}],"wp:attachment":[{"href":"http:\/\/acaopolitica.com\/index.php\/wp-json\/wp\/v2\/media?parent=1902"}],"wp:term":[{"taxonomy":"category","embeddable":true,"href":"http:\/\/acaopolitica.com\/index.php\/wp-json\/wp\/v2\/categories?post=1902"},{"taxonomy":"post_tag","embeddable":true,"href":"http:\/\/acaopolitica.com\/index.php\/wp-json\/wp\/v2\/tags?post=1902"}],"curies":[{"name":"wp","href":"https:\/\/api.w.org\/{rel}","templated":true}]}}