{"id":1912,"date":"2017-07-26T18:08:54","date_gmt":"2017-07-26T18:08:54","guid":{"rendered":"http:\/\/acaopolitica.com\/?p=1912"},"modified":"2017-07-26T19:12:05","modified_gmt":"2017-07-26T19:12:05","slug":"lindbergh-elogia-defesa-de-rabello-de-castro-a-funcionarios-do-bndes","status":"publish","type":"post","link":"http:\/\/acaopolitica.com\/index.php\/2017\/07\/26\/lindbergh-elogia-defesa-de-rabello-de-castro-a-funcionarios-do-bndes\/","title":{"rendered":"Lindbergh elogia defesa de Rabello de Castro a funcion\u00e1rios do BNDES"},"content":{"rendered":"<p style=\"text-align: justify;\"><span style=\"color: #0000ff;\"><a href=\"http:\/\/www.opovo.com.br\/noticias\/economia\/\" data-saferedirecturl=\"https:\/\/www.google.com\/url?hl=pt-BR&amp;q=http:\/\/www.opovo.com.br\/noticias\/economia\/&amp;source=gmail&amp;ust=1501178577765000&amp;usg=AFQjCNF1cB5VbgbPobCCIuOCMqkl76uQHQ\">Economia<\/a><\/span><\/p>\n<p style=\"text-align: justify;\"><span style=\"color: #0000ff;\">12:42 | 24\/07\/20170<a href=\"http:\/\/facebook.com\/sharer.php?u=http:\/\/www.opovo.com.br\/noticias\/economia\/ae\/2017\/07\/lindbergh-elogia-defesa-de-rabello-de-castro-a-funcionarios-do-bndes.html\" data-saferedirecturl=\"https:\/\/www.google.com\/url?hl=pt-BR&amp;q=http:\/\/facebook.com\/sharer.php?u%3Dhttp:\/\/www.opovo.com.br\/noticias\/economia\/ae\/2017\/07\/lindbergh-elogia-defesa-de-rabello-de-castro-a-funcionarios-do-bndes.html&amp;source=gmail&amp;ust=1501178577765000&amp;usg=AFQjCNEV3IZIFe6Bw1GcIfO8vPaR1medYA\">Facebook<\/a><a href=\"https:\/\/twitter.com\/share?url=http:\/\/www.opovo.com.br\/noticias\/economia\/ae\/2017\/07\/lindbergh-elogia-defesa-de-rabello-de-castro-a-funcionarios-do-bndes.html&amp;text=Lindbergh%20elogia%20defesa%20de%20Rabello%20de%20Castro%20a%20funcion%E1rios%20do%20BNDES&amp;hashtags=&amp;via=opovoonline\" data-saferedirecturl=\"https:\/\/www.google.com\/url?hl=pt-BR&amp;q=https:\/\/twitter.com\/share?url%3Dhttp:\/\/www.opovo.com.br\/noticias\/economia\/ae\/2017\/07\/lindbergh-elogia-defesa-de-rabello-de-castro-a-funcionarios-do-bndes.html%26text%3DLindbergh%2520elogia%2520defesa%2520de%2520Rabello%2520de%2520Castro%2520a%2520funcion%25E1rios%2520do%2520BNDES%26hashtags%3D%26via%3Dopovoonline&amp;source=gmail&amp;ust=1501178577766000&amp;usg=AFQjCNF3G-9zEXKkZS60p22PalmiXO-BDw\">Twitter<\/a><a href=\"https:\/\/plus.google.com\/share?url=http:\/\/www.opovo.com.br\/noticias\/economia\/ae\/2017\/07\/lindbergh-elogia-defesa-de-rabello-de-castro-a-funcionarios-do-bndes.html\" data-saferedirecturl=\"https:\/\/www.google.com\/url?hl=pt-BR&amp;q=https:\/\/plus.google.com\/share?url%3Dhttp:\/\/www.opovo.com.br\/noticias\/economia\/ae\/2017\/07\/lindbergh-elogia-defesa-de-rabello-de-castro-a-funcionarios-do-bndes.html&amp;source=gmail&amp;ust=1501178577766000&amp;usg=AFQjCNHZmbNjCQZnsweKK3f4H62ibNVesw\">Google+<\/a><\/span><\/p>\n<p style=\"text-align: justify;\"><span style=\"color: #0000ff;\">O senador Lindbergh Farias (PR-RJ) cumprimentou nesta segunda-feira, 24, o presidente do Banco Nacional de Desenvolvimento Econ\u00f4mico e Social (BNDES), Paulo Rabello de Castro, por defender publicamente a integridade e isen\u00e7\u00e3o de medidas tomadas pelo corpo de funcion\u00e1rios do banco em governos anteriores.<\/span><\/p>\n<p style=\"text-align: justify;\"><span style=\"color: #0000ff;\">O desgaste na rela\u00e7\u00e3o com o corpo t\u00e9cnico do BNDES foi um dos motivos que levou \u00e0 ren\u00fancia da antecessora de Rabello de Castro, Maria Silvia Bastos Marques. &#8220;N\u00e3o deixa de ser um fato alvissareiro ver um presidente do BNDES defender a institui\u00e7\u00e3o como o senhor defende&#8221;, elogiou Lindbergh.<\/span><\/p>\n<p style=\"text-align: justify;\"><span style=\"color: #0000ff;\">O senador comandou a audi\u00eancia p\u00fablica sobre a medida provis\u00f3ria que cria a Taxa de Longo Prazo (TLP), que substituir\u00e1 a Taxa de Juros de Longo Prazo (TJLP) nos empr\u00e9stimos do BNDES. O banco de fomento vem sendo alvo do Tribunal de Contas da Uni\u00e3o por conta de empr\u00e9stimos concedidos a empresas envolvidas em esquemas de corrup\u00e7\u00e3o, como o grupo de prote\u00edna animal JBS.<\/span><\/p>\n<p style=\"text-align: justify;\"><span style=\"color: #0000ff;\">Ricardo Bergamini<\/span><\/p>\n<p style=\"text-align: justify;\"><span style=\"color: #0000ff;\"><a href=\"tel:%2848%29%2099636-7322\">(48) 99636-7322<br \/>\n<\/a><\/span><span style=\"color: #0000ff;\"><a href=\"tel:%2848%29%2099976-6974\">(48) 99976-6974<br \/>\n<\/a><\/span><span style=\"color: #0000ff;\"><u><a href=\"mailto:ricardobergamini@ricardobergamini.com.br\" target=\"_blank\" rel=\"noopener\">ricardobergamini@ricardobergamini.com.br<br \/>\n<\/a><\/u><\/span><span style=\"color: #0000ff;\"><u><a href=\"http:\/\/www.ricardobergamini.com.br\/\" target=\"_blank\" rel=\"noopener\" data-saferedirecturl=\"https:\/\/www.google.com\/url?hl=pt-BR&amp;q=http:\/\/www.ricardobergamini.com.br\/&amp;source=gmail&amp;ust=1501178577766000&amp;usg=AFQjCNGASLmSh0BNwrFQegj_EZM5fMw6YA\">www.ricardobergamini.com.br<\/a><\/u><\/span><\/p>\n","protected":false},"excerpt":{"rendered":"<p>Economia 12:42 | 24\/07\/20170FacebookTwitterGoogle+ O senador Lindbergh Farias (PR-RJ) cumprimentou nesta segunda-feira, 24, o presidente do Banco Nacional de Desenvolvimento Econ\u00f4mico e Social (BNDES), Paulo&#8230;<\/p>\n","protected":false},"author":18,"featured_media":1913,"comment_status":"open","ping_status":"open","sticky":false,"template":"","format":"standard","meta":[],"categories":[10],"tags":[],"_links":{"self":[{"href":"http:\/\/acaopolitica.com\/index.php\/wp-json\/wp\/v2\/posts\/1912"}],"collection":[{"href":"http:\/\/acaopolitica.com\/index.php\/wp-json\/wp\/v2\/posts"}],"about":[{"href":"http:\/\/acaopolitica.com\/index.php\/wp-json\/wp\/v2\/types\/post"}],"author":[{"embeddable":true,"href":"http:\/\/acaopolitica.com\/index.php\/wp-json\/wp\/v2\/users\/18"}],"replies":[{"embeddable":true,"href":"http:\/\/acaopolitica.com\/index.php\/wp-json\/wp\/v2\/comments?post=1912"}],"version-history":[{"count":1,"href":"http:\/\/acaopolitica.com\/index.php\/wp-json\/wp\/v2\/posts\/1912\/revisions"}],"predecessor-version":[{"id":1914,"href":"http:\/\/acaopolitica.com\/index.php\/wp-json\/wp\/v2\/posts\/1912\/revisions\/1914"}],"wp:featuredmedia":[{"embeddable":true,"href":"http:\/\/acaopolitica.com\/index.php\/wp-json\/wp\/v2\/media\/1913"}],"wp:attachment":[{"href":"http:\/\/acaopolitica.com\/index.php\/wp-json\/wp\/v2\/media?parent=1912"}],"wp:term":[{"taxonomy":"category","embeddable":true,"href":"http:\/\/acaopolitica.com\/index.php\/wp-json\/wp\/v2\/categories?post=1912"},{"taxonomy":"post_tag","embeddable":true,"href":"http:\/\/acaopolitica.com\/index.php\/wp-json\/wp\/v2\/tags?post=1912"}],"curies":[{"name":"wp","href":"https:\/\/api.w.org\/{rel}","templated":true}]}}