{"id":1915,"date":"2017-07-26T18:26:19","date_gmt":"2017-07-26T18:26:19","guid":{"rendered":"http:\/\/acaopolitica.com\/?p=1915"},"modified":"2017-07-26T19:11:56","modified_gmt":"2017-07-26T19:11:56","slug":"curiosidade-economica-brasileira","status":"publish","type":"post","link":"http:\/\/acaopolitica.com\/index.php\/2017\/07\/26\/curiosidade-economica-brasileira\/","title":{"rendered":"Curiosidade Econ\u00f4mica Brasileira"},"content":{"rendered":"<p>&nbsp;<\/p>\n<p><span style=\"color: #ff0000;\">Ricardo Bergamini<\/span><\/p>\n<p style=\"text-align: justify;\"><span style=\"color: #0000ff;\">Em junho de 2017 o Banco Central do Brasil carregava um estoque de d\u00edvida externa (p\u00fablica e privada) no valor de US$ 666,9 bilh\u00f5es. Deveres monet\u00e1rios do Banco Central em moedas estrangeiras.<\/span><\/p>\n<p style=\"text-align: justify;\"><span style=\"color: #0000ff;\">Em junho de 2017 as reservas em moedas estrangeiras, no conceito de caixa, em poder do Banco Central do Brasil eram de US$ 378,4 bilh\u00f5es. Haveres monet\u00e1rios do Banco Central do Brasil em moedas estrangeiras.<\/span><\/p>\n<p style=\"text-align: justify;\"><span style=\"color: #0000ff;\">Em junho de 2017 o Banco Central do Brasil tinha um saldo devedor em moedas estrangeiras correspondentes a US$ 288,5 bilh\u00f5es.<\/span><\/p>\n<p style=\"text-align: justify;\"><span style=\"color: #ff0000;\">Conclus\u00e3o: O Brasil talvez seja o \u00fanico pa\u00eds do planeta que regula a sua moeda (comprando e\/ou vendendo moedas estrangeiras no mercado) com d\u00edvidas, e n\u00e3o com reservas. Avan\u00e7a Brasil (para o abismo).<\/span><\/p>\n<p style=\"text-align: center;\"><span style=\"color: #ff0000;\">Arquivos oficiais do governo est\u00e3o dispon\u00edveis aos leitores.<\/span><\/p>\n<p style=\"text-align: justify;\"><span style=\"color: #0000ff;\"><a href=\"tel:%2848%29%2099636-7322\">(48) 99636-7322<br \/>\n<\/a><\/span><span style=\"color: #0000ff;\"><a href=\"tel:%2848%29%2099976-6974\">(48) 99976-6974<br \/>\n<\/a><\/span><span style=\"color: #0000ff;\"><a href=\"mailto:ricardobergamini@ricardobergamini.com.br\" target=\"_blank\" rel=\"noopener\">ricardobergamini@ricardobergamini.com.br<br \/>\n<\/a><\/span><span style=\"color: #0000ff;\"><a href=\"http:\/\/www.ricardobergamini.com.br\/\" target=\"_blank\" rel=\"noopener\" data-saferedirecturl=\"https:\/\/www.google.com\/url?hl=pt-BR&amp;q=http:\/\/www.ricardobergamini.com.br\/&amp;source=gmail&amp;ust=1501178577753000&amp;usg=AFQjCNE2Y6-o3yCSA6OFvtmXxlncttRNnQ\">www.ricardobergamini.com.br<\/a><\/span><\/p>\n","protected":false},"excerpt":{"rendered":"<p>&nbsp; Ricardo Bergamini Em junho de 2017 o Banco Central do Brasil carregava um estoque de d\u00edvida externa (p\u00fablica e privada) no valor de US$&#8230;<\/p>\n","protected":false},"author":18,"featured_media":1916,"comment_status":"open","ping_status":"open","sticky":false,"template":"","format":"standard","meta":[],"categories":[10],"tags":[],"_links":{"self":[{"href":"http:\/\/acaopolitica.com\/index.php\/wp-json\/wp\/v2\/posts\/1915"}],"collection":[{"href":"http:\/\/acaopolitica.com\/index.php\/wp-json\/wp\/v2\/posts"}],"about":[{"href":"http:\/\/acaopolitica.com\/index.php\/wp-json\/wp\/v2\/types\/post"}],"author":[{"embeddable":true,"href":"http:\/\/acaopolitica.com\/index.php\/wp-json\/wp\/v2\/users\/18"}],"replies":[{"embeddable":true,"href":"http:\/\/acaopolitica.com\/index.php\/wp-json\/wp\/v2\/comments?post=1915"}],"version-history":[{"count":1,"href":"http:\/\/acaopolitica.com\/index.php\/wp-json\/wp\/v2\/posts\/1915\/revisions"}],"predecessor-version":[{"id":1917,"href":"http:\/\/acaopolitica.com\/index.php\/wp-json\/wp\/v2\/posts\/1915\/revisions\/1917"}],"wp:featuredmedia":[{"embeddable":true,"href":"http:\/\/acaopolitica.com\/index.php\/wp-json\/wp\/v2\/media\/1916"}],"wp:attachment":[{"href":"http:\/\/acaopolitica.com\/index.php\/wp-json\/wp\/v2\/media?parent=1915"}],"wp:term":[{"taxonomy":"category","embeddable":true,"href":"http:\/\/acaopolitica.com\/index.php\/wp-json\/wp\/v2\/categories?post=1915"},{"taxonomy":"post_tag","embeddable":true,"href":"http:\/\/acaopolitica.com\/index.php\/wp-json\/wp\/v2\/tags?post=1915"}],"curies":[{"name":"wp","href":"https:\/\/api.w.org\/{rel}","templated":true}]}}