{"id":1918,"date":"2017-07-26T18:52:08","date_gmt":"2017-07-26T18:52:08","guid":{"rendered":"http:\/\/acaopolitica.com\/?p=1918"},"modified":"2017-07-26T19:11:41","modified_gmt":"2017-07-26T19:11:41","slug":"senado-aluga-85-carros-zero-quilometro-por-r-83-milhoes","status":"publish","type":"post","link":"http:\/\/acaopolitica.com\/index.php\/2017\/07\/26\/senado-aluga-85-carros-zero-quilometro-por-r-83-milhoes\/","title":{"rendered":"Senado aluga 85 carros zero-quil\u00f4metro por R$ 8,3 milh\u00f5es"},"content":{"rendered":"<p style=\"text-align: justify;\"><span style=\"color: #0000ff;\">&#8220;Crise econ\u00f4mica no Brasil n\u00e3o existe&#8221;, afirma Michel Temer no G20<br \/>\nEXPRESSO<\/span><\/p>\n<p style=\"text-align: justify;\"><span style=\"color: #0000ff;\">Contrato tem dura\u00e7\u00e3o de 30 meses<\/span><\/p>\n<p style=\"text-align: justify;\"><span style=\"color: #0000ff;\">NELSON NIERO NETO, COM EDI\u00c7\u00c3O DE MURILO RAMOS<\/span><\/p>\n<p style=\"text-align: justify;\"><span style=\"color: #0000ff;\">24\/07\/2017 &#8211; 17h34 &#8211; Atualizado 24\/07\/2017 17h56<\/span><\/p>\n<p style=\"text-align: justify;\"><span style=\"color: #0000ff;\">Carro utilizado pela presid\u00eancia do Senado Federal (Foto: F\u00e1bio Rodrigues Pozzebom\/ABr)<\/span><\/p>\n<p style=\"text-align: justify;\"><span style=\"color: #0000ff;\">O Senado fechou contrato para alugar 85 carros zero-quil\u00f4metro para os senadores, secret\u00e1rio-geral da mesa, diretor-geral e seguran\u00e7a do presidente\u00a0<a style=\"color: #0000ff;\" href=\"http:\/\/epoca.globo.com\/tudo-sobre\/noticia\/2017\/01\/eunicio-oliveira.html\" data-saferedirecturl=\"https:\/\/www.google.com\/url?hl=pt-BR&amp;q=http:\/\/epoca.globo.com\/tudo-sobre\/noticia\/2017\/01\/eunicio-oliveira.html&amp;source=gmail&amp;ust=1501178577744000&amp;usg=AFQjCNFZu2_DnqadQBEuQq3XDP0sZQNKSg\">Eun\u00edcio Oliveira<\/a>\u00a0(PMDB-CE). Os custos com manuten\u00e7\u00e3o, combust\u00edvel e seguro dos autom\u00f3veis est\u00e3o inclu\u00eddos no pre\u00e7o final.<\/span><\/p>\n<p style=\"text-align: justify;\"><span style=\"color: #0000ff;\">Dois carros s\u00e3o especiais. Eles t\u00eam 250 cavalos de pot\u00eancia, ar-condicionado com duas zonas, pel\u00edcula antivandalismo, central multim\u00eddia com tela touch com r\u00e1dio integrado e leitor de CD, MP3, GPS, DVD, Bluetooth e USB. H\u00e1 tamb\u00e9m c\u00e2mera de r\u00e9 e comandos no volante. O aluguel de cada um dos carros mais luxuosos custar\u00e1 R$ 9.300 por m\u00eas.<\/span><\/p>\n<p style=\"text-align: justify;\"><span style=\"color: #0000ff;\"><a style=\"color: #0000ff;\" href=\"http:\/\/epoca.globo.com\/tempo\/expresso\/noticia\/2016\/08\/senado-pretende-gastar-r-11-milhao-com-lavagem-e-combustivel-para-carros.html\" data-saferedirecturl=\"https:\/\/www.google.com\/url?hl=pt-BR&amp;q=http:\/\/epoca.globo.com\/tempo\/expresso\/noticia\/2016\/08\/senado-pretende-gastar-r-11-milhao-com-lavagem-e-combustivel-para-carros.html&amp;source=gmail&amp;ust=1501178577744000&amp;usg=AFQjCNEFrGfgYrnrtOtHMbeQosGYgH-qDg\">&gt;&gt;\u00a0Senado pretende gastar R$ 1,1 milh\u00e3o com lavagem e combust\u00edvel para carros<\/a><\/span><\/p>\n<p style=\"text-align: justify;\"><span style=\"color: #0000ff;\">Ricardo Bergamini<\/span><\/p>\n<p style=\"text-align: justify;\"><span style=\"color: #0000ff;\"><a style=\"color: #0000ff;\" href=\"tel:%2848%29%2099636-7322\">(48) 99636-7322<br \/>\n<\/a><\/span><span style=\"color: #0000ff;\"><a style=\"color: #0000ff;\" href=\"tel:%2848%29%2099976-6974\">(48) 99976-6974<br \/>\n<\/a><\/span><span style=\"color: #0000ff;\"><a style=\"color: #0000ff;\" href=\"mailto:ricardobergamini@ricardobergamini.com.br\" target=\"_blank\" rel=\"noopener\">ricardobergamini@ricardobergamini.com.br<br \/>\n<\/a><\/span><span style=\"color: #0000ff;\"><a style=\"color: #0000ff;\" href=\"http:\/\/www.ricardobergamini.com.br\/\" target=\"_blank\" rel=\"noopener\" data-saferedirecturl=\"https:\/\/www.google.com\/url?hl=pt-BR&amp;q=http:\/\/www.ricardobergamini.com.br\/&amp;source=gmail&amp;ust=1501178577744000&amp;usg=AFQjCNFwj_uCebQzOhAfPq8sNPPt4_4HZQ\">www.ricardobergamini.com.br<\/a><\/span><\/p>\n","protected":false},"excerpt":{"rendered":"<p>&#8220;Crise econ\u00f4mica no Brasil n\u00e3o existe&#8221;, afirma Michel Temer no G20 EXPRESSO Contrato tem dura\u00e7\u00e3o de 30 meses NELSON NIERO NETO, COM EDI\u00c7\u00c3O DE MURILO&#8230;<\/p>\n","protected":false},"author":18,"featured_media":1920,"comment_status":"open","ping_status":"open","sticky":false,"template":"","format":"standard","meta":[],"categories":[10],"tags":[],"_links":{"self":[{"href":"http:\/\/acaopolitica.com\/index.php\/wp-json\/wp\/v2\/posts\/1918"}],"collection":[{"href":"http:\/\/acaopolitica.com\/index.php\/wp-json\/wp\/v2\/posts"}],"about":[{"href":"http:\/\/acaopolitica.com\/index.php\/wp-json\/wp\/v2\/types\/post"}],"author":[{"embeddable":true,"href":"http:\/\/acaopolitica.com\/index.php\/wp-json\/wp\/v2\/users\/18"}],"replies":[{"embeddable":true,"href":"http:\/\/acaopolitica.com\/index.php\/wp-json\/wp\/v2\/comments?post=1918"}],"version-history":[{"count":1,"href":"http:\/\/acaopolitica.com\/index.php\/wp-json\/wp\/v2\/posts\/1918\/revisions"}],"predecessor-version":[{"id":1921,"href":"http:\/\/acaopolitica.com\/index.php\/wp-json\/wp\/v2\/posts\/1918\/revisions\/1921"}],"wp:featuredmedia":[{"embeddable":true,"href":"http:\/\/acaopolitica.com\/index.php\/wp-json\/wp\/v2\/media\/1920"}],"wp:attachment":[{"href":"http:\/\/acaopolitica.com\/index.php\/wp-json\/wp\/v2\/media?parent=1918"}],"wp:term":[{"taxonomy":"category","embeddable":true,"href":"http:\/\/acaopolitica.com\/index.php\/wp-json\/wp\/v2\/categories?post=1918"},{"taxonomy":"post_tag","embeddable":true,"href":"http:\/\/acaopolitica.com\/index.php\/wp-json\/wp\/v2\/tags?post=1918"}],"curies":[{"name":"wp","href":"https:\/\/api.w.org\/{rel}","templated":true}]}}