{"id":1922,"date":"2017-07-26T19:03:29","date_gmt":"2017-07-26T19:03:29","guid":{"rendered":"http:\/\/acaopolitica.com\/?p=1922"},"modified":"2017-07-26T19:11:32","modified_gmt":"2017-07-26T19:11:32","slug":"ministerio-do-planejamento-propoe-programa-de-desligamento-voluntario-para-servidores","status":"publish","type":"post","link":"http:\/\/acaopolitica.com\/index.php\/2017\/07\/26\/ministerio-do-planejamento-propoe-programa-de-desligamento-voluntario-para-servidores\/","title":{"rendered":"Minist\u00e9rio do Planejamento prop\u00f5e Programa de Desligamento Volunt\u00e1rio para servidores"},"content":{"rendered":"<p style=\"text-align: justify;\"><span style=\"color: #0000ff;\">Publicado:\u00a0 24\/07\/2017 18h42,\u00daltima modifica\u00e7\u00e3o:\u00a0 24\/07\/2017 18h42<\/span><\/p>\n<p style=\"text-align: justify;\"><span style=\"color: #0000ff;\">O Minist\u00e9rio do Planejamento, Desenvolvimento e Gest\u00e3o est\u00e1 preparando uma proposta que define regras para um Programa de Desligamento Volunt\u00e1rio (PDV) e para a jornada de trabalho reduzida com remunera\u00e7\u00e3o proporcional para servidores p\u00fablicos\u00a0do Poder Executivo Federal.<\/span><\/p>\n<p style=\"text-align: justify;\"><span style=\"color: #0000ff;\">\u00a0A medida busca aumentar a efici\u00eancia no servi\u00e7o p\u00fablico com solu\u00e7\u00f5es que racionalizem gastos p\u00fablicos e proporcionem crescimento econ\u00f4mico.\u00a0A expectativa \u00e9 que a medida possa gerar uma economia de cerca de R$ 1 bilh\u00e3o ao ano.<\/span><\/p>\n<p style=\"text-align: justify;\"><span style=\"color: #0000ff;\">Pela legisla\u00e7\u00e3o, ficou definido que o incentivo financeiro \u00e0 ades\u00e3o ao PDV ser\u00e1 de indeniza\u00e7\u00e3o correspondente a 125% da remunera\u00e7\u00e3o do servidor na data de publica\u00e7\u00e3o da exonera\u00e7\u00e3o multiplicada pelo n\u00famero de anos de efetivo exerc\u00edcio do servidor.<\/span><\/p>\n<p style=\"text-align: justify;\"><span style=\"color: #0000ff;\">\u00a0A proposta prev\u00ea tamb\u00e9m que os servidores efetivos poder\u00e3o requerer a redu\u00e7\u00e3o da jornada de trabalho de oito horas di\u00e1rias e quarenta semanais para seis ou quatro horas di\u00e1rias e trinta ou vinte horas semanais, respectivamente, com remunera\u00e7\u00e3o proporcional, calculada sobre o total da remunera\u00e7\u00e3o. Ser\u00e1 assegurado ainda, a quem optar pela redu\u00e7\u00e3o de jornada, o pagamento adicional de meia hora di\u00e1ria, calculada conforme regulamenta\u00e7\u00e3o a ser editada pelo Minist\u00e9rio do Planejamento, Desenvolvimento e Gest\u00e3o.<\/span><\/p>\n<p style=\"text-align: justify;\"><span style=\"color: #0000ff;\">\u00daLTIMAS NOT\u00cdCIAS<\/span><\/p>\n<p style=\"text-align: justify;\"><span style=\"color: #0000ff;\">publicado:\u00a0 10\/05\/2017 16h04,\u00a0\u00faltima modifica\u00e7\u00e3o:\u00a0 10\/05\/2017 16h04<\/span><\/p>\n<p style=\"text-align: justify;\"><span style=\"color: #0000ff;\"><a style=\"color: #0000ff;\" href=\"http:\/\/www.planejamento.gov.br\/noticias\/planejamento-autoriza-600-vagas-para-contratacoes-no-ministerio-da-agricultura\" data-saferedirecturl=\"https:\/\/www.google.com\/url?hl=pt-BR&amp;q=http:\/\/www.planejamento.gov.br\/noticias\/planejamento-autoriza-600-vagas-para-contratacoes-no-ministerio-da-agricultura&amp;source=gmail&amp;ust=1501178575071000&amp;usg=AFQjCNHSaP60iaEZeTuTWe5qM0csyQAfrQ\"><span style=\"color: #ff0000;\">Planejamento autoriza 600 vagas para contrata\u00e7\u00f5es no Minist\u00e9rio da Agricultura<\/span><\/a><\/span><\/p>\n<p style=\"text-align: justify;\"><span style=\"color: #0000ff;\">Ser\u00e3o 300 vagas permanentes para Auditor Fiscal Federal Agropecu\u00e1rio e 300 postos de trabalho tempor\u00e1rios para m\u00e9dicos veterin\u00e1rios<\/span><\/p>\n<p style=\"text-align: justify;\"><span style=\"color: #0000ff;\">por\u00a0<a style=\"color: #0000ff;\" href=\"http:\/\/www.planejamento.gov.br\/author\/vania.paiva\" data-saferedirecturl=\"https:\/\/www.google.com\/url?hl=pt-BR&amp;q=http:\/\/www.planejamento.gov.br\/author\/vania.paiva&amp;source=gmail&amp;ust=1501178575072000&amp;usg=AFQjCNFW4QspAThhUvCfqONTyIGLW2ETLA\">Ascom<\/a>publicado\u00a019\/07\/2017\u00a011h19\u00a0Not\u00edcia<\/span><\/p>\n<p>&nbsp;<\/p>\n<p style=\"text-align: justify;\"><span style=\"color: #0000ff;\"><a style=\"color: #0000ff;\" href=\"http:\/\/www.planejamento.gov.br\/noticias\/planejamento-autoriza-concurso-publico-para-a-abin\" data-saferedirecturl=\"https:\/\/www.google.com\/url?hl=pt-BR&amp;q=http:\/\/www.planejamento.gov.br\/noticias\/planejamento-autoriza-concurso-publico-para-a-abin&amp;source=gmail&amp;ust=1501178575072000&amp;usg=AFQjCNHZfDpn7zJcO32i1T4hzBNqBdBQAg\"><span style=\"color: #ff0000;\">Planejamento autoriza concurso p\u00fablico para a Abin<\/span><\/a><\/span><\/p>\n<p style=\"text-align: justify;\"><span style=\"color: #0000ff;\">Ser\u00e3o destinados 300 cargos para oficial, oficial t\u00e9cnico e agente de Intelig\u00eancia<\/span><\/p>\n<p style=\"text-align: justify;\"><span style=\"color: #0000ff;\">por\u00a0<a style=\"color: #0000ff;\" href=\"http:\/\/www.planejamento.gov.br\/author\/vania.paiva\" data-saferedirecturl=\"https:\/\/www.google.com\/url?hl=pt-BR&amp;q=http:\/\/www.planejamento.gov.br\/author\/vania.paiva&amp;source=gmail&amp;ust=1501178575072000&amp;usg=AFQjCNFW4QspAThhUvCfqONTyIGLW2ETLA\">Ascom<\/a>publicado\u00a017\/07\/2017\u00a010h50\u00a0Not\u00edcia<\/span><\/p>\n<p>&nbsp;<\/p>\n<p style=\"text-align: justify;\"><span style=\"color: #ff0000;\"><a href=\"http:\/\/www.planejamento.gov.br\/noticias\/planejamento-autoriza-ministerio-da-defesa-a-realizar-concurso-para-115-vagas-de-professor\" data-saferedirecturl=\"https:\/\/www.google.com\/url?hl=pt-BR&amp;q=http:\/\/www.planejamento.gov.br\/noticias\/planejamento-autoriza-ministerio-da-defesa-a-realizar-concurso-para-115-vagas-de-professor&amp;source=gmail&amp;ust=1501178575072000&amp;usg=AFQjCNFpDiNuWwzdRkC2GKR49sHVAkK-tA\"><span style=\"color: #ff0000;\">Planejamento autoriza Minist\u00e9rio da Defesa a realizar concurso para 115 vagas de professor<\/span><\/a><\/span><\/p>\n<p style=\"text-align: justify;\"><span style=\"color: #0000ff;\">Ser\u00e3o 21 vagas para o Comando da Marinha, 19 para o do Ex\u00e9rcito, 60 para o da Aeron\u00e1utica e 15 para a Escola Superior de Guerra<\/span><\/p>\n<p style=\"text-align: justify;\"><span style=\"color: #0000ff;\">por\u00a0<a style=\"color: #0000ff;\" href=\"http:\/\/www.planejamento.gov.br\/author\/melissa.silva\" data-saferedirecturl=\"https:\/\/www.google.com\/url?hl=pt-BR&amp;q=http:\/\/www.planejamento.gov.br\/author\/melissa.silva&amp;source=gmail&amp;ust=1501178575072000&amp;usg=AFQjCNFzI2y5bL3xjRsXu41BxLwU-fCl9Q\">Ascom<\/a>publicado\u00a030\/06\/2017\u00a017h15\u00a0Not\u00edcia<\/span><\/p>\n<p style=\"text-align: justify;\"><span style=\"color: #0000ff;\">\u00a0<\/span><\/p>\n<p style=\"text-align: justify;\"><span style=\"color: #0000ff;\"><a style=\"color: #0000ff;\" href=\"http:\/\/www.planejamento.gov.br\/noticias\/autorizadas-nomeacoes-para-inss-e-ministerio-do-planejamento\" data-saferedirecturl=\"https:\/\/www.google.com\/url?hl=pt-BR&amp;q=http:\/\/www.planejamento.gov.br\/noticias\/autorizadas-nomeacoes-para-inss-e-ministerio-do-planejamento&amp;source=gmail&amp;ust=1501178575072000&amp;usg=AFQjCNFNYgdbW0qTIDSrYdCBY_i8Lj0zdw\"><span style=\"color: #ff0000;\">Autorizadas nomea\u00e7\u00f5es para INSS e Minist\u00e9rio do Planejamento<\/span><\/a><\/span><\/p>\n<p style=\"text-align: justify;\"><span style=\"color: #0000ff;\">Nomea\u00e7\u00f5es dever\u00e3o ocorrer at\u00e9 o final deste ano<\/span><\/p>\n<p style=\"text-align: justify;\"><span style=\"color: #0000ff;\">por\u00a0<a style=\"color: #0000ff;\" href=\"http:\/\/www.planejamento.gov.br\/author\/vania.paiva\" data-saferedirecturl=\"https:\/\/www.google.com\/url?hl=pt-BR&amp;q=http:\/\/www.planejamento.gov.br\/author\/vania.paiva&amp;source=gmail&amp;ust=1501178575072000&amp;usg=AFQjCNFW4QspAThhUvCfqONTyIGLW2ETLA\">Ascom<\/a>publicado\u00a030\/06\/2017\u00a011h44\u00a0Not\u00edcia<\/span><\/p>\n<p style=\"text-align: justify;\"><span style=\"color: #0000ff;\">\u00a0<\/span><\/p>\n<p style=\"text-align: justify;\"><span style=\"color: #0000ff;\"><a style=\"color: #0000ff;\" href=\"http:\/\/www.planejamento.gov.br\/noticias\/portaria-autoriza-34-nomeacoes-para-ministerio-do-planejamento-e-enap\" data-saferedirecturl=\"https:\/\/www.google.com\/url?hl=pt-BR&amp;q=http:\/\/www.planejamento.gov.br\/noticias\/portaria-autoriza-34-nomeacoes-para-ministerio-do-planejamento-e-enap&amp;source=gmail&amp;ust=1501178575072000&amp;usg=AFQjCNGDz91NYG2KlbGS2Yyv2zWdy1-lJg\"><span style=\"color: #ff0000;\">Portaria autoriza 34 nomea\u00e7\u00f5es para Minist\u00e9rio do Planejamento e Enap<\/span><\/a><\/span><\/p>\n<p style=\"text-align: justify;\"><span style=\"color: #0000ff;\">Vagas s\u00e3o para as cidades de Bras\u00edlia (DF), Campo Grande (MS), Porto Velho (RO), Manaus (AM), Rio Branco (AC), S\u00e3o Paulo (SP) e Florian\u00f3polis (SC)<\/span><\/p>\n<p style=\"text-align: justify;\"><span style=\"color: #0000ff;\">por\u00a0<a style=\"color: #0000ff;\" href=\"http:\/\/www.planejamento.gov.br\/author\/vania.paiva\" data-saferedirecturl=\"https:\/\/www.google.com\/url?hl=pt-BR&amp;q=http:\/\/www.planejamento.gov.br\/author\/vania.paiva&amp;source=gmail&amp;ust=1501178575072000&amp;usg=AFQjCNFW4QspAThhUvCfqONTyIGLW2ETLA\">Ascom<\/a>publicado\u00a006\/06\/2017\u00a011h41\u00a0Not\u00edcia<\/span><\/p>\n<p style=\"text-align: justify;\"><span style=\"color: #0000ff;\">\u00a0<\/span><\/p>\n<p style=\"text-align: justify;\"><span style=\"color: #0000ff;\"><a style=\"color: #0000ff;\" href=\"http:\/\/www.planejamento.gov.br\/noticias\/planejamento-autoriza-372-nomeacoes-para-o-ibge-e-anac\" data-saferedirecturl=\"https:\/\/www.google.com\/url?hl=pt-BR&amp;q=http:\/\/www.planejamento.gov.br\/noticias\/planejamento-autoriza-372-nomeacoes-para-o-ibge-e-anac&amp;source=gmail&amp;ust=1501178575072000&amp;usg=AFQjCNEWbgNJHzfxuU5CpW3DIdkGi9YQhA\"><span style=\"color: #ff0000;\">Planejamento autoriza 372 nomea\u00e7\u00f5es para o IBGE e ANAC<\/span><\/a><\/span><\/p>\n<p style=\"text-align: justify;\"><span style=\"color: #0000ff;\">Prazo para convoca\u00e7\u00e3o de candidatos aprovados vai at\u00e9 31 de dezembro deste ano<\/span><\/p>\n<p style=\"text-align: justify;\"><span style=\"color: #0000ff;\">por\u00a0<a style=\"color: #0000ff;\" href=\"http:\/\/www.planejamento.gov.br\/author\/vania.paiva\" data-saferedirecturl=\"https:\/\/www.google.com\/url?hl=pt-BR&amp;q=http:\/\/www.planejamento.gov.br\/author\/vania.paiva&amp;source=gmail&amp;ust=1501178575072000&amp;usg=AFQjCNFW4QspAThhUvCfqONTyIGLW2ETLA\">Ascom<\/a>publicado\u00a028\/04\/2017\u00a010h49\u00a0Not\u00edcia<\/span><\/p>\n<p style=\"text-align: justify;\"><span style=\"color: #0000ff;\">\u00a0<\/span><\/p>\n<p style=\"text-align: justify;\"><span style=\"color: #0000ff;\"><a style=\"color: #0000ff;\" href=\"http:\/\/www.planejamento.gov.br\/noticias\/planejamento-autoriza-ans-a-convocar-102-aprovados-em-concurso\" data-saferedirecturl=\"https:\/\/www.google.com\/url?hl=pt-BR&amp;q=http:\/\/www.planejamento.gov.br\/noticias\/planejamento-autoriza-ans-a-convocar-102-aprovados-em-concurso&amp;source=gmail&amp;ust=1501178575072000&amp;usg=AFQjCNH_SqenmfD1KJtNQsj44PON6MMxiA\"><span style=\"color: #ff0000;\">Planejamento autoriza ANS a convocar 102 aprovados em concurso<\/span><\/a><\/span><\/p>\n<p style=\"text-align: justify;\"><span style=\"color: #0000ff;\">Cargos dever\u00e3o ser preenchidos entre abril e dezembro deste ano<\/span><\/p>\n<p style=\"text-align: justify;\"><span style=\"color: #0000ff;\">por\u00a0<a style=\"color: #0000ff;\" href=\"http:\/\/www.planejamento.gov.br\/author\/marcelo.klotz\" data-saferedirecturl=\"https:\/\/www.google.com\/url?hl=pt-BR&amp;q=http:\/\/www.planejamento.gov.br\/author\/marcelo.klotz&amp;source=gmail&amp;ust=1501178575072000&amp;usg=AFQjCNGnF9SKUCZ4zXTjLqUvXvxrVflgsg\">Ascom<\/a>publicado\u00a020\/04\/2017\u00a009h49\u00a0Not\u00edcia<\/span><\/p>\n<p style=\"text-align: justify;\"><span style=\"color: #0000ff;\">\u00a0<\/span><\/p>\n<p style=\"text-align: justify;\"><span style=\"color: #0000ff;\"><a style=\"color: #0000ff;\" href=\"http:\/\/www.planejamento.gov.br\/noticias\/planejamento-autoriza-200-nomeacoes-para-o-inss-e-60-para-o-mre\" data-saferedirecturl=\"https:\/\/www.google.com\/url?hl=pt-BR&amp;q=http:\/\/www.planejamento.gov.br\/noticias\/planejamento-autoriza-200-nomeacoes-para-o-inss-e-60-para-o-mre&amp;source=gmail&amp;ust=1501178575072000&amp;usg=AFQjCNGa8zdO7F6ZsRAqgUzElURA7Jf9-w\"><span style=\"color: #ff0000;\">Planejamento autoriza 200 nomea\u00e7\u00f5es para o INSS e 60 para o MRE<\/span><\/a><\/span><\/p>\n<p style=\"text-align: justify;\"><span style=\"color: #0000ff;\">Por meio de portarias publicadas no Di\u00e1rio Oficial da Uni\u00e3o de hoje, governo assegura vagas para aprovados em concursos<\/span><\/p>\n<p style=\"text-align: justify;\"><span style=\"color: #0000ff;\">por\u00a0<a style=\"color: #0000ff;\" href=\"http:\/\/www.planejamento.gov.br\/author\/marcelo.klotz\" data-saferedirecturl=\"https:\/\/www.google.com\/url?hl=pt-BR&amp;q=http:\/\/www.planejamento.gov.br\/author\/marcelo.klotz&amp;source=gmail&amp;ust=1501178575073000&amp;usg=AFQjCNHFOl_OmjkA8k5VNcwpH4_hLf7p_g\">Ascom<\/a>publicado\u00a017\/04\/2017\u00a009h37\u00a0Not\u00edcia<\/span><\/p>\n<p style=\"text-align: justify;\"><span style=\"color: #0000ff;\">\u00a0<\/span><\/p>\n<p style=\"text-align: justify;\"><span style=\"color: #0000ff;\"><a style=\"color: #0000ff;\" href=\"http:\/\/www.planejamento.gov.br\/noticias\/planejamento-autoriza-70-nomeacoes-para-o-inpi-1\" data-saferedirecturl=\"https:\/\/www.google.com\/url?hl=pt-BR&amp;q=http:\/\/www.planejamento.gov.br\/noticias\/planejamento-autoriza-70-nomeacoes-para-o-inpi-1&amp;source=gmail&amp;ust=1501178575073000&amp;usg=AFQjCNHBi_uHipKcRFsLo6cGPB7UooVRUg\"><span style=\"color: #ff0000;\">Planejamento autoriza 70 nomea\u00e7\u00f5es para o INPI<\/span><\/a><\/span><\/p>\n<p style=\"text-align: justify;\"><span style=\"color: #0000ff;\">Foram liberadas 50 vagas para pesquisador e 20 para tecnologista em Propriedade Industrial<\/span><\/p>\n<p style=\"text-align: justify;\"><span style=\"color: #0000ff;\">por\u00a0<a style=\"color: #0000ff;\" href=\"http:\/\/www.planejamento.gov.br\/author\/vania.paiva\" data-saferedirecturl=\"https:\/\/www.google.com\/url?hl=pt-BR&amp;q=http:\/\/www.planejamento.gov.br\/author\/vania.paiva&amp;source=gmail&amp;ust=1501178575073000&amp;usg=AFQjCNFN2UQ182QchM34fda6IfIL-wrTFw\">Ascom<\/a>publicado\u00a029\/03\/2017\u00a010h59\u00a0Not\u00edcia<\/span><\/p>\n<p style=\"text-align: justify;\"><span style=\"color: #0000ff;\">DADOS<\/span><\/p>\n<p style=\"text-align: justify;\"><span style=\"color: #ff0000;\">\u00a0<\/span><\/p>\n<p style=\"text-align: justify;\"><span style=\"color: #0000ff;\"><a style=\"color: #0000ff;\" href=\"http:\/\/www.planejamento.gov.br\/noticias\/consultoria-juridica-do-planejamento-recebe-oito-novos-servidores\" data-saferedirecturl=\"https:\/\/www.google.com\/url?hl=pt-BR&amp;q=http:\/\/www.planejamento.gov.br\/noticias\/consultoria-juridica-do-planejamento-recebe-oito-novos-servidores&amp;source=gmail&amp;ust=1501178575073000&amp;usg=AFQjCNEJNqTyCLVZn2av2fDmOzX9f7yRng\"><span style=\"color: #ff0000;\">Consultoria Jur\u00eddica do Planejamento recebe oito novos servidores<\/span><\/a><\/span><\/p>\n<p style=\"text-align: justify;\"><span style=\"color: #0000ff;\">Amplia\u00e7\u00e3o do quadro trar\u00e1 ben\u00e9ficos com aumento de metas e redu\u00e7\u00e3o de prazos<\/span><\/p>\n<p style=\"text-align: justify;\"><span style=\"color: #0000ff;\">por\u00a0<a style=\"color: #0000ff;\" href=\"http:\/\/www.planejamento.gov.br\/author\/vania.paiva\" data-saferedirecturl=\"https:\/\/www.google.com\/url?hl=pt-BR&amp;q=http:\/\/www.planejamento.gov.br\/author\/vania.paiva&amp;source=gmail&amp;ust=1501178575073000&amp;usg=AFQjCNFN2UQ182QchM34fda6IfIL-wrTFw\">Ascom<\/a>publicado\u00a030\/01\/2017\u00a015h20\u00a0Not\u00edcia<\/span><\/p>\n<p style=\"text-align: justify;\"><span style=\"color: #0000ff;\">\u00a0<\/span><\/p>\n<p style=\"text-align: justify;\"><span style=\"color: #0000ff;\"><a style=\"color: #0000ff;\" href=\"http:\/\/www.planejamento.gov.br\/noticias\/planejamento-autoriza-386-nomeacoes-para-o-depen\" data-saferedirecturl=\"https:\/\/www.google.com\/url?hl=pt-BR&amp;q=http:\/\/www.planejamento.gov.br\/noticias\/planejamento-autoriza-386-nomeacoes-para-o-depen&amp;source=gmail&amp;ust=1501178575073000&amp;usg=AFQjCNF5pxVpvhztw_roJNDMDnzjtpqnFw\"><span style=\"color: #ff0000;\">Planejamento autoriza 386 nomea\u00e7\u00f5es para penitenci\u00e1rias federais<\/span><\/a><\/span><\/p>\n<p style=\"text-align: justify;\"><span style=\"color: #0000ff;\">Ricardo Bergamini<\/span><\/p>\n<p style=\"text-align: justify;\"><span style=\"color: #0000ff;\"><a style=\"color: #0000ff;\" href=\"tel:%2848%29%2099636-7322\">(48) 99636-7322<br \/>\n<\/a><\/span><span style=\"color: #0000ff;\"><a style=\"color: #0000ff;\" href=\"tel:%2848%29%2099976-6974\">(48) 99976-6974<br \/>\n<\/a><\/span><span style=\"color: #0000ff;\"><u><a style=\"color: #0000ff;\" href=\"mailto:ricardobergamini@ricardobergamini.com.br\" target=\"_blank\" rel=\"noopener\">ricardobergamini@ricardobergamini.com.br<br \/>\n<\/a><\/u><\/span><span style=\"color: #0000ff;\"><u><a style=\"color: #0000ff;\" href=\"http:\/\/www.ricardobergamini.com.br\/\" target=\"_blank\" rel=\"noopener\" data-saferedirecturl=\"https:\/\/www.google.com\/url?hl=pt-BR&amp;q=http:\/\/www.ricardobergamini.com.br\/&amp;source=gmail&amp;ust=1501178575073000&amp;usg=AFQjCNHimQFeso3Ja9UZyfTfW9Pq19ZOFg\">www.ricardobergamini.com.br<\/a><\/u><\/span><\/p>\n","protected":false},"excerpt":{"rendered":"<p>Publicado:\u00a0 24\/07\/2017 18h42,\u00daltima modifica\u00e7\u00e3o:\u00a0 24\/07\/2017 18h42 O Minist\u00e9rio do Planejamento, Desenvolvimento e Gest\u00e3o est\u00e1 preparando uma proposta que define regras para um Programa de Desligamento&#8230;<\/p>\n","protected":false},"author":18,"featured_media":1923,"comment_status":"open","ping_status":"open","sticky":false,"template":"","format":"standard","meta":[],"categories":[10],"tags":[],"_links":{"self":[{"href":"http:\/\/acaopolitica.com\/index.php\/wp-json\/wp\/v2\/posts\/1922"}],"collection":[{"href":"http:\/\/acaopolitica.com\/index.php\/wp-json\/wp\/v2\/posts"}],"about":[{"href":"http:\/\/acaopolitica.com\/index.php\/wp-json\/wp\/v2\/types\/post"}],"author":[{"embeddable":true,"href":"http:\/\/acaopolitica.com\/index.php\/wp-json\/wp\/v2\/users\/18"}],"replies":[{"embeddable":true,"href":"http:\/\/acaopolitica.com\/index.php\/wp-json\/wp\/v2\/comments?post=1922"}],"version-history":[{"count":4,"href":"http:\/\/acaopolitica.com\/index.php\/wp-json\/wp\/v2\/posts\/1922\/revisions"}],"predecessor-version":[{"id":1927,"href":"http:\/\/acaopolitica.com\/index.php\/wp-json\/wp\/v2\/posts\/1922\/revisions\/1927"}],"wp:featuredmedia":[{"embeddable":true,"href":"http:\/\/acaopolitica.com\/index.php\/wp-json\/wp\/v2\/media\/1923"}],"wp:attachment":[{"href":"http:\/\/acaopolitica.com\/index.php\/wp-json\/wp\/v2\/media?parent=1922"}],"wp:term":[{"taxonomy":"category","embeddable":true,"href":"http:\/\/acaopolitica.com\/index.php\/wp-json\/wp\/v2\/categories?post=1922"},{"taxonomy":"post_tag","embeddable":true,"href":"http:\/\/acaopolitica.com\/index.php\/wp-json\/wp\/v2\/tags?post=1922"}],"curies":[{"name":"wp","href":"https:\/\/api.w.org\/{rel}","templated":true}]}}