{"id":1928,"date":"2017-07-27T20:07:56","date_gmt":"2017-07-27T20:07:56","guid":{"rendered":"http:\/\/acaopolitica.com\/?p=1928"},"modified":"2017-08-01T02:45:09","modified_gmt":"2017-08-01T02:45:09","slug":"base-3-bimestre-de-2017-fonte-mp","status":"publish","type":"post","link":"http:\/\/acaopolitica.com\/index.php\/2017\/07\/27\/base-3-bimestre-de-2017-fonte-mp\/","title":{"rendered":"Base: 3\u00b0 bimestre de 2017 &#8211; Fonte MP"},"content":{"rendered":"<p style=\"text-align: center;\"><span style=\"color: #0000ff;\"><span style=\"color: #ff0000;\">Governo divulga relat\u00f3rio de receitas e despesas<\/span> <\/span><\/p>\n<p><a href=\"http:\/\/acaopolitica.com\/wp-content\/uploads\/2017\/07\/unnamed-1.png\"><img loading=\"lazy\" class=\"alignnone size-full wp-image-1929\" src=\"http:\/\/acaopolitica.com\/wp-content\/uploads\/2017\/07\/unnamed-1.png\" alt=\"\" width=\"806\" height=\"511\" srcset=\"http:\/\/acaopolitica.com\/wp-content\/uploads\/2017\/07\/unnamed-1.png 806w, http:\/\/acaopolitica.com\/wp-content\/uploads\/2017\/07\/unnamed-1-300x190.png 300w, http:\/\/acaopolitica.com\/wp-content\/uploads\/2017\/07\/unnamed-1-768x487.png 768w\" sizes=\"(max-width: 806px) 100vw, 806px\" \/><\/a><\/p>\n<p style=\"text-align: justify;\"><span style=\"color: #0000ff;\">&#8211; Transcorrido o primeiro bimestre de 2017 foram reavaliadas as proje\u00e7\u00f5es de receitas e despesas prim\u00e1rias com dados realizados at\u00e9 fevereiro de 2017 e apurou-se a necessidade de contingenciamento, incidente sobre todos os poderes com redu\u00e7\u00e3o or\u00e7ament\u00e1ria de R$ 58,2 bilh\u00f5es.<\/span><\/p>\n<p style=\"text-align: justify;\"><span style=\"color: #0000ff;\">&#8211; Transcorrido o segundo bimestre de 2017 foram reavaliadas as proje\u00e7\u00f5es de receitas e despesas prim\u00e1rias com dados realizados at\u00e9 abril de 2017 e apurou-se a possiblidade de amplia\u00e7\u00e3o or\u00e7ament\u00e1ria, incidente sobre todos os poderes de R$ 3,1 bilh\u00f5es.<\/span><\/p>\n<p style=\"text-align: justify;\"><span style=\"color: #0000ff;\">&#8211; Transcorrido o terceiro bimestre de 2017 foram reavaliadas as proje\u00e7\u00f5es de receitas e despesas prim\u00e1rias com dados realizados at\u00e9 junho de 2017 e apurou-se a necessidade de contingenciamento, incidente sobre todos os poderes com redu\u00e7\u00e3o or\u00e7ament\u00e1ria de R$ 5,9 bilh\u00f5es.<\/span><\/p>\n<p style=\"text-align: justify;\"><span style=\"color: #0000ff;\">&#8211; Para se atingir a meta de deficit prim\u00e1rio (sem juros) de R$ 139,0 bilh\u00f5es em 2017, at\u00e9 junho de 2017 apurou-se a necessiade\u00a0 de contingenciamento, incidente sobre todos os poderes com redu\u00e7\u00e3o or\u00e7ament\u00e1ria de R$ 61,0 bilh\u00f5es. <\/span><\/p>\n<p style=\"text-align: center;\"><span style=\"color: #ff0000;\">Arquivos oficiais do governo est\u00e3o dispon\u00edveis aos leitores<\/span><\/p>\n<p style=\"text-align: justify;\"><span style=\"color: #0000ff;\">Ricardo Bergamini<\/span><\/p>\n<p style=\"text-align: justify;\"><span style=\"color: #0000ff;\"><a href=\"tel:%2848%29%2099636-7322\">(48) 99636-7322<br \/>\n<\/a><\/span><span style=\"color: #0000ff;\"><a href=\"tel:%2848%29%2099976-6974\">(48) 99976-6974<br \/>\n<\/a><\/span><span style=\"color: #0000ff;\"><a href=\"mailto:ricardobergamini@ricardobergamini.com.br\" target=\"_blank\" rel=\"noopener\">ricardobergamini@ricardobergamini.com.br<br \/>\n<\/a><\/span><span style=\"color: #0000ff;\"><a href=\"http:\/\/www.ricardobergamini.com.br\/\" target=\"_blank\" rel=\"noopener\" data-saferedirecturl=\"https:\/\/www.google.com\/url?hl=pt-BR&amp;q=http:\/\/www.ricardobergamini.com.br\/&amp;source=gmail&amp;ust=1501271098497000&amp;usg=AFQjCNFHaZLWStzzUHeLtLssK43xhPxVeg\">www.ricardobergamini.com.br<\/a><\/span><\/p>\n","protected":false},"excerpt":{"rendered":"<p>Governo divulga relat\u00f3rio de receitas e despesas &#8211; Transcorrido o primeiro bimestre de 2017 foram reavaliadas as proje\u00e7\u00f5es de receitas e despesas prim\u00e1rias com dados&#8230;<\/p>\n","protected":false},"author":18,"featured_media":1930,"comment_status":"open","ping_status":"open","sticky":false,"template":"","format":"standard","meta":[],"categories":[10],"tags":[],"_links":{"self":[{"href":"http:\/\/acaopolitica.com\/index.php\/wp-json\/wp\/v2\/posts\/1928"}],"collection":[{"href":"http:\/\/acaopolitica.com\/index.php\/wp-json\/wp\/v2\/posts"}],"about":[{"href":"http:\/\/acaopolitica.com\/index.php\/wp-json\/wp\/v2\/types\/post"}],"author":[{"embeddable":true,"href":"http:\/\/acaopolitica.com\/index.php\/wp-json\/wp\/v2\/users\/18"}],"replies":[{"embeddable":true,"href":"http:\/\/acaopolitica.com\/index.php\/wp-json\/wp\/v2\/comments?post=1928"}],"version-history":[{"count":1,"href":"http:\/\/acaopolitica.com\/index.php\/wp-json\/wp\/v2\/posts\/1928\/revisions"}],"predecessor-version":[{"id":1931,"href":"http:\/\/acaopolitica.com\/index.php\/wp-json\/wp\/v2\/posts\/1928\/revisions\/1931"}],"wp:featuredmedia":[{"embeddable":true,"href":"http:\/\/acaopolitica.com\/index.php\/wp-json\/wp\/v2\/media\/1930"}],"wp:attachment":[{"href":"http:\/\/acaopolitica.com\/index.php\/wp-json\/wp\/v2\/media?parent=1928"}],"wp:term":[{"taxonomy":"category","embeddable":true,"href":"http:\/\/acaopolitica.com\/index.php\/wp-json\/wp\/v2\/categories?post=1928"},{"taxonomy":"post_tag","embeddable":true,"href":"http:\/\/acaopolitica.com\/index.php\/wp-json\/wp\/v2\/tags?post=1928"}],"curies":[{"name":"wp","href":"https:\/\/api.w.org\/{rel}","templated":true}]}}