{"id":1939,"date":"2017-08-01T02:38:28","date_gmt":"2017-08-01T02:38:28","guid":{"rendered":"http:\/\/acaopolitica.com\/?p=1939"},"modified":"2017-08-01T02:45:16","modified_gmt":"2017-08-01T02:45:16","slug":"governo-vai-liberar-ate-r-13-milhoes-para-carnaval-do-rio-diz-deputado-do-pmdb","status":"publish","type":"post","link":"http:\/\/acaopolitica.com\/index.php\/2017\/08\/01\/governo-vai-liberar-ate-r-13-milhoes-para-carnaval-do-rio-diz-deputado-do-pmdb\/","title":{"rendered":"Governo vai liberar at\u00e9 R$ 13 milh\u00f5es para carnaval do Rio, diz deputado do PMDB"},"content":{"rendered":"<p style=\"text-align: center;\"><span style=\"color: #ff0000;\">Prezados Senhores<\/span><\/p>\n<p style=\"text-align: justify;\"><span style=\"color: #ff0000;\">&#8211; Um estado que n\u00e3o tem como pagar sal\u00e1rios dos servidores p\u00fablicos.<\/span><\/p>\n<p style=\"text-align: justify;\"><span style=\"color: #ff0000;\">&#8211; Uma na\u00e7\u00e3o que para atingir a meta de deficit prim\u00e1rio (sem juros) de R$ 139,0 bilh\u00f5es em 2017, at\u00e9 junho de 2017 apurou-se a necessiade\u00a0 de contingenciamento, incidente sobre todos os poderes com redu\u00e7\u00e3o or\u00e7ament\u00e1ria de R$ 61,0 bilh\u00f5es. <\/span><\/p>\n<p style=\"text-align: justify;\"><span style=\"color: #ff0000;\">&#8211; Uma na\u00e7\u00e3o que em abril de 2016 a d\u00edvida l\u00edquida da Uni\u00e3o (Interna e Externa L\u00edquida) era de R$ 4.097,4 bilh\u00f5es (65,38% do PIB). Em junho de 2017 era de R$ 4.959,3 bilh\u00f5es (78,21% do PIB). Crescimento real em rela\u00e7\u00e3o ao PIB de 19,62%.<\/span><\/p>\n<p style=\"text-align: justify;\"><span style=\"color: #ff0000;\">&#8211; Uma na\u00e7\u00e3o que a taxa de desemprego medida pela PNAD cont\u00ednua era de 11,2% em abril de 2016 e foi de 13,3% em maio de 2017. Crescimento de 18,75% no per\u00edodo.<\/span><\/p>\n<p style=\"text-align: justify;\"><span style=\"color: #ff0000;\">Esse \u00e9 o retrato do governo atual de plant\u00e3o que faz bondades com dinheiro p\u00fablico, para se livrar das algemas, levando o pa\u00eds para o caos.<\/span><\/p>\n<p style=\"text-align: justify;\"><span style=\"color: #0000ff;\">Pedro Paulo (RJ) participou de reuni\u00e3o com o presidente Michel Temer e representantes de escolas de samba nesta ter\u00e7a (25). Segundo ele, governo criar\u00e1 grupo de trabalho para discutir assunto.<\/span><\/p>\n<p style=\"text-align: justify;\"><span style=\"color: #0000ff;\">Por Bernardo Caram e Guilherme Mazui, G1, Bras\u00edlia<\/span><\/p>\n<p style=\"text-align: justify;\"><span style=\"color: #0000ff;\">25\/07\/2017 12h22\u00a0\u00a0Atualizado h\u00e1 10 horas<\/span><\/p>\n<p style=\"text-align: justify;\"><span style=\"color: #0000ff;\">Temer teria prometido R$ 13 milh\u00f5es para dirigentes de escolas de samba do RJ<\/span><\/p>\n<p style=\"text-align: justify;\"><span style=\"color: #0000ff;\">O governo federal vai liberar at\u00e9 R$ 13 milh\u00f5es para a realiza\u00e7\u00e3o do carnaval do Rio de Janeiro de 2018, segundo informou nesta ter\u00e7a-feira (25) o deputado Pedro Paulo (PMDB-RJ).<\/span><\/p>\n<p style=\"text-align: justify;\"><span style=\"color: #0000ff;\">O parlamentar participou pela manh\u00e3 de reuni\u00e3o no Pal\u00e1cio do Planalto com o presidente Michel Temer e representantes de escolas de samba. \u00c0 tarde, o encontro foi com o Minist\u00e9rio da Cultura.<\/span><\/p>\n<p style=\"text-align: justify;\"><span style=\"color: #0000ff;\">Segundo Pedro Paulo, o governo decidiu criar um grupo de trabalho para discutir os repasses e, nesta quarta (26), haver\u00e1 uma reuni\u00e3o entre os ministros Moreira Franco (Secretaria-Geral), S\u00e9rgio S\u00e1 Leit\u00e3o (Cultura) e Marx Beltr\u00e3o (Turismo) para tratar do assunto.<\/span><\/p>\n<p style=\"text-align: justify;\"><span style=\"color: #0000ff;\"> <a href=\"http:\/\/acaopolitica.com\/wp-content\/uploads\/2017\/08\/image0021.jpg\"><img loading=\"lazy\" class=\"alignnone  wp-image-1942\" src=\"http:\/\/acaopolitica.com\/wp-content\/uploads\/2017\/08\/image0021.jpg\" alt=\"\" width=\"641\" height=\"360\" srcset=\"http:\/\/acaopolitica.com\/wp-content\/uploads\/2017\/08\/image0021.jpg 577w, http:\/\/acaopolitica.com\/wp-content\/uploads\/2017\/08\/image0021-300x168.jpg 300w\" sizes=\"(max-width: 641px) 100vw, 641px\" \/><\/a><\/span><\/p>\n<p style=\"text-align: justify;\"><span style=\"color: #0000ff;\">Deputado diz que governo prometeu ajuda de R$13 milh\u00f5es para as escolas de samba do Rio<\/span><\/p>\n<p style=\"text-align: justify;\"><span style=\"color: #0000ff;\">Os encontros em Bras\u00edlia fazem parte das tentativas das escolas de samba do Rio de buscar uma fonte alternativa de financiamento para o desfile do ano que vem. Em junho, a prefeitura do Rio de Janeiro\u00a0<a href=\"http:\/\/g1.globo.com\/rio-de-janeiro\/noticia\/sem-subvencao-da-prefeitura-do-rio-escolas-de-samba-podem-nao-desfilar-em-2018.ghtml\" data-saferedirecturl=\"https:\/\/www.google.com\/url?hl=pt-BR&amp;q=http:\/\/g1.globo.com\/rio-de-janeiro\/noticia\/sem-subvencao-da-prefeitura-do-rio-escolas-de-samba-podem-nao-desfilar-em-2018.ghtml&amp;source=gmail&amp;ust=1501640257114000&amp;usg=AFQjCNGVfaa2aJIP82YnRbGxytX-U4WesA\">decidiu reduzir<\/a>\u00a0em 50% a subven\u00e7\u00e3o destinada \u00e0s escolas \u2013 de R$ 2 milh\u00f5es para R$ 1 milh\u00e3o a cada uma das 13 agremia\u00e7\u00f5es do Grupo Especial.<\/span><\/p>\n<p style=\"text-align: justify;\"><span style=\"color: #0000ff;\">De acordo com o deputado, os participantes do encontro pediram a Temer uma interven\u00e7\u00e3o no carnaval do Rio com o repasse de at\u00e9 R$ 13 milh\u00f5es. Segundo ele, o presidente acatou o pedido e disse que os representantes das escolas voltar\u00e3o ao estado com a garantia das verbas.<\/span><\/p>\n<p style=\"text-align: justify;\"><span style=\"color: #0000ff;\">\u201cTemer disse que recursos n\u00e3o faltar\u00e3o\u201d, afirmou. &#8220;A gente teve do governo federal a garantia de que eles v\u00e3o aportar os recursos, que podem chegar a R$ 13 milh\u00f5es\u201d, enfatizou o parlamentar.<\/span><\/p>\n<p style=\"text-align: justify;\"><span style=\"color: #0000ff;\">O pr\u00f3prio Temer, em discurso na posse de S\u00e9rgio S\u00e1 Leit\u00e3o como ministro da Cultura, disse para o novo titular da pasta ajudar as escolas (veja no v\u00eddeo abaixo).<\/span><\/p>\n<p style=\"text-align: justify;\"><span style=\"color: #0000ff;\">Michel Temer defende apoio ao Carnaval do Rio de Janeiro<\/span><\/p>\n<p style=\"text-align: justify;\"><span style=\"color: #0000ff;\">De acordo com Pedro Paulo, uma parte da verba vir\u00e1 de patroc\u00ednio de empresas estatais. O restante dever\u00e1 ser repassado diretamente pelo Tesouro Nacional.<\/span><\/p>\n<p style=\"text-align: justify;\"><span style=\"color: #0000ff;\">O deputado aproveitou para criticar a prefeitura do Rio que, segundo ele, est\u00e1 contra o carnaval. Pedro Paulo concorreu a prefeito no ano passado, mas n\u00e3o se elegeu.<\/span><\/p>\n<p style=\"text-align: justify;\"><span style=\"color: #0000ff;\">\u201cA prefeitura do Rio tomou a decis\u00e3o de ficar contra o carnaval, colocar o carnaval contra a popula\u00e7\u00e3o, com a falsa desculpa de que tira dinheiro da educa\u00e7\u00e3o\u201d, disse.<\/span><\/p>\n<p style=\"text-align: justify;\"><span style=\"color: #0000ff;\">Ele defendeu a libera\u00e7\u00e3o das verbas argumentando que o evento gera quase R$ 3 bilh\u00f5es em receitas \u00e0 cidade, al\u00e9m de gerar empregos e movimentar o mercado hoteleiro.<\/span><\/p>\n<p style=\"text-align: justify;\"><span style=\"color: #0000ff;\">O presidente da Liga das Escolas de Samba (Liesa), Jorge Castanheira, que tamb\u00e9m participou da reuni\u00e3o disse que Temer acenou com a possibilidade de alcan\u00e7ar os recursos necess\u00e1rios para um Carnaval de 2018 com o \u201cmesmo grau de qualidade\u201d de anos anteriores.<\/span><\/p>\n<p style=\"text-align: justify;\"><span style=\"color: #0000ff;\">\u201cN\u00f3s solicitamos ao presidente da Rep\u00fablica que nos apoiasse atrav\u00e9s do Minist\u00e9rio da Cultura ou do Turismo com valores na ordem de R$ 13 milh\u00f5es, que seria R$ 1 milh\u00e3o para cada uma das agremia\u00e7\u00f5es do grupo especial do Rio de Janeiro\u201d, disse.<\/span><\/p>\n<p style=\"text-align: justify;\"><span style=\"color: #0000ff;\">Castanheira explicou que os R$ 13 milh\u00f5es correspondem ao valor reduzido da subven\u00e7\u00e3o que a prefeitura do Rio de Janeiro destina \u00e0s escolas. \u201cEsse seria o valor previsto de corte da prefeitura, sendo que a prefeitura est\u00e1 tentando junto \u00e0 iniciativa privada aumentar de R$ 1 milh\u00e3o para R$ 1,5 milh\u00e3o o valor de verba de cada escola\u201d, afirmou.<\/span><\/p>\n<p style=\"text-align: justify;\"><span style=\"color: #0000ff;\">O novo ministro da Cultura, S\u00e9rgio S\u00e1 Leit\u00e3o, n\u00e3o antecipou a forma como pode ser feito o repasse de valores \u00e0s escolas do Rio. \u201cNesse momento \u00e9 precipitado antecipar qualquer coisa\u201d, afirmou.<\/span><\/p>\n<p style=\"text-align: justify;\"><span style=\"color: #0000ff;\">S\u00e1 Leit\u00e3o garantiu empenho do governo federal para auxiliar a realiza\u00e7\u00e3o dos desfiles do pr\u00f3ximo ano. \u201cVamos fazer o que estiver ao nosso alcance para ajud\u00e1-las (escolas e liga), para fazer com que o desfile das escolas e tudo mais o que comp\u00f5e o Carnaval do Rio de Janeiro possa acontecer em 2018 de uma forma melhor do que em anos anteriores\u201d, destacou.<\/span><\/p>\n<p style=\"text-align: justify;\"><span style=\"color: #0000ff;\">Ricardo Bergamini<\/span><\/p>\n<p style=\"text-align: justify;\"><span style=\"color: #0000ff;\"><a href=\"tel:%2848%29%2099636-7322\">(48) 99636-7322<br \/>\n<\/a><\/span><span style=\"color: #0000ff;\"><a href=\"tel:%2848%29%2099976-6974\">(48) 99976-6974<br \/>\n<\/a><\/span><span style=\"color: #0000ff;\"><a href=\"mailto:ricardobergamini@ricardobergamini.com.br\" target=\"_blank\" rel=\"noopener\">ricardobergamini@ricardobergamini.com.br<br \/>\n<\/a><\/span><span style=\"color: #0000ff;\"><a href=\"http:\/\/www.ricardobergamini.com.br\/\" target=\"_blank\" rel=\"noopener\" data-saferedirecturl=\"https:\/\/www.google.com\/url?hl=pt-BR&amp;q=http:\/\/www.ricardobergamini.com.br\/&amp;source=gmail&amp;ust=1501640257115000&amp;usg=AFQjCNFfBewmg4G9OHbSq0A6aaJoBS2chA\">www.ricardobergamini.com.br<\/a><\/span><\/p>\n<p>&nbsp;<\/p>\n","protected":false},"excerpt":{"rendered":"<p>Prezados Senhores &#8211; Um estado que n\u00e3o tem como pagar sal\u00e1rios dos servidores p\u00fablicos. &#8211; Uma na\u00e7\u00e3o que para atingir a meta de deficit prim\u00e1rio&#8230;<\/p>\n","protected":false},"author":18,"featured_media":1943,"comment_status":"open","ping_status":"open","sticky":false,"template":"","format":"standard","meta":[],"categories":[10],"tags":[],"_links":{"self":[{"href":"http:\/\/acaopolitica.com\/index.php\/wp-json\/wp\/v2\/posts\/1939"}],"collection":[{"href":"http:\/\/acaopolitica.com\/index.php\/wp-json\/wp\/v2\/posts"}],"about":[{"href":"http:\/\/acaopolitica.com\/index.php\/wp-json\/wp\/v2\/types\/post"}],"author":[{"embeddable":true,"href":"http:\/\/acaopolitica.com\/index.php\/wp-json\/wp\/v2\/users\/18"}],"replies":[{"embeddable":true,"href":"http:\/\/acaopolitica.com\/index.php\/wp-json\/wp\/v2\/comments?post=1939"}],"version-history":[{"count":1,"href":"http:\/\/acaopolitica.com\/index.php\/wp-json\/wp\/v2\/posts\/1939\/revisions"}],"predecessor-version":[{"id":1944,"href":"http:\/\/acaopolitica.com\/index.php\/wp-json\/wp\/v2\/posts\/1939\/revisions\/1944"}],"wp:featuredmedia":[{"embeddable":true,"href":"http:\/\/acaopolitica.com\/index.php\/wp-json\/wp\/v2\/media\/1943"}],"wp:attachment":[{"href":"http:\/\/acaopolitica.com\/index.php\/wp-json\/wp\/v2\/media?parent=1939"}],"wp:term":[{"taxonomy":"category","embeddable":true,"href":"http:\/\/acaopolitica.com\/index.php\/wp-json\/wp\/v2\/categories?post=1939"},{"taxonomy":"post_tag","embeddable":true,"href":"http:\/\/acaopolitica.com\/index.php\/wp-json\/wp\/v2\/tags?post=1939"}],"curies":[{"name":"wp","href":"https:\/\/api.w.org\/{rel}","templated":true}]}}