{"id":1966,"date":"2017-08-04T01:50:23","date_gmt":"2017-08-04T01:50:23","guid":{"rendered":"http:\/\/acaopolitica.com\/?p=1966"},"modified":"2017-08-04T01:57:50","modified_gmt":"2017-08-04T01:57:50","slug":"1966","status":"publish","type":"post","link":"http:\/\/acaopolitica.com\/index.php\/2017\/08\/04\/1966\/","title":{"rendered":"Pesquisa Nacional por Amostra de Domic\u00edlios Cont\u00ednua &#8211; Mensal &#8211;  junho de 2017"},"content":{"rendered":"<p style=\"text-align: justify;\"><span style=\"color: #ff0000;\">Base: Trimestre abril- Fonte IBGE<\/span><\/p>\n<p style=\"text-align: justify;\"><span style=\"color: #0000ff;\">No trimestre encerrado em junho, desocupa\u00e7\u00e3o foi de 13,0% <\/span><\/p>\n<p style=\"text-align: justify;\"><span style=\"color: #0000ff;\">Editoria:\u00a0<a style=\"color: #0000ff;\" href=\"http:\/\/agenciadenoticias.ibge.gov.br\/agencia-sala-de-imprensa.html?editoria=economicas\" data-saferedirecturl=\"https:\/\/www.google.com\/url?hl=pt-BR&amp;q=http:\/\/agenciadenoticias.ibge.gov.br\/agencia-sala-de-imprensa.html?editoria%3Deconomicas&amp;source=gmail&amp;ust=1501895643039000&amp;usg=AFQjCNGExWbEM98kUM5U_lnT_X4CJRwCRw\">Estat\u00edsticas Econ\u00f4micas<\/a>\u00a0Produto: Pesquisa Nacional por Amostra de Domic\u00edlios Cont\u00ednua &#8211; Mensal<\/span><\/p>\n<p style=\"text-align: justify;\"><span style=\"color: #0000ff;\">Comparada a janeiro-mar\u00e7o de 2017 (13,7%), taxa de desocupa\u00e7\u00e3o teve sua primeira queda estatisticamente significativa desde o \u00faltimo trimestre de 2014<\/span><\/p>\n<table width=\"876\">\n<tbody>\n<tr>\n<td width=\"220\"><span style=\"color: #0000ff;\">Indicador \/ Per\u00edodo<\/span><\/td>\n<td width=\"152\"><span style=\"color: #0000ff;\">abril-junho 2017<\/span><\/td>\n<td width=\"152\"><span style=\"color: #0000ff;\">janeiro-mar\u00e7o 2017<\/span><\/td>\n<td width=\"152\"><span style=\"color: #0000ff;\">abril-junho 2016<\/span><\/td>\n<\/tr>\n<tr>\n<td width=\"220\"><span style=\"color: #0000ff;\">Taxa de desocupa\u00e7\u00e3o<\/span><\/td>\n<td width=\"152\"><span style=\"color: #0000ff;\">13,0%<\/span><\/td>\n<td width=\"152\"><span style=\"color: #0000ff;\">13,7%<\/span><\/td>\n<td width=\"152\"><span style=\"color: #0000ff;\">11,3%<\/span><\/td>\n<\/tr>\n<tr>\n<td width=\"220\"><span style=\"color: #0000ff;\">Rendimento real habitual<\/span><\/td>\n<td width=\"152\"><span style=\"color: #0000ff;\">R$ 2.104<\/span><\/td>\n<td width=\"152\"><span style=\"color: #0000ff;\">R$ 2.125<\/span><\/td>\n<td width=\"152\"><span style=\"color: #0000ff;\">R$ 2.043<\/span><\/td>\n<\/tr>\n<tr>\n<td colspan=\"2\" width=\"372\"><span style=\"color: #0000ff;\">Valor do rendimento em rela\u00e7\u00e3o a:<\/span><\/td>\n<td width=\"152\"><span style=\"color: #0000ff;\">-1,0% (est\u00e1vel)<\/span><\/td>\n<td width=\"152\"><span style=\"color: #0000ff;\">3,0% (est\u00e1vel)<\/span><\/td>\n<\/tr>\n<\/tbody>\n<\/table>\n<p style=\"text-align: justify;\"><span style=\"color: #0000ff;\">A\u00a0taxa de desocupa\u00e7\u00e3o\u00a0do trimestre m\u00f3vel abril \/ junho de 2017 (13,0%) recuou 0,7 ponto percentual em rela\u00e7\u00e3o ao trimestre de janeiro \/ mar\u00e7o de 2017 (13,7%), embora mantendo-se 1,7 ponto percentual acima da taxa do mesmo trimestre m\u00f3vel de 2016 (11,3%). Foi o primeiro recuo estatisticamente significativo dessa taxa desde o trimestre outubro \/ dezembro de 2014. A\u00a0popula\u00e7\u00e3o desocupada\u00a0(13,5 milh\u00f5es de pessoas) recuou 4,9% (menos 690 mil desocupados) em rela\u00e7\u00e3o ao trimestre m\u00f3vel anterior, mas ficou 16,4% acima do contingente estimado no mesmo trimestre m\u00f3vel de 2016. Foi a primeira redu\u00e7\u00e3o da popula\u00e7\u00e3o desocupada desde o trimestre outubro \/ dezembro de 2014. A\u00a0popula\u00e7\u00e3o ocupada\u00a0(90,2 milh\u00f5es no trimestre) cresceu 1,4% (mais 1,3 milh\u00e3o de pessoas) em rela\u00e7\u00e3o ao trimestre janeiro-mar\u00e7o de 2017, mas recuou 0,6% (menos 562 mil pessoas) em rela\u00e7\u00e3o ao mesmo trimestre m\u00f3vel de 2016. O\u00a0n\u00edvel da ocupa\u00e7\u00e3o\u00a0(percentual de pessoas ocupadas na popula\u00e7\u00e3o em idade de trabalhar) foi estimado em 53,7%, com alta de 0,6 ponto percentual frente ao trimestre janeiro-mar\u00e7o de 2017, (53,1%) e queda de -0,9 ponto percentual em rela\u00e7\u00e3o ao mesmo trimestre m\u00f3vel de 2016. O n\u00famero de\u00a0empregados com carteira de trabalho assinada\u00a0(exclusive trabalhadores dom\u00e9sticos) foi de 33,3 milh\u00f5es de pessoas, mantendo-se est\u00e1vel frente ao trimestre anterior (janeiro a mar\u00e7o de 2017) e recuando -3,2% em rela\u00e7\u00e3o ao mesmo trimestre m\u00f3vel de 2016 (- 1,1 milh\u00e3o de pessoas com carteira assinada). O\u00a0rendimento m\u00e9dio real habitual\u00a0das pessoas ocupadas (R$ 2.104) ficou est\u00e1vel frente ao trimestre janeiro \/ mar\u00e7o de 2017 (R$ 2.125) e, tamb\u00e9m, em rela\u00e7\u00e3o ao mesmo trimestre de 2016 (R$ 2.043). A\u00a0massa de rendimento real habitual\u00a0das pessoas ocupadas (R$ 185,1 bilh\u00f5es) ficou est\u00e1vel em ambas as compara\u00e7\u00f5es. <\/span><\/p>\n<p style=\"text-align: justify;\"><span style=\"color: #0000ff;\">Taxa de Desocupa\u00e7\u00e3o (%) &#8211; Brasil &#8211; 2012\/2017<\/span><\/p>\n<p style=\"text-align: justify;\"><span style=\"color: #0000ff;\">Fonte: IBGE, Pesquisa Nacional por Amostra de Domic\u00edlios Cont\u00ednua.<\/span><br \/>\n<span style=\"color: #0000ff;\">Nota: Somente os dados hachurados s\u00e3o compar\u00e1veis.<\/span><\/p>\n<p style=\"text-align: justify;\"><span style=\"color: #0000ff;\">A\u00a0for\u00e7a de trabalho\u00a0(pessoas ocupadas e desocupadas) no trimestre de abril a junho de 2017 foi estimada em 103,7 milh\u00f5es de pessoas. Esta popula\u00e7\u00e3o cresceu 0,6% (mais 599 mil pessoas) comparada ao trimestre janeiro \/ mar\u00e7o de 2017 e cresceu 1,3% (mais 1,3 milh\u00e3o de pessoas) em rela\u00e7\u00e3o ao mesmo trimestre de 2016. J\u00e1 a\u00a0popula\u00e7\u00e3o fora da for\u00e7a\u00a0de trabalho (64,4 milh\u00f5es de pessoas) manteve-se est\u00e1vel em ambas as compara\u00e7\u00f5es.<\/span><\/p>\n<p style=\"text-align: justify;\"><span style=\"color: #0000ff;\">O contingente de empregados no setor privado\u00a0com carteira de trabalho assinada(exclusive trabalhadores dom\u00e9sticos), estimado em 33,3 milh\u00f5es de pessoas, ficou est\u00e1vel frente ao trimestre anterior (janeiro a mar\u00e7o de 2017). No confronto com o trimestre de abril a junho de 2016 houve queda de 3,2% (menos 1,1 milh\u00e3o de pessoas).<\/span><\/p>\n<p style=\"text-align: justify;\"><span style=\"color: #0000ff;\">O n\u00famero de empregados\u00a0sem carteira de trabalho assinada\u00a0(10,6 milh\u00f5es de pessoas) cresceu 4,3% no trimestre (mais 442 mil pessoas) e subiu 5,4% (mais 540 mil pessoas) em rela\u00e7\u00e3o ao mesmo trimestre de 2016.<\/span><\/p>\n<p style=\"text-align: justify;\"><span style=\"color: #0000ff;\">O n\u00famero de trabalhadores por\u00a0conta pr\u00f3pria\u00a0(22,5 milh\u00f5es de pessoas) cresceu 1,8% na compara\u00e7\u00e3o com o trimestre anterior (mais 396 mil pessoas) e recuou 1,8% em rela\u00e7\u00e3o a 2016 (menos 415 mil pessoas).<\/span><\/p>\n<p style=\"text-align: justify;\"><span style=\"color: #0000ff;\">O n\u00famero de\u00a0empregadores\u00a0(4,2 milh\u00f5es de pessoas) ficou est\u00e1vel frente ao trimestre imediatamente anterior e cresceu 13,1% (mais 484 mil pessoas) em rela\u00e7\u00e3o ao mesmo trimestre de 2016. J\u00e1 entre os\u00a0trabalhadores dom\u00e9sticos\u00a0(6,1 milh\u00f5es de pessoas) a ocupa\u00e7\u00e3o ficou est\u00e1vel em ambos os trimestres comparativos.<\/span><\/p>\n<p style=\"text-align: justify;\"><span style=\"color: #0000ff;\">Considerando-se os ocupados nos grupamentos de atividade em rela\u00e7\u00e3o ao trimestre de janeiro a mar\u00e7o de 2017, houve aumento nas categorias:\u00a0Ind\u00fastria Geral\u00a0(3,3% ou mais 375 mil pessoas),\u00a0Transporte, Armazenagem e Correio\u00a0(2,9%, ou mais 131 mil pessoas),\u00a0Administra\u00e7\u00e3o p\u00fablica, defesa, seguridade social, educa\u00e7\u00e3o, sa\u00fade humana e servi\u00e7os sociais\u00a0(3,2% ou mais 485 mil pessoas) e em\u00a0Outros servi\u00e7os\u00a0(5,6% ou mais 238 mil pessoas). Os demais grupamentos ficaram est\u00e1veis.<\/span><\/p>\n<p style=\"text-align: justify;\"><span style=\"color: #0000ff;\">Em rela\u00e7\u00e3o ao mesmo trimestre de 2016, houve redu\u00e7\u00f5es nos grupamentos da\u00a0Constru\u00e7\u00e3o(-9,2% ou &#8211; 683 mil pessoas), e da\u00a0Agricultura, Pecu\u00e1ria, Produ\u00e7\u00e3o Florestal, Pesca e Aquicultura\u00a0(-8,1% ou &#8211; 765 mil pessoas) e altas em\u00a0Alojamento e Alimenta\u00e7\u00e3o\u00a0(12,9% ou mais 579 mil pessoas) e em\u00a0Outros servi\u00e7os\u00a0(7,8% ou mais 323 mil pessoas). Nos demais grupamentos n\u00e3o ocorreram varia\u00e7\u00f5es significativas.<\/span><\/p>\n<p style=\"text-align: justify;\"><span style=\"color: #0000ff;\">O\u00a0rendimento m\u00e9dio real habitualmente recebido\u00a0em todos os trabalhos pelas pessoas ocupadas foi estimado em R$ 2.104 no trimestre de abril a junho de 2017, mostrando estabilidade tanto frente ao trimestre de janeiro \/ mar\u00e7o de 2017 (R$ 2.125) quanto em rela\u00e7\u00e3o ao mesmo trimestre de 2016 (R$ 2.043).<\/span><\/p>\n<p style=\"text-align: justify;\"><span style=\"color: #0000ff;\">Houve estabilidade em todas as\u00a0categorias de ocupa\u00e7\u00e3o\u00a0na compara\u00e7\u00e3o com o trimestre janeiro-mar\u00e7o de 2017. J\u00e1 em rela\u00e7\u00e3o ao mesmo trimestre de 2016, o rendimento m\u00e9dio real habitual cresceu apenas para os\u00a0Empregados no setor privado com carteira assinada(3,6%), permanecendo est\u00e1vel para as demais categorias de posi\u00e7\u00e3o na ocupa\u00e7\u00e3o.<\/span><\/p>\n<p style=\"text-align: justify;\"><span style=\"color: #0000ff;\">Em rela\u00e7\u00e3o ao mesmo trimestre de 2016, o rendimento m\u00e9dio real habitual ficou est\u00e1vel em todos os\u00a0grupamentos de atividade, exceto no da\u00a0Agricultura, pecu\u00e1ria, produ\u00e7\u00e3o florestal, pesca e aquicultura, que teve alta de 13,6%. Na compara\u00e7\u00e3o com o trimestre janeiro-mar\u00e7o de 2017, houve estabilidade em todos os grupamentos de atividade.<\/span><\/p>\n<p style=\"text-align: justify;\"><span style=\"color: #0000ff;\">A\u00a0massa de rendimento real habitualmente recebido\u00a0em todos os trabalhos pelas pessoas ocupadas foi estimada em R$ 185,1 bilh\u00f5es para o trimestre abril \/ junho de 2017 e ficou est\u00e1vel em ambas as compara\u00e7\u00f5es.<\/span><\/p>\n<p style=\"text-align: center;\"><span style=\"color: #ff0000;\">Arquivos oficiais do governo est\u00e3o dispon\u00edveis aos leitores.<\/span><\/p>\n<p style=\"text-align: justify;\"><span style=\"color: #0000ff;\">Ricardo Bergamini<\/span><\/p>\n<p style=\"text-align: justify;\"><span style=\"color: #0000ff;\"><a style=\"color: #0000ff;\" href=\"tel:%2848%29%2099636-7322\">(48) 99636-7322<br \/>\n<\/a><\/span><span style=\"color: #0000ff;\"><a style=\"color: #0000ff;\" href=\"tel:%2848%29%2099976-6974\">(48) 99976-6974<br \/>\n<\/a><\/span><span style=\"color: #0000ff;\"><a style=\"color: #0000ff;\" href=\"http:\/\/www.ricardobergamini.com.br\/\" target=\"_blank\" rel=\"noopener\" data-saferedirecturl=\"https:\/\/www.google.com\/url?hl=pt-BR&amp;q=http:\/\/www.ricardobergamini.com.br\/&amp;source=gmail&amp;ust=1501895643039000&amp;usg=AFQjCNHRYELfnXQOv8tKlZeAMDHHLO_kyw\">ricardobergamini@ricardobergamini.com.br<br \/>\nwww.ricardobergamini.com.br<\/a><\/span><\/p>\n","protected":false},"excerpt":{"rendered":"<p>Base: Trimestre abril- Fonte IBGE No trimestre encerrado em junho, desocupa\u00e7\u00e3o foi de 13,0% Editoria:\u00a0Estat\u00edsticas Econ\u00f4micas\u00a0Produto: Pesquisa Nacional por Amostra de Domic\u00edlios Cont\u00ednua &#8211; Mensal&#8230;<\/p>\n","protected":false},"author":18,"featured_media":1967,"comment_status":"open","ping_status":"open","sticky":false,"template":"","format":"standard","meta":[],"categories":[10],"tags":[],"_links":{"self":[{"href":"http:\/\/acaopolitica.com\/index.php\/wp-json\/wp\/v2\/posts\/1966"}],"collection":[{"href":"http:\/\/acaopolitica.com\/index.php\/wp-json\/wp\/v2\/posts"}],"about":[{"href":"http:\/\/acaopolitica.com\/index.php\/wp-json\/wp\/v2\/types\/post"}],"author":[{"embeddable":true,"href":"http:\/\/acaopolitica.com\/index.php\/wp-json\/wp\/v2\/users\/18"}],"replies":[{"embeddable":true,"href":"http:\/\/acaopolitica.com\/index.php\/wp-json\/wp\/v2\/comments?post=1966"}],"version-history":[{"count":2,"href":"http:\/\/acaopolitica.com\/index.php\/wp-json\/wp\/v2\/posts\/1966\/revisions"}],"predecessor-version":[{"id":1969,"href":"http:\/\/acaopolitica.com\/index.php\/wp-json\/wp\/v2\/posts\/1966\/revisions\/1969"}],"wp:featuredmedia":[{"embeddable":true,"href":"http:\/\/acaopolitica.com\/index.php\/wp-json\/wp\/v2\/media\/1967"}],"wp:attachment":[{"href":"http:\/\/acaopolitica.com\/index.php\/wp-json\/wp\/v2\/media?parent=1966"}],"wp:term":[{"taxonomy":"category","embeddable":true,"href":"http:\/\/acaopolitica.com\/index.php\/wp-json\/wp\/v2\/categories?post=1966"},{"taxonomy":"post_tag","embeddable":true,"href":"http:\/\/acaopolitica.com\/index.php\/wp-json\/wp\/v2\/tags?post=1966"}],"curies":[{"name":"wp","href":"https:\/\/api.w.org\/{rel}","templated":true}]}}