{"id":2009,"date":"2017-08-25T18:30:30","date_gmt":"2017-08-25T18:30:30","guid":{"rendered":"http:\/\/acaopolitica.com\/?p=2009"},"modified":"2017-08-28T15:42:17","modified_gmt":"2017-08-28T15:42:17","slug":"atelie-vertical-discussao-sobre-o-local-correto-da-nova-ponte-de-blumenausc","status":"publish","type":"post","link":"http:\/\/acaopolitica.com\/index.php\/2017\/08\/25\/atelie-vertical-discussao-sobre-o-local-correto-da-nova-ponte-de-blumenausc\/","title":{"rendered":"Ateli\u00ea Vertical &#8211; Discuss\u00e3o sobre o local correto da nova ponte do Centro de Blumenau\/SC"},"content":{"rendered":"<p style=\"text-align: justify;\">Nesta, ter\u00e7a-feira, dia 22\/08\/2017, ocorreu uma reuni\u00e3o para tratar do projeto da nova ponte do Centro de Blumenau\/SC. A reuni\u00e3o ocorreu no galp\u00e3o do curso de Arquitetura da Furb nas imedia\u00e7\u00f5es do campus I daquela universidade.<\/p>\n<p style=\"text-align: justify;\">Estiveram presentes \u00e0 reuni\u00e3o a coordenadora do <a href=\"https:\/\/www.facebook.com\/institutoverdadeeliberdade\/\" target=\"_blank\" rel=\"noopener\">IVL &#8211; Instituto Verdade e Liberdade<\/a>, <a href=\"https:\/\/www.facebook.com\/arq.michelle\" target=\"_blank\" rel=\"noopener\">Michelle Schwanke<\/a>, representantes de entidades e cidad\u00e3os preocupados com mais uma grande obra com impactos imensos e duradouros sobre a cidade de Blumenau\/SC. Assunto que j\u00e1 se arrasta h\u00e1 anos devido a desmandos e incompet\u00eancia criminosa de gestores p\u00fablicos.<\/p>\n<p style=\"text-align: justify;\">Sobre o referido projeto e a reuni\u00e3o, <a href=\"https:\/\/www.facebook.com\/arq.michelle\" target=\"_blank\" rel=\"noopener\">Michelle Schwanke (que tamb\u00e9m \u00e9 arquiteta)<\/a>, registrou a explica\u00e7\u00e3o a seguir.<\/p>\n<p style=\"text-align: justify;\"><span style=\"color: #0000ff;\">O Projeto da Ponte que est\u00e1 sendo cogitada entre a Rua Paraguai e Rua Itaja\u00ed est\u00e1 na sua 4\u00aa atualiza\u00e7\u00e3o; o projeto (terceirizado) est\u00e1 sendo pago com nossos alt\u00edssimos impostos e ficando cada vez pior.<\/span><\/p>\n<p style=\"text-align: justify;\"><span style=\"color: #0000ff;\">Quanto j\u00e1 foi gasto com estes projetos e altera\u00e7\u00f5es? Agora este projeto prev\u00ea m\u00e3o \u00fanica e vai ligar uma \u00e1rea j\u00e1 com problemas de congestionamentos, al\u00e9m de mais um sem\u00e1foro.<\/span><\/p>\n<p style=\"text-align: justify;\"><span style=\"color: #0000ff;\">Planejamento Urbano n\u00e3o \u00e9 apenas abrir ruas e ligar um lado ao outro; n\u00e3o \u00e9 s\u00f3 ter boas ideias e necessita sim de v\u00e1rios estudos, como Estudo de Impacto de Vizinhan\u00e7a (EIV), Contagem de Tr\u00e1fego, Estudos Geol\u00f3gicos, Estudos Ambientais, Estudo da Hidrologia. Necessita de relat\u00f3rios de Institutos de Patrim\u00f4nio Hist\u00f3rico, j\u00e1 que est\u00e1 \u00e1rea est\u00e1 inserida no Centro Hist\u00f3rico, \u00e9 curva de rio, \u00e9 o Porto da cidade.<\/span><\/p>\n<p style=\"text-align: justify;\"><span style=\"color: #0000ff;\">O projeto atual inviabiliza o circuito ciliar, a passarela para pedestres e ciclistas que j\u00e1 estava contemplado nos financiamentos atrav\u00e9s do BID (Banco Internacional de Desenvolvimento).<\/span><\/p>\n<p style=\"text-align: justify;\"><span style=\"color: #0000ff;\">Acredito que toda obra p\u00fablica deve ser analisada em todos os seus aspectos:<\/span><\/p>\n<p style=\"text-align: justify; padding-left: 30px;\"><span style=\"color: #0000ff;\"><strong><span style=\"color: #800000;\">=&gt; <\/span><\/strong>Naturais, condicionantes locais e legais, mobilidade, tr\u00e1fego existente e planejamento para o futuro, atrav\u00e9s de laudos t\u00e9cnicos e profissionais de cada \u00e1rea espec\u00edfica, e contamos com excelentes t\u00e9cnicos na Prefeitura assim como entidades capacitadas para auxiliar a estes na dire\u00e7\u00e3o de decis\u00f5es mais coerentes e acertadas, n\u00e3o deixando de ouvir a parte mais importante, os cidad\u00e3os.<\/span><\/p>\n<p style=\"text-align: justify; padding-left: 30px;\"><span style=\"color: #0000ff;\"><strong><span style=\"color: #800000;\">=&gt;<\/span> <\/strong>Penso que faltou Audi\u00eancia P\u00fablica sobre o atual Projeto e sendo assim um EIV atualizado e sua respectiva Contagem de Tr\u00e1fego para o novo tra\u00e7ado.<\/span><\/p>\n<p style=\"text-align: justify; padding-left: 30px;\"><span style=\"color: #0000ff;\"><strong><span style=\"color: #800000;\">=&gt;<\/span> <\/strong>Faltou apresentar aos Blumenauenses, tamb\u00e9m, o projeto completo para poder verificar como ser\u00e3o as obras do entorno envolvendo a Ponta Aguda e a Rua Itaja\u00ed.<\/span><\/p>\n<p style=\"padding-left: 30px; text-align: justify;\"><span style=\"color: #0000ff;\"><strong><span style=\"color: #800000;\">=&gt; <\/span><\/strong>Voc\u00ea sabia que est\u00e1 ponte, na entrada principal da cidade, ser\u00e1 de concreto (Ponte de BR) cheio de pilares dentro do Rio? Curioso que para o Concurso da Ponte da Rua Chile um dos Pr\u00e9- Requisitos eram de n\u00e3o haver pilares dentro do rio? Exigido pelos t\u00e9cnicos e levando em considera\u00e7\u00e3o as cheias que acontecem. Por que este novo Projeto n\u00e3o foi exigido? Quanto v\u00e3o custar as Obras de Entorno? Quanto v\u00e3o custar as desapropria\u00e7\u00f5es e indeniza\u00e7\u00f5es? S\u00e3o estas e outras quest\u00f5es que devem ser respondidas antes de haver qualquer licita\u00e7\u00e3o.<\/span><\/p>\n<h4 style=\"padding-left: 30px; text-align: justify;\"><strong><span style=\"color: #800000;\">=&gt; POR QUE n\u00e3o foi executada a Ponte (Rua Chile) do Projeto do Concurso P\u00fablico Nacional que tinha os projetos aprovados, os estudos e apoio financeiro do BID? Esta ponte j\u00e1 poderia estar pronta!<\/span><\/strong><\/h4>\n<p style=\"padding-left: 30px; text-align: justify;\"><span style=\"color: #0000ff;\"><strong><span style=\"color: #800000;\">=&gt;<\/span> <\/strong>Por que a pressa na Licita\u00e7\u00e3o? Devemos exigir mais e melhores explica\u00e7\u00f5es.<\/span><\/p>\n<p style=\"text-align: justify;\"><span style=\"color: #0000ff;\">N\u00e3o adianta querer dizer que s\u00e3o os moradores da Ponta Aguda que n\u00e3o querem a obra, pois n\u00e3o moro neste Bairro e tamb\u00e9m n\u00e3o tenho terrenos a ser indenizados no local. N\u00e3o v\u00e3o conseguir nos manipular desta forma e nem de outras quaisquer, pois iniciativas de v\u00e1rios grupos da sociedade est\u00e3o unidas e debatendo o assunto com a seriedade com que deve ser tratado.<\/span><\/p>\n<p style=\"text-align: justify;\"><span style=\"color: #0000ff;\">Parab\u00e9ns ao IAB (<a href=\"http:\/\/www.iab.org.br\/\" target=\"_blank\" rel=\"noopener\">Instituto de Arquitetos do Brasil<\/a>) &#8211; Blumenau, a Furb, atrav\u00e9s do evento Ateli\u00ea Vertical que promoveu na noite desta ter\u00e7a-feira, dia 22 de agosto, 19hs, um encontro riqu\u00edssimo de ideais, onde foram formados grupos de atua\u00e7\u00e3o com v\u00e1rios t\u00e9cnicos e advogados (ambos grupos marcando grande presen\u00e7a no evento) e tamb\u00e9m pessoas da comunidade para participar do debate e das delibera\u00e7\u00f5es acerca dos\u00a0 diferentes aspectos e d\u00favidas com rela\u00e7\u00e3o a este Projeto.<\/span><\/p>\n<p style=\"text-align: justify;\"><span style=\"color: #0000ff;\">Parab\u00e9ns \u00e0s pessoas que fazem a diferen\u00e7a! Venha fazer parte! Todos s\u00e3o bem vindos e devem se envolver e entender o que vai impactar na sua cidade.<\/span><\/p>\n<h3 style=\"text-align: justify;\"><strong><span style=\"color: #800000;\">E aos acomodados da velha pol\u00edtica, sempre h\u00e1 tempo de fazer diferente. O CERTO \u00c9 CERTO, MESMO QUE NINGU\u00c9M ESTEJA FAZENDO E O ERRADO \u00c9 ERRADO MESMO QUE TODOS ESTEJAM FAZENDO.<\/span><\/strong><\/h3>\n<p style=\"text-align: justify;\">Abaixo registros da reuni\u00e3o.<\/p>\n<p style=\"text-align: justify;\"><a href=\"http:\/\/acaopolitica.com\/wp-content\/uploads\/2017\/08\/2017-08-22-PHOTO-00000254.jpg\"><img loading=\"lazy\" class=\"alignnone size-full wp-image-2010\" src=\"http:\/\/acaopolitica.com\/wp-content\/uploads\/2017\/08\/2017-08-22-PHOTO-00000254.jpg\" alt=\"\" width=\"585\" height=\"1040\" srcset=\"http:\/\/acaopolitica.com\/wp-content\/uploads\/2017\/08\/2017-08-22-PHOTO-00000254.jpg 585w, http:\/\/acaopolitica.com\/wp-content\/uploads\/2017\/08\/2017-08-22-PHOTO-00000254-169x300.jpg 169w, http:\/\/acaopolitica.com\/wp-content\/uploads\/2017\/08\/2017-08-22-PHOTO-00000254-579x1030.jpg 579w\" sizes=\"(max-width: 585px) 100vw, 585px\" \/><\/a> <a href=\"http:\/\/acaopolitica.com\/wp-content\/uploads\/2017\/08\/2017-08-22-PHOTO-00000255.jpg\"><img loading=\"lazy\" class=\"alignnone size-full wp-image-2011\" src=\"http:\/\/acaopolitica.com\/wp-content\/uploads\/2017\/08\/2017-08-22-PHOTO-00000255.jpg\" alt=\"\" width=\"1040\" height=\"585\" srcset=\"http:\/\/acaopolitica.com\/wp-content\/uploads\/2017\/08\/2017-08-22-PHOTO-00000255.jpg 1040w, http:\/\/acaopolitica.com\/wp-content\/uploads\/2017\/08\/2017-08-22-PHOTO-00000255-300x169.jpg 300w, http:\/\/acaopolitica.com\/wp-content\/uploads\/2017\/08\/2017-08-22-PHOTO-00000255-768x432.jpg 768w, http:\/\/acaopolitica.com\/wp-content\/uploads\/2017\/08\/2017-08-22-PHOTO-00000255-1030x579.jpg 1030w\" sizes=\"(max-width: 1040px) 100vw, 1040px\" \/><\/a> <a href=\"http:\/\/acaopolitica.com\/wp-content\/uploads\/2017\/08\/2017-08-22-PHOTO-00000256.jpg\"><img loading=\"lazy\" class=\"alignnone size-full wp-image-2012\" src=\"http:\/\/acaopolitica.com\/wp-content\/uploads\/2017\/08\/2017-08-22-PHOTO-00000256.jpg\" alt=\"\" width=\"1040\" height=\"585\" srcset=\"http:\/\/acaopolitica.com\/wp-content\/uploads\/2017\/08\/2017-08-22-PHOTO-00000256.jpg 1040w, http:\/\/acaopolitica.com\/wp-content\/uploads\/2017\/08\/2017-08-22-PHOTO-00000256-300x169.jpg 300w, http:\/\/acaopolitica.com\/wp-content\/uploads\/2017\/08\/2017-08-22-PHOTO-00000256-768x432.jpg 768w, http:\/\/acaopolitica.com\/wp-content\/uploads\/2017\/08\/2017-08-22-PHOTO-00000256-1030x579.jpg 1030w\" sizes=\"(max-width: 1040px) 100vw, 1040px\" \/><\/a> <a href=\"http:\/\/acaopolitica.com\/wp-content\/uploads\/2017\/08\/2017-08-22-PHOTO-00000257.jpg\"><img loading=\"lazy\" class=\"alignnone size-full wp-image-2013\" src=\"http:\/\/acaopolitica.com\/wp-content\/uploads\/2017\/08\/2017-08-22-PHOTO-00000257.jpg\" alt=\"\" width=\"1040\" height=\"585\" srcset=\"http:\/\/acaopolitica.com\/wp-content\/uploads\/2017\/08\/2017-08-22-PHOTO-00000257.jpg 1040w, http:\/\/acaopolitica.com\/wp-content\/uploads\/2017\/08\/2017-08-22-PHOTO-00000257-300x169.jpg 300w, http:\/\/acaopolitica.com\/wp-content\/uploads\/2017\/08\/2017-08-22-PHOTO-00000257-768x432.jpg 768w, http:\/\/acaopolitica.com\/wp-content\/uploads\/2017\/08\/2017-08-22-PHOTO-00000257-1030x579.jpg 1030w\" sizes=\"(max-width: 1040px) 100vw, 1040px\" \/><\/a> <a href=\"http:\/\/acaopolitica.com\/wp-content\/uploads\/2017\/08\/2017-08-22-PHOTO-00000258.jpg\"><img loading=\"lazy\" class=\"alignnone size-full wp-image-2014\" src=\"http:\/\/acaopolitica.com\/wp-content\/uploads\/2017\/08\/2017-08-22-PHOTO-00000258.jpg\" alt=\"\" width=\"585\" height=\"1040\" srcset=\"http:\/\/acaopolitica.com\/wp-content\/uploads\/2017\/08\/2017-08-22-PHOTO-00000258.jpg 585w, http:\/\/acaopolitica.com\/wp-content\/uploads\/2017\/08\/2017-08-22-PHOTO-00000258-169x300.jpg 169w, http:\/\/acaopolitica.com\/wp-content\/uploads\/2017\/08\/2017-08-22-PHOTO-00000258-579x1030.jpg 579w\" sizes=\"(max-width: 585px) 100vw, 585px\" \/><\/a> <a href=\"http:\/\/acaopolitica.com\/wp-content\/uploads\/2017\/08\/2017-08-22-PHOTO-00000259.jpg\"><img loading=\"lazy\" class=\"alignnone size-full wp-image-2015\" src=\"http:\/\/acaopolitica.com\/wp-content\/uploads\/2017\/08\/2017-08-22-PHOTO-00000259.jpg\" alt=\"\" width=\"585\" height=\"1040\" srcset=\"http:\/\/acaopolitica.com\/wp-content\/uploads\/2017\/08\/2017-08-22-PHOTO-00000259.jpg 585w, http:\/\/acaopolitica.com\/wp-content\/uploads\/2017\/08\/2017-08-22-PHOTO-00000259-169x300.jpg 169w, http:\/\/acaopolitica.com\/wp-content\/uploads\/2017\/08\/2017-08-22-PHOTO-00000259-579x1030.jpg 579w\" sizes=\"(max-width: 585px) 100vw, 585px\" \/><\/a> <a href=\"http:\/\/acaopolitica.com\/wp-content\/uploads\/2017\/08\/2017-08-22-PHOTO-00000260.jpg\"><img loading=\"lazy\" class=\"alignnone size-full wp-image-2016\" src=\"http:\/\/acaopolitica.com\/wp-content\/uploads\/2017\/08\/2017-08-22-PHOTO-00000260.jpg\" alt=\"\" width=\"585\" height=\"1040\" srcset=\"http:\/\/acaopolitica.com\/wp-content\/uploads\/2017\/08\/2017-08-22-PHOTO-00000260.jpg 585w, http:\/\/acaopolitica.com\/wp-content\/uploads\/2017\/08\/2017-08-22-PHOTO-00000260-169x300.jpg 169w, http:\/\/acaopolitica.com\/wp-content\/uploads\/2017\/08\/2017-08-22-PHOTO-00000260-579x1030.jpg 579w\" sizes=\"(max-width: 585px) 100vw, 585px\" \/><\/a><\/p>\n","protected":false},"excerpt":{"rendered":"<p>Nesta, ter\u00e7a-feira, dia 22\/08\/2017, ocorreu uma reuni\u00e3o para tratar do projeto da nova ponte do Centro de Blumenau\/SC. A reuni\u00e3o ocorreu no galp\u00e3o do curso&#8230;<\/p>\n","protected":false},"author":1,"featured_media":2011,"comment_status":"open","ping_status":"open","sticky":false,"template":"","format":"standard","meta":[],"categories":[11,2],"tags":[],"_links":{"self":[{"href":"http:\/\/acaopolitica.com\/index.php\/wp-json\/wp\/v2\/posts\/2009"}],"collection":[{"href":"http:\/\/acaopolitica.com\/index.php\/wp-json\/wp\/v2\/posts"}],"about":[{"href":"http:\/\/acaopolitica.com\/index.php\/wp-json\/wp\/v2\/types\/post"}],"author":[{"embeddable":true,"href":"http:\/\/acaopolitica.com\/index.php\/wp-json\/wp\/v2\/users\/1"}],"replies":[{"embeddable":true,"href":"http:\/\/acaopolitica.com\/index.php\/wp-json\/wp\/v2\/comments?post=2009"}],"version-history":[{"count":16,"href":"http:\/\/acaopolitica.com\/index.php\/wp-json\/wp\/v2\/posts\/2009\/revisions"}],"predecessor-version":[{"id":2038,"href":"http:\/\/acaopolitica.com\/index.php\/wp-json\/wp\/v2\/posts\/2009\/revisions\/2038"}],"wp:featuredmedia":[{"embeddable":true,"href":"http:\/\/acaopolitica.com\/index.php\/wp-json\/wp\/v2\/media\/2011"}],"wp:attachment":[{"href":"http:\/\/acaopolitica.com\/index.php\/wp-json\/wp\/v2\/media?parent=2009"}],"wp:term":[{"taxonomy":"category","embeddable":true,"href":"http:\/\/acaopolitica.com\/index.php\/wp-json\/wp\/v2\/categories?post=2009"},{"taxonomy":"post_tag","embeddable":true,"href":"http:\/\/acaopolitica.com\/index.php\/wp-json\/wp\/v2\/tags?post=2009"}],"curies":[{"name":"wp","href":"https:\/\/api.w.org\/{rel}","templated":true}]}}