{"id":2032,"date":"2017-08-26T20:23:36","date_gmt":"2017-08-26T20:23:36","guid":{"rendered":"http:\/\/acaopolitica.com\/?p=2032"},"modified":"2017-08-26T20:23:36","modified_gmt":"2017-08-26T20:23:36","slug":"ivl-convidado-para-o-ii-encontro-conservador-de-ms","status":"publish","type":"post","link":"http:\/\/acaopolitica.com\/index.php\/2017\/08\/26\/ivl-convidado-para-o-ii-encontro-conservador-de-ms\/","title":{"rendered":"IVL convidado para o II Encontro Conservador De MS"},"content":{"rendered":"<p style=\"text-align: justify;\">Nos dias 22 e 23 de setembro de 2017 acontecer\u00e1 em Campo Grande\/MS, o <strong>II Encontro Conservador de MS<\/strong>, organizado pelo <a href=\"https:\/\/www.facebook.com\/Instituto.Iniciativa\/\" target=\"_blank\" rel=\"noopener\">Instituto Iniciativa<\/a>. O <a href=\"https:\/\/www.facebook.com\/institutoverdadeeliberdade\/\" target=\"_blank\" rel=\"noopener\">IVL &#8211; Instituto Verdade e Liberdade<\/a> participar\u00e1 como um dos convidados neste importante evento.<\/p>\n<p style=\"text-align: justify;\">O tema central ser\u00e1 &#8220;O Conservadorismo e a Nova Ordem Mundial&#8221;. Palestrantes confirmados: S.A.I.R. dom Betrand de Orleans e Bragan\u00e7a, Jos\u00e9 Carlos Sep\u00falveda, Lu\u00eds Vilar e Alexandre Costa.<\/p>\n<p style=\"text-align: justify;\">O IVL participar\u00e1 com dois convidados.<\/p>\n<p style=\"text-align: justify;\">O IVL levar\u00e1 at\u00e9 este evento seu conhecimento e sua capacidade de a\u00e7\u00e3o levando em conta a realidade da guerra pol\u00edtica e cultural que enfrentamos.<\/p>\n<p>&nbsp;<\/p>\n","protected":false},"excerpt":{"rendered":"<p>Nos dias 22 e 23 de setembro de 2017 acontecer\u00e1 em Campo Grande\/MS, o II Encontro Conservador de MS, organizado pelo Instituto Iniciativa. O IVL&#8230;<\/p>\n","protected":false},"author":1,"featured_media":2033,"comment_status":"open","ping_status":"open","sticky":false,"template":"","format":"standard","meta":[],"categories":[11,2],"tags":[],"_links":{"self":[{"href":"http:\/\/acaopolitica.com\/index.php\/wp-json\/wp\/v2\/posts\/2032"}],"collection":[{"href":"http:\/\/acaopolitica.com\/index.php\/wp-json\/wp\/v2\/posts"}],"about":[{"href":"http:\/\/acaopolitica.com\/index.php\/wp-json\/wp\/v2\/types\/post"}],"author":[{"embeddable":true,"href":"http:\/\/acaopolitica.com\/index.php\/wp-json\/wp\/v2\/users\/1"}],"replies":[{"embeddable":true,"href":"http:\/\/acaopolitica.com\/index.php\/wp-json\/wp\/v2\/comments?post=2032"}],"version-history":[{"count":1,"href":"http:\/\/acaopolitica.com\/index.php\/wp-json\/wp\/v2\/posts\/2032\/revisions"}],"predecessor-version":[{"id":2034,"href":"http:\/\/acaopolitica.com\/index.php\/wp-json\/wp\/v2\/posts\/2032\/revisions\/2034"}],"wp:featuredmedia":[{"embeddable":true,"href":"http:\/\/acaopolitica.com\/index.php\/wp-json\/wp\/v2\/media\/2033"}],"wp:attachment":[{"href":"http:\/\/acaopolitica.com\/index.php\/wp-json\/wp\/v2\/media?parent=2032"}],"wp:term":[{"taxonomy":"category","embeddable":true,"href":"http:\/\/acaopolitica.com\/index.php\/wp-json\/wp\/v2\/categories?post=2032"},{"taxonomy":"post_tag","embeddable":true,"href":"http:\/\/acaopolitica.com\/index.php\/wp-json\/wp\/v2\/tags?post=2032"}],"curies":[{"name":"wp","href":"https:\/\/api.w.org\/{rel}","templated":true}]}}