{"id":2036,"date":"2017-08-28T15:06:30","date_gmt":"2017-08-28T15:06:30","guid":{"rendered":"http:\/\/acaopolitica.com\/?p=2036"},"modified":"2017-08-28T15:06:30","modified_gmt":"2017-08-28T15:06:30","slug":"gastos-com-pessoal-militar-das-forcas-armadas-base-ano-de-2016","status":"publish","type":"post","link":"http:\/\/acaopolitica.com\/index.php\/2017\/08\/28\/gastos-com-pessoal-militar-das-forcas-armadas-base-ano-de-2016\/","title":{"rendered":"Gastos com Pessoal Militar das For\u00e7as Armadas &#8211; Base: Ano de 2016"},"content":{"rendered":"<p style=\"text-align: justify;\"><span style=\"color: #0000ff;\"><span style=\"color: #ff0000;\">A previd\u00eancia dos militares \u00e9 t\u00e3o bizarra que o c\u00e1lculo \u00a0atuarial seria uma aberra\u00e7\u00e3o, como \u00e9 o cont\u00e1bil, conforme abaixo: onde se gasta 40% com ativos e 60% com inativos.<\/span> <\/span><\/p>\n<p style=\"text-align: center;\"><span style=\"color: #0000ff;\">Gastos com Pessoal Militar das For\u00e7as Armadas \u2013 Fonte: MP<\/span><\/p>\n<p style=\"text-align: center;\"><strong><span style=\"color: #ff0000;\">Base: Ano de 2016<\/span><\/strong><\/p>\n<table>\n<tbody>\n<tr>\n<td><span style=\"color: #0000ff;\">Itens<\/span><\/td>\n<td><span style=\"color: #0000ff;\">Quantitativo<\/span><\/td>\n<td><span style=\"color: #0000ff;\">R$ Bilh\u00f5es<\/span><\/td>\n<td><span style=\"color: #0000ff;\">%<\/span><\/td>\n<\/tr>\n<tr>\n<td><span style=\"color: #0000ff;\">Ativos<\/span><\/td>\n<td><span style=\"color: #0000ff;\">364.022<\/span><\/td>\n<td><span style=\"color: #0000ff;\">21,0<\/span><\/td>\n<td><span style=\"color: #0000ff;\">36,65<\/span><\/td>\n<\/tr>\n<tr>\n<td><span style=\"color: #0000ff;\">Reserva e Reforma<\/span><\/td>\n<td><span style=\"color: #0000ff;\">154.600<\/span><\/td>\n<td><span style=\"color: #0000ff;\">19,2<\/span><\/td>\n<td><span style=\"color: #0000ff;\">33,51<\/span><\/td>\n<\/tr>\n<tr>\n<td><span style=\"color: #0000ff;\">Pensionistas<\/span><\/td>\n<td><span style=\"color: #0000ff;\">144.410<\/span><\/td>\n<td><span style=\"color: #0000ff;\">17,1<\/span><\/td>\n<td><span style=\"color: #0000ff;\">29,84<\/span><\/td>\n<\/tr>\n<tr>\n<td><strong><span style=\"color: #ff0000;\">Total Pessoal Militar<\/span><\/strong><\/td>\n<td><strong><span style=\"color: #ff0000;\">663.032<\/span><\/strong><\/td>\n<td><strong><span style=\"color: #ff0000;\">57,3<\/span><\/strong><\/td>\n<td><strong><span style=\"color: #ff0000;\">100,00<\/span><\/strong><\/td>\n<\/tr>\n<\/tbody>\n<\/table>\n<p style=\"text-align: justify;\"><span style=\"color: #0000ff;\">O quadro demonstrativo acima demonstra de forma clara e indiscut\u00edvel a distor\u00e7\u00e3o causada pela pens\u00e3o das filhas de militares nas contas nacionais, gerando uma aberra\u00e7\u00e3o econ\u00f4mica onde se gasta 36,65% com pessoal ativo e 63,35% com pessoal inativo (reserva, reforma e pens\u00f5es).<\/span><\/p>\n<p style=\"text-align: justify;\"><span style=\"color: #0000ff;\">Essa anomalia econ\u00f4mica foi encerrada em 2001, mas em fun\u00e7\u00e3o do maldito direito adquirido existente para os trabalhadores de primeira classe (servidores p\u00fablicos) seus efeitos financeiros somente ocorrer\u00e3o em torno do ano de 2036.<\/span><\/p>\n<p style=\"text-align: center;\"><span style=\"color: #ff0000;\">Arquivos oficiais do governo est\u00e3o dispon\u00edveis\u00a0aos leitores.<\/span><\/p>\n<p><span style=\"color: #0000ff;\">Ricardo Bergamini<\/span><br \/>\n<span style=\"color: #0000ff;\">(48) 99636-7322<\/span><br \/>\n<span style=\"color: #0000ff;\">(48) 99976-6974<\/span><br \/>\n<span style=\"color: #0000ff;\"><a href=\"mailto:ricardobergamini@ricardobergamini.com.br\" target=\"_blank\" rel=\"noopener\">ricardobergamini@ricardobergamini.com.br<br \/>\n<\/a><a href=\"http:\/\/www.ricardobergamini.com.br\/\" target=\"_blank\" rel=\"noopener\" data-saferedirecturl=\"https:\/\/www.google.com\/url?hl=en&amp;q=http:\/\/www.ricardobergamini.com.br\/&amp;source=gmail&amp;ust=1504010921159000&amp;usg=AFQjCNFBXR2qMD7VAwYLgsw-Xihd9HUCBg\">www.ricardobergamini.com.br<\/a><\/span><\/p>\n<p>&nbsp;<\/p>\n","protected":false},"excerpt":{"rendered":"<p>A previd\u00eancia dos militares \u00e9 t\u00e3o bizarra que o c\u00e1lculo \u00a0atuarial seria uma aberra\u00e7\u00e3o, como \u00e9 o cont\u00e1bil, conforme abaixo: onde se gasta 40% com&#8230;<\/p>\n","protected":false},"author":1,"featured_media":1130,"comment_status":"open","ping_status":"open","sticky":false,"template":"","format":"standard","meta":[],"categories":[10],"tags":[],"_links":{"self":[{"href":"http:\/\/acaopolitica.com\/index.php\/wp-json\/wp\/v2\/posts\/2036"}],"collection":[{"href":"http:\/\/acaopolitica.com\/index.php\/wp-json\/wp\/v2\/posts"}],"about":[{"href":"http:\/\/acaopolitica.com\/index.php\/wp-json\/wp\/v2\/types\/post"}],"author":[{"embeddable":true,"href":"http:\/\/acaopolitica.com\/index.php\/wp-json\/wp\/v2\/users\/1"}],"replies":[{"embeddable":true,"href":"http:\/\/acaopolitica.com\/index.php\/wp-json\/wp\/v2\/comments?post=2036"}],"version-history":[{"count":1,"href":"http:\/\/acaopolitica.com\/index.php\/wp-json\/wp\/v2\/posts\/2036\/revisions"}],"predecessor-version":[{"id":2037,"href":"http:\/\/acaopolitica.com\/index.php\/wp-json\/wp\/v2\/posts\/2036\/revisions\/2037"}],"wp:featuredmedia":[{"embeddable":true,"href":"http:\/\/acaopolitica.com\/index.php\/wp-json\/wp\/v2\/media\/1130"}],"wp:attachment":[{"href":"http:\/\/acaopolitica.com\/index.php\/wp-json\/wp\/v2\/media?parent=2036"}],"wp:term":[{"taxonomy":"category","embeddable":true,"href":"http:\/\/acaopolitica.com\/index.php\/wp-json\/wp\/v2\/categories?post=2036"},{"taxonomy":"post_tag","embeddable":true,"href":"http:\/\/acaopolitica.com\/index.php\/wp-json\/wp\/v2\/tags?post=2036"}],"curies":[{"name":"wp","href":"https:\/\/api.w.org\/{rel}","templated":true}]}}