{"id":2040,"date":"2017-09-02T22:58:19","date_gmt":"2017-09-02T22:58:19","guid":{"rendered":"http:\/\/acaopolitica.com\/?p=2040"},"modified":"2017-09-03T03:00:56","modified_gmt":"2017-09-03T03:00:56","slug":"capacitacao-ivl-bdb-missao-visao-e-ambicao","status":"publish","type":"post","link":"http:\/\/acaopolitica.com\/index.php\/2017\/09\/02\/capacitacao-ivl-bdb-missao-visao-e-ambicao\/","title":{"rendered":"Capacita\u00e7\u00e3o IVL + BdB &#8211; Miss\u00e3o, Vis\u00e3o e Ambi\u00e7\u00e3o"},"content":{"rendered":"<p style=\"text-align: justify;\"><span style=\"color: #000000;\">Nesta sexta-feira, dia 01 de setembro de 2017, a partir das 17h, o <a href=\"http:\/\/www.institutoverdadeeliberdade.com.br\/\" target=\"_blank\" rel=\"noopener\">IVL &#8211; Instituto Verdade e Liberdade<\/a> e o <a href=\"http:\/\/brasileirosdebem.com.br\/\" target=\"_blank\" rel=\"noopener\">Brasileiros de Bem<\/a> promoveram uma capacita\u00e7\u00e3o conjunta para apoiadores e novos interessados nas atividades e projetos das entidades.<\/span><\/p>\n<p><span style=\"color: #000000;\">A capacita\u00e7\u00e3o ocorreu nas depend\u00eancias da <a href=\"http:\/\/www.acib.net\/\" target=\"_blank\" rel=\"noopener\">ACIB &#8211; Associa\u00e7\u00e3o Empresarial de Blumenau<\/a> e foi viabilizada gra\u00e7as ao inestim\u00e1vel apoio do Sr. Charles Schwanke (diretor executivo daquela entidade) e valiosa assessoria de toda sua equipe.<\/span><\/p>\n<p style=\"text-align: justify;\"><span style=\"color: #000000;\">A capacita\u00e7\u00e3o foi coordenada por Anderson Maia (<a href=\"http:\/\/www.dosesdeautoconfianca.com.br\" target=\"_blank\" rel=\"noopener\">dosesdeautoconfianca.com.br<\/a>). Ele \u00e9 especialista em ajudar empreendedores, diretores e executivos a conquistar autoconfian\u00e7a permanente e a impulsionar os neg\u00f3cios no mercado atual.<\/span><\/p>\n<p style=\"text-align: justify;\"><span style=\"color: #000000;\">Nas palavras de Anderson Maia, sobre a capacita\u00e7\u00e3o:<\/span><\/p>\n<p style=\"text-align: justify; padding-left: 30px;\"><strong><span style=\"color: #000000;\"><em>&#8220;<span style=\"color: #0000ff;\">Fizemos um trabalho de engajamento definitivo, potencializa\u00e7\u00e3o de compet\u00eancias individuais, autolideran\u00e7a e automotiva\u00e7\u00e3o da nossa equipe. O principal objetivo deste treinamento \u00e9 aprendermos como engajar a mente, a alma e o cora\u00e7\u00e3o de cada membro da equipe.<\/span>&#8220;<\/em><\/span><\/strong><\/p>\n<p style=\"text-align: justify;\"><span style=\"color: #000000;\">Um dos participantes relatou &#8220;<em><span style=\"color: #0000ff;\">Est\u00e1vamos reunidos para perceber que, somente viveremos num pa\u00eds melhor se oferecermos o melhor para ele, come\u00e7ando com as pessoas, diariamente. Podemos fazer isso dando o que temos de melhor e desenvolvendo novas habilidades&#8230; <\/span><\/em>&#8220;<\/span><\/p>\n<p style=\"text-align: justify;\"><span style=\"color: #000000;\">Os trabalhos foram abertos pelo Sr. Cl\u00e1udio Bucco (idealizador e presidente do <a href=\"http:\/\/www.brasileirosdebem.com.br\/\" target=\"_blank\" rel=\"noopener\">Brasileiros de Bem<\/a>) que fez uma explana\u00e7\u00e3o sobre a estrutura que est\u00e1 sendo montada para efetividade dos projetos e de que forma os recursos criados ser\u00e3o disponibilizados para toda a sociedade. Ainda, ressaltou a import\u00e2ncia de nos engajarmos todos na constru\u00e7\u00e3o de um Brasil mais desenvolvido e justo.<\/span><\/p>\n<p style=\"text-align: justify;\"><span style=\"color: #000000;\">Os trabalhos foram finalizados com a mensagem de Vanderlei Dallagnolo, presidente do <a href=\"http:\/\/www.institutoverdadeeliberdade.com.br\/\" target=\"_blank\" rel=\"noopener\">IVL &#8211; Instituto Verdade e Liberdade<\/a> e colaborador dos <a href=\"http:\/\/www.brasileirosdebem.com.br\/\" target=\"_blank\" rel=\"noopener\">Brasileiros de Bem<\/a> que iniciou agradecendo a inspira\u00e7\u00e3o ao escritor e xam\u00e3 <a href=\"http:\/\/www.ceunossasenhoradaconceicao.com.br\/quem-e-gideon-dos-lakotas-ou-emiliano-dias-linhares\/\" target=\"_blank\" rel=\"noopener\">Gideon dos Lakotas<\/a>. Este concluiu dizendo que existem muitas formas de ser um Brasileiro de Bem &#8221; <em><span style=\"color: #0000ff;\">na forma que voc\u00ea vive, como cidad\u00e3o, na sua fam\u00edlia, [&#8230;] buscando se desenvolver com as ferramentas que o Anderson citou aqui hoje [&#8230;].<\/span><\/em>&#8220;<\/span><\/p>\n<p style=\"text-align: justify;\"><span style=\"color: #000000;\">A organiza\u00e7\u00e3o agradece imensamente a todos os presentes.<\/span><\/p>\n<p style=\"text-align: justify;\"><span style=\"color: #000000;\">Seguem alguns registros abaixo:<\/span><\/p>\n<p><a href=\"http:\/\/acaopolitica.com\/wp-content\/uploads\/2017\/09\/IMG_0093.jpg\"><img loading=\"lazy\" class=\"alignnone size-full wp-image-2042\" src=\"http:\/\/acaopolitica.com\/wp-content\/uploads\/2017\/09\/IMG_0093.jpg\" alt=\"\" width=\"480\" height=\"640\" srcset=\"http:\/\/acaopolitica.com\/wp-content\/uploads\/2017\/09\/IMG_0093.jpg 480w, http:\/\/acaopolitica.com\/wp-content\/uploads\/2017\/09\/IMG_0093-225x300.jpg 225w\" sizes=\"(max-width: 480px) 100vw, 480px\" \/><\/a> <a href=\"http:\/\/acaopolitica.com\/wp-content\/uploads\/2017\/09\/IMG-0065.jpg\"><img loading=\"lazy\" class=\"alignnone size-full wp-image-2043\" src=\"http:\/\/acaopolitica.com\/wp-content\/uploads\/2017\/09\/IMG-0065.jpg\" alt=\"\" width=\"540\" height=\"960\" srcset=\"http:\/\/acaopolitica.com\/wp-content\/uploads\/2017\/09\/IMG-0065.jpg 540w, http:\/\/acaopolitica.com\/wp-content\/uploads\/2017\/09\/IMG-0065-169x300.jpg 169w\" sizes=\"(max-width: 540px) 100vw, 540px\" \/><\/a> <a href=\"http:\/\/acaopolitica.com\/wp-content\/uploads\/2017\/09\/IMG-0066.jpg\"><img loading=\"lazy\" class=\"alignnone size-full wp-image-2044\" src=\"http:\/\/acaopolitica.com\/wp-content\/uploads\/2017\/09\/IMG-0066.jpg\" alt=\"\" width=\"540\" height=\"960\" srcset=\"http:\/\/acaopolitica.com\/wp-content\/uploads\/2017\/09\/IMG-0066.jpg 540w, http:\/\/acaopolitica.com\/wp-content\/uploads\/2017\/09\/IMG-0066-169x300.jpg 169w\" sizes=\"(max-width: 540px) 100vw, 540px\" \/><\/a> <a href=\"http:\/\/acaopolitica.com\/wp-content\/uploads\/2017\/09\/IMG-0072.jpg\"><img loading=\"lazy\" class=\"alignnone size-full wp-image-2045\" src=\"http:\/\/acaopolitica.com\/wp-content\/uploads\/2017\/09\/IMG-0072.jpg\" alt=\"\" width=\"1632\" height=\"1224\" srcset=\"http:\/\/acaopolitica.com\/wp-content\/uploads\/2017\/09\/IMG-0072.jpg 1632w, http:\/\/acaopolitica.com\/wp-content\/uploads\/2017\/09\/IMG-0072-300x225.jpg 300w, http:\/\/acaopolitica.com\/wp-content\/uploads\/2017\/09\/IMG-0072-768x576.jpg 768w, http:\/\/acaopolitica.com\/wp-content\/uploads\/2017\/09\/IMG-0072-1030x773.jpg 1030w\" sizes=\"(max-width: 1632px) 100vw, 1632px\" \/><\/a> <a href=\"http:\/\/acaopolitica.com\/wp-content\/uploads\/2017\/09\/IMG-0074.jpg\"><img loading=\"lazy\" class=\"alignnone size-full wp-image-2046\" src=\"http:\/\/acaopolitica.com\/wp-content\/uploads\/2017\/09\/IMG-0074.jpg\" alt=\"\" width=\"1632\" height=\"1224\" srcset=\"http:\/\/acaopolitica.com\/wp-content\/uploads\/2017\/09\/IMG-0074.jpg 1632w, http:\/\/acaopolitica.com\/wp-content\/uploads\/2017\/09\/IMG-0074-300x225.jpg 300w, http:\/\/acaopolitica.com\/wp-content\/uploads\/2017\/09\/IMG-0074-768x576.jpg 768w, http:\/\/acaopolitica.com\/wp-content\/uploads\/2017\/09\/IMG-0074-1030x773.jpg 1030w\" sizes=\"(max-width: 1632px) 100vw, 1632px\" \/><\/a> <a href=\"http:\/\/acaopolitica.com\/wp-content\/uploads\/2017\/09\/IMG-0077.jpg\"><img loading=\"lazy\" class=\"alignnone size-full wp-image-2047\" src=\"http:\/\/acaopolitica.com\/wp-content\/uploads\/2017\/09\/IMG-0077.jpg\" alt=\"\" width=\"1632\" height=\"1224\" srcset=\"http:\/\/acaopolitica.com\/wp-content\/uploads\/2017\/09\/IMG-0077.jpg 1632w, http:\/\/acaopolitica.com\/wp-content\/uploads\/2017\/09\/IMG-0077-300x225.jpg 300w, http:\/\/acaopolitica.com\/wp-content\/uploads\/2017\/09\/IMG-0077-768x576.jpg 768w, http:\/\/acaopolitica.com\/wp-content\/uploads\/2017\/09\/IMG-0077-1030x773.jpg 1030w\" sizes=\"(max-width: 1632px) 100vw, 1632px\" \/><\/a> <a href=\"http:\/\/acaopolitica.com\/wp-content\/uploads\/2017\/09\/IMG-0079.jpg\"><img loading=\"lazy\" class=\"alignnone size-full wp-image-2048\" src=\"http:\/\/acaopolitica.com\/wp-content\/uploads\/2017\/09\/IMG-0079.jpg\" alt=\"\" width=\"1632\" height=\"1224\" srcset=\"http:\/\/acaopolitica.com\/wp-content\/uploads\/2017\/09\/IMG-0079.jpg 1632w, http:\/\/acaopolitica.com\/wp-content\/uploads\/2017\/09\/IMG-0079-300x225.jpg 300w, http:\/\/acaopolitica.com\/wp-content\/uploads\/2017\/09\/IMG-0079-768x576.jpg 768w, http:\/\/acaopolitica.com\/wp-content\/uploads\/2017\/09\/IMG-0079-1030x773.jpg 1030w\" sizes=\"(max-width: 1632px) 100vw, 1632px\" \/><\/a> <a href=\"http:\/\/acaopolitica.com\/wp-content\/uploads\/2017\/09\/IMG-0083.jpg\"><img loading=\"lazy\" class=\"alignnone size-full wp-image-2050\" src=\"http:\/\/acaopolitica.com\/wp-content\/uploads\/2017\/09\/IMG-0083.jpg\" alt=\"\" width=\"1632\" height=\"1224\" srcset=\"http:\/\/acaopolitica.com\/wp-content\/uploads\/2017\/09\/IMG-0083.jpg 1632w, http:\/\/acaopolitica.com\/wp-content\/uploads\/2017\/09\/IMG-0083-300x225.jpg 300w, http:\/\/acaopolitica.com\/wp-content\/uploads\/2017\/09\/IMG-0083-768x576.jpg 768w, http:\/\/acaopolitica.com\/wp-content\/uploads\/2017\/09\/IMG-0083-1030x773.jpg 1030w\" sizes=\"(max-width: 1632px) 100vw, 1632px\" \/><\/a> <a href=\"http:\/\/acaopolitica.com\/wp-content\/uploads\/2017\/09\/IMG-0086.jpg\"><img loading=\"lazy\" class=\"alignnone size-full wp-image-2051\" src=\"http:\/\/acaopolitica.com\/wp-content\/uploads\/2017\/09\/IMG-0086.jpg\" alt=\"\" width=\"1224\" height=\"1632\" srcset=\"http:\/\/acaopolitica.com\/wp-content\/uploads\/2017\/09\/IMG-0086.jpg 1224w, http:\/\/acaopolitica.com\/wp-content\/uploads\/2017\/09\/IMG-0086-225x300.jpg 225w, http:\/\/acaopolitica.com\/wp-content\/uploads\/2017\/09\/IMG-0086-768x1024.jpg 768w, http:\/\/acaopolitica.com\/wp-content\/uploads\/2017\/09\/IMG-0086-773x1030.jpg 773w\" sizes=\"(max-width: 1224px) 100vw, 1224px\" \/><\/a><\/p>\n<p>E como ningu\u00e9m \u00e9 de ferro, segue registro do after:<\/p>\n<p><a href=\"http:\/\/acaopolitica.com\/wp-content\/uploads\/2017\/09\/IMG_0097-after.jpg\"><img loading=\"lazy\" class=\"alignnone size-full wp-image-2052\" src=\"http:\/\/acaopolitica.com\/wp-content\/uploads\/2017\/09\/IMG_0097-after.jpg\" alt=\"\" width=\"3264\" height=\"2448\" srcset=\"http:\/\/acaopolitica.com\/wp-content\/uploads\/2017\/09\/IMG_0097-after.jpg 3264w, http:\/\/acaopolitica.com\/wp-content\/uploads\/2017\/09\/IMG_0097-after-300x225.jpg 300w, http:\/\/acaopolitica.com\/wp-content\/uploads\/2017\/09\/IMG_0097-after-768x576.jpg 768w, http:\/\/acaopolitica.com\/wp-content\/uploads\/2017\/09\/IMG_0097-after-1030x773.jpg 1030w\" sizes=\"(max-width: 3264px) 100vw, 3264px\" \/><\/a> <a href=\"http:\/\/acaopolitica.com\/wp-content\/uploads\/2017\/09\/IMG_0098-after.jpg\"><img loading=\"lazy\" class=\"alignnone size-large wp-image-2054\" src=\"http:\/\/acaopolitica.com\/wp-content\/uploads\/2017\/09\/IMG_0098-after-1030x579.jpg\" alt=\"\" width=\"610\" height=\"343\" srcset=\"http:\/\/acaopolitica.com\/wp-content\/uploads\/2017\/09\/IMG_0098-after-1030x579.jpg 1030w, http:\/\/acaopolitica.com\/wp-content\/uploads\/2017\/09\/IMG_0098-after-300x169.jpg 300w, http:\/\/acaopolitica.com\/wp-content\/uploads\/2017\/09\/IMG_0098-after-768x432.jpg 768w, http:\/\/acaopolitica.com\/wp-content\/uploads\/2017\/09\/IMG_0098-after.jpg 1920w\" sizes=\"(max-width: 610px) 100vw, 610px\" \/><\/a><\/p>\n<p>Um trecho da finaliza\u00e7\u00e3o pode ser visto aqui neste v\u00eddeo:<\/p>\n<p>https:\/\/www.facebook.com\/institutoverdadeeliberdade\/videos\/1303727043087687<\/p>\n<p>&nbsp;<\/p>\n","protected":false},"excerpt":{"rendered":"<p>Nesta sexta-feira, dia 01 de setembro de 2017, a partir das 17h, o IVL &#8211; Instituto Verdade e Liberdade e o Brasileiros de Bem promoveram&#8230;<\/p>\n","protected":false},"author":1,"featured_media":2058,"comment_status":"open","ping_status":"open","sticky":false,"template":"","format":"standard","meta":[],"categories":[11],"tags":[],"_links":{"self":[{"href":"http:\/\/acaopolitica.com\/index.php\/wp-json\/wp\/v2\/posts\/2040"}],"collection":[{"href":"http:\/\/acaopolitica.com\/index.php\/wp-json\/wp\/v2\/posts"}],"about":[{"href":"http:\/\/acaopolitica.com\/index.php\/wp-json\/wp\/v2\/types\/post"}],"author":[{"embeddable":true,"href":"http:\/\/acaopolitica.com\/index.php\/wp-json\/wp\/v2\/users\/1"}],"replies":[{"embeddable":true,"href":"http:\/\/acaopolitica.com\/index.php\/wp-json\/wp\/v2\/comments?post=2040"}],"version-history":[{"count":5,"href":"http:\/\/acaopolitica.com\/index.php\/wp-json\/wp\/v2\/posts\/2040\/revisions"}],"predecessor-version":[{"id":2061,"href":"http:\/\/acaopolitica.com\/index.php\/wp-json\/wp\/v2\/posts\/2040\/revisions\/2061"}],"wp:featuredmedia":[{"embeddable":true,"href":"http:\/\/acaopolitica.com\/index.php\/wp-json\/wp\/v2\/media\/2058"}],"wp:attachment":[{"href":"http:\/\/acaopolitica.com\/index.php\/wp-json\/wp\/v2\/media?parent=2040"}],"wp:term":[{"taxonomy":"category","embeddable":true,"href":"http:\/\/acaopolitica.com\/index.php\/wp-json\/wp\/v2\/categories?post=2040"},{"taxonomy":"post_tag","embeddable":true,"href":"http:\/\/acaopolitica.com\/index.php\/wp-json\/wp\/v2\/tags?post=2040"}],"curies":[{"name":"wp","href":"https:\/\/api.w.org\/{rel}","templated":true}]}}