{"id":2062,"date":"2017-09-04T02:34:40","date_gmt":"2017-09-04T02:34:40","guid":{"rendered":"http:\/\/acaopolitica.com\/?p=2062"},"modified":"2017-09-05T21:00:48","modified_gmt":"2017-09-05T21:00:48","slug":"curso-de-controle-e-acompanhamento-das-contas-publicas","status":"publish","type":"post","link":"http:\/\/acaopolitica.com\/index.php\/2017\/09\/04\/curso-de-controle-e-acompanhamento-das-contas-publicas\/","title":{"rendered":"Curso de Controle e Acompanhamento das Contas P\u00fablicas"},"content":{"rendered":"<p style=\"text-align: justify;\"><span style=\"color: #000000;\">O <a href=\"https:\/\/www.facebook.com\/institutoverdadeeliberdade\/\" target=\"_blank\" rel=\"noopener\">IVL &#8211; Instituto Verdade e Liberdade<\/a> promove o <strong><span style=\"color: #000080;\">Curso de Controle e Acompanhamento das Contas P\u00fablicas<\/span><\/strong>.<\/span><\/p>\n<p style=\"text-align: justify;\"><span style=\"color: #000000;\">O curso ocorrer\u00e1 nos dias 07 e 08 de outubro, em ambos os dias das 09h \u00e0s 17h. O local ser\u00e3o as depend\u00eancias da <a href=\"https:\/\/www.facebook.com\/EADLaureateBlumenau\/\" target=\"_blank\" rel=\"noopener\">EAD Laureate &#8211; P\u00f3lo Blumenau<\/a> no endere\u00e7o:<\/span><\/p>\n<p style=\"padding-left: 30px; text-align: justify;\"><span style=\"color: #000000;\">R. Erich Steinbach, 22 &#8211; 1\u00ba Andar, sala 101. Em frente da Pra\u00e7a do M\u00fasico (antiga Gaitas Hering). Blumenau, SC.<\/span><\/p>\n<p style=\"text-align: justify;\"><span style=\"color: #000000;\">Dados do curso:<\/span><\/p>\n<p style=\"text-align: justify; padding-left: 30px;\"><span style=\"color: #000000;\">=&gt; Facilitador: <a href=\"http:\/\/www.vigilantesdagestao.org.br\/\" target=\"_blank\" rel=\"noopener\">Sir Carvalho &#8211;\u00a0 Presidente dos Vigilantes da Gest\u00e3o<\/a><br \/>\n<\/span><\/p>\n<p style=\"text-align: justify; padding-left: 30px;\"><span style=\"color: #000000;\">=&gt; VAGAS LIMITADAS: 30 inscritos<\/span><\/p>\n<p style=\"text-align: justify; padding-left: 30px;\"><span style=\"color: #000000;\">=&gt; <span class=\"_4n-j _3cht fsl\" data-testid=\"event-permalink-details\"><span class=\"text_exposed_show\">I<span style=\"color: #000000;\">nvestimento: R$ 50,00 (cinquenta reais)<\/span><\/span><\/span><\/span><\/p>\n<p style=\"text-align: justify; padding-left: 30px;\"><span class=\"_4n-j _3cht fsl\" style=\"color: #000000;\" data-testid=\"event-permalink-details\"><span class=\"text_exposed_show\">=&gt; <span style=\"color: #000000;\">Conv\u00eanios e parceiros: 50% de desconto<\/span><br \/>\n<span style=\"color: #000000;\"> Entidades conveniadas: ver no rodap\u00e9<\/span><\/span><\/span><\/p>\n<p style=\"padding-left: 30px;\"><span style=\"color: #000000;\">=&gt; Pagamento via dep\u00f3sito banc\u00e1rio<\/span><br \/>\n<span style=\"color: #000000;\">Banco: VIACREDI &#8211; 085. Ag\u00eancia: 0101<\/span><br \/>\n<span style=\"color: #000000;\">Conta: 279.373-3. Titular: Alcione Kleine. CPF: 466.693.969 &#8211; 53<\/span><br \/>\n<span style=\"color: #000000;\">Enviar comprovante por e-mail ou celular<\/span><\/p>\n<p><span style=\"color: #000000;\">=&gt; Informa\u00e7\u00f5es e inscri\u00e7\u00f5es:<\/span><\/p>\n<ul style=\"text-align: justify;\">\n<li><span class=\"_4n-j _3cht fsl\" style=\"color: #000000;\" data-testid=\"event-permalink-details\"><span class=\"text_exposed_show\"><span style=\"color: #000000;\">Whats App: 47 9 9982 3534<\/span> <\/span><\/span><\/li>\n<li><span class=\"_4n-j _3cht fsl\" style=\"color: #000000;\" data-testid=\"event-permalink-details\"><span class=\"text_exposed_show\"><span style=\"color: #000000;\">E-mail:<\/span> <a href=\"mailto:contato@institutoverdadeeliberdade.com.br\" target=\"_blank\" rel=\"noopener\">contato@institutoverdadeel<wbr \/>iberdade.com.br <\/a><\/span><\/span><\/li>\n<li><span style=\"color: #000000;\">Evento no Facebook: <a href=\"https:\/\/www.facebook.com\/events\/1776150525758712\/\" target=\"_blank\" rel=\"noopener\">https:\/\/www.facebook.com\/events\/1776150525758712\/<\/a><\/span><\/li>\n<\/ul>\n<p style=\"text-align: justify;\"><span class=\"_4n-j _3cht fsl\" style=\"color: #000000;\" data-testid=\"event-permalink-details\">Principais t\u00f3picos:<\/span><\/p>\n<p style=\"padding-left: 30px; text-align: justify;\"><span class=\"_4n-j _3cht fsl\" style=\"color: #000000;\" data-testid=\"event-permalink-details\">=&gt; Como fiscalizar editais e licita\u00e7\u00f5es<\/span><\/p>\n<p style=\"padding-left: 30px; text-align: justify;\"><span class=\"_4n-j _3cht fsl\" style=\"color: #000000;\" data-testid=\"event-permalink-details\">=&gt; Portal de transpar\u00eancia<\/span><\/p>\n<p style=\"padding-left: 30px; text-align: justify;\"><span class=\"_4n-j _3cht fsl\" style=\"color: #000000;\" data-testid=\"event-permalink-details\">=&gt; Gest\u00e3o de contratos<\/span><\/p>\n<p style=\"padding-left: 30px;\"><span style=\"color: #000000;\">=&gt;<\/span> <span style=\"color: #000000;\">Gest\u00e3o \u00a0de contratos do lixo<\/span><\/p>\n<p style=\"padding-left: 30px; text-align: justify;\"><span class=\"_4n-j _3cht fsl\" style=\"color: #000000;\" data-testid=\"event-permalink-details\">=&gt; Repasses para ONGS de forma ilegal<\/span><\/p>\n<p style=\"padding-left: 30px; text-align: justify;\"><span class=\"_4n-j _3cht fsl\" style=\"color: #000000;\" data-testid=\"event-permalink-details\"><span class=\"text_exposed_show\"><span style=\"color: #000000;\">=&gt; Terceiriza\u00e7\u00e3o de atividade fim<\/span><\/span><\/span><\/p>\n<p><span style=\"color: #000000;\">Todos os t\u00f3picos ser\u00e3o abordados e demonstrados de forma pr\u00e1tica.<\/span><\/p>\n<hr \/>\n<p style=\"text-align: justify;\"><a href=\"http:\/\/www.vigilantesdagestao.org.br\/\" target=\"_blank\" rel=\"noopener\">Sir Carvalho \u00e9 presidente dos Vigilantes da Gest\u00e3o<\/a><span style=\"color: #000000;\"><span class=\"_4n-j _3cht fsl\" data-testid=\"event-permalink-details\"><span class=\"text_exposed_show\">, <span style=\"color: #000000;\">entidade que tem como miss\u00e3o: <\/span><\/span><\/span><\/span><\/p>\n<p style=\"padding-left: 30px; text-align: justify;\"><span style=\"color: #000080;\">&#8220;Desenvolver ferramentas de acompanhamento da gest\u00e3o p\u00fablica, sistema de indicadores de resultados, promover o desenvolvimento regional end\u00f3geno, despertar o esp\u00edrito de Cidadania Democr\u00e1tica na sociedade organizada, tornando-a proativa e instrumentalizando-a com meios adequados para o exerc\u00edcio do controle e da vigil\u00e2ncia social.\u201d<\/span><\/p>\n<hr \/>\n<p style=\"text-align: justify;\"><span class=\"_4n-j _3cht fsl\" style=\"color: #000000;\" data-testid=\"event-permalink-details\"><span class=\"text_exposed_show\"><span style=\"color: #000000;\">Entidades conveniadas<\/span>:<\/span><\/span><\/p>\n<ul>\n<li style=\"text-align: justify;\"><span class=\"_4n-j _3cht fsl\" style=\"color: #000000;\" data-testid=\"event-permalink-details\"><span class=\"text_exposed_show\"><a href=\"https:\/\/www.facebook.com\/institutoverdadeeliberdade\/\" target=\"_blank\" rel=\"noopener\" data-hovercard=\"\/ajax\/hovercard\/page.php?id=749762098484187&amp;extragetparams=%7B%22directed_target_id%22%3A1783843135240632%7D\" data-hovercard-prefer-more-content-show=\"1\">IVL &#8211; Instituto Verdade e Liberdade<\/a><\/span><\/span><\/li>\n<li style=\"text-align: justify;\"><span class=\"_4n-j _3cht fsl\" style=\"color: #000000;\" data-testid=\"event-permalink-details\"><span class=\"text_exposed_show\"><a href=\"https:\/\/www.facebook.com\/EADLaureateBlumenau\/\" target=\"_blank\" rel=\"noopener\" data-hovercard=\"\/ajax\/hovercard\/page.php?id=535881356581878&amp;extragetparams=%7B%22directed_target_id%22%3A1783843135240632%7D\" data-hovercard-prefer-more-content-show=\"1\">EAD Laureate &#8211; Polo Blumenau<\/a><br \/>\n<\/span><\/span><\/li>\n<li style=\"text-align: justify;\"><span class=\"_4n-j _3cht fsl\" style=\"color: #000000;\" data-testid=\"event-permalink-details\"><span class=\"text_exposed_show\"><a href=\"https:\/\/www.facebook.com\/Alumetalplacas\/\" target=\"_blank\" rel=\"noopener\" data-hovercard=\"\/ajax\/hovercard\/page.php?id=1054297914620553&amp;extragetparams=%7B%22directed_target_id%22%3A1783843135240632%7D\" data-hovercard-prefer-more-content-show=\"1\">Alumetal Placas de Ident. Ltda<\/a><br \/>\n<\/span><\/span><\/li>\n<li style=\"text-align: justify;\"><span class=\"_4n-j _3cht fsl\" style=\"color: #000000;\" data-testid=\"event-permalink-details\"><span class=\"text_exposed_show\"><a href=\"https:\/\/www.facebook.com\/brasileirosdebem\/\" target=\"_blank\" rel=\"noopener\" data-hovercard=\"\/ajax\/hovercard\/page.php?id=484576801877285&amp;extragetparams=%7B%22directed_target_id%22%3A1783843135240632%7D\" data-hovercard-prefer-more-content-show=\"1\">Brasileiros de Bem<\/a><\/span><\/span><\/li>\n<\/ul>\n","protected":false},"excerpt":{"rendered":"<p>O IVL &#8211; Instituto Verdade e Liberdade promove o Curso de Controle e Acompanhamento das Contas P\u00fablicas. O curso ocorrer\u00e1 nos dias 07 e 08&#8230;<\/p>\n","protected":false},"author":1,"featured_media":2071,"comment_status":"open","ping_status":"open","sticky":false,"template":"","format":"standard","meta":[],"categories":[11],"tags":[],"_links":{"self":[{"href":"http:\/\/acaopolitica.com\/index.php\/wp-json\/wp\/v2\/posts\/2062"}],"collection":[{"href":"http:\/\/acaopolitica.com\/index.php\/wp-json\/wp\/v2\/posts"}],"about":[{"href":"http:\/\/acaopolitica.com\/index.php\/wp-json\/wp\/v2\/types\/post"}],"author":[{"embeddable":true,"href":"http:\/\/acaopolitica.com\/index.php\/wp-json\/wp\/v2\/users\/1"}],"replies":[{"embeddable":true,"href":"http:\/\/acaopolitica.com\/index.php\/wp-json\/wp\/v2\/comments?post=2062"}],"version-history":[{"count":8,"href":"http:\/\/acaopolitica.com\/index.php\/wp-json\/wp\/v2\/posts\/2062\/revisions"}],"predecessor-version":[{"id":2070,"href":"http:\/\/acaopolitica.com\/index.php\/wp-json\/wp\/v2\/posts\/2062\/revisions\/2070"}],"wp:featuredmedia":[{"embeddable":true,"href":"http:\/\/acaopolitica.com\/index.php\/wp-json\/wp\/v2\/media\/2071"}],"wp:attachment":[{"href":"http:\/\/acaopolitica.com\/index.php\/wp-json\/wp\/v2\/media?parent=2062"}],"wp:term":[{"taxonomy":"category","embeddable":true,"href":"http:\/\/acaopolitica.com\/index.php\/wp-json\/wp\/v2\/categories?post=2062"},{"taxonomy":"post_tag","embeddable":true,"href":"http:\/\/acaopolitica.com\/index.php\/wp-json\/wp\/v2\/tags?post=2062"}],"curies":[{"name":"wp","href":"https:\/\/api.w.org\/{rel}","templated":true}]}}