{"id":2073,"date":"2017-09-07T21:52:08","date_gmt":"2017-09-07T21:52:08","guid":{"rendered":"http:\/\/acaopolitica.com\/?p=2073"},"modified":"2017-09-12T00:42:53","modified_gmt":"2017-09-12T00:42:53","slug":"curso-de-controle-e-acompanhamento-das-contas-publicas-2","status":"publish","type":"post","link":"http:\/\/acaopolitica.com\/index.php\/2017\/09\/07\/curso-de-controle-e-acompanhamento-das-contas-publicas-2\/","title":{"rendered":"Curso de Controle e Acompanhamento das Contas P\u00fablicas"},"content":{"rendered":"<p>O <a href=\"https:\/\/www.facebook.com\/institutoverdadeeliberdade\/\" target=\"_blank\" rel=\"noopener\">IVL \u2013 Instituto Verdade e Liberdade<\/a> promove o <strong>Curso de Controle e Acompanhamento das Contas P\u00fablicas<\/strong>.<\/p>\n<p>O curso ocorrer\u00e1 nos dias 07 e 08 de outubro, em ambos os dias das 09h \u00e0s 17h. O local ser\u00e3o as depend\u00eancias da <a href=\"https:\/\/www.facebook.com\/EADLaureateBlumenau\/\" target=\"_blank\" rel=\"noopener\">EAD Laureate \u2013 P\u00f3lo Blumenau<\/a> no endere\u00e7o:<\/p>\n<p>R. Erich Steinbach, 22 \u2013 1\u00ba Andar, sala 101. Em frente da Pra\u00e7a do M\u00fasico (antiga Gaitas Hering). Blumenau, SC.<\/p>\n<p>Dados do curso:<\/p>\n<p>=&gt; Facilitador: <a href=\"http:\/\/www.vigilantesdagestao.org.br\/\" target=\"_blank\" rel=\"noopener\">Sir Carvalho \u2013\u00a0 Presidente dos Vigilantes da Gest\u00e3o<\/a><\/p>\n<p>=&gt; VAGAS LIMITADAS: 30 inscritos<\/p>\n<p>=&gt; <span class=\"_4n-j _3cht fsl\" data-testid=\"event-permalink-details\"><span class=\"text_exposed_show\">Investimento: R$ 50,00 (cinquenta reais)<\/span><\/span><\/p>\n<p><span class=\"_4n-j _3cht fsl\" data-testid=\"event-permalink-details\"><span class=\"text_exposed_show\">=&gt; Conv\u00eanios e parceiros: 50% de desconto<br \/>\nEntidades conveniadas: ver no rodap\u00e9<\/span><\/span><\/p>\n<p>=&gt; Pagamento via dep\u00f3sito banc\u00e1rio<br \/>\nBanco: VIACREDI \u2013 085. Ag\u00eancia: 0101<br \/>\nConta: 279.373-3. Titular: Alcione Kleine. CPF: 466.693.969 \u2013 53<br \/>\nEnviar comprovante por e-mail ou celular<\/p>\n<p>=&gt; Informa\u00e7\u00f5es e inscri\u00e7\u00f5es:<\/p>\n<ul>\n<li><span class=\"_4n-j _3cht fsl\" data-testid=\"event-permalink-details\"><span class=\"text_exposed_show\">Whats App: 47 9 9982 3534 <\/span><\/span><\/li>\n<li><span class=\"_4n-j _3cht fsl\" data-testid=\"event-permalink-details\"><span class=\"text_exposed_show\">E-mail: <a href=\"mailto:contato@institutoverdadeeliberdade.com.br\" target=\"_blank\" rel=\"noopener\">contato@institutoverdadeel<wbr \/>iberdade.com.br <\/a><\/span><\/span><\/li>\n<li>Evento no Facebook: <a href=\"https:\/\/www.facebook.com\/events\/1776150525758712\/\" target=\"_blank\" rel=\"noopener\">https:\/\/www.facebook.com\/events\/1776150525758712\/<\/a><\/li>\n<\/ul>\n<p><span class=\"_4n-j _3cht fsl\" data-testid=\"event-permalink-details\">Principais t\u00f3picos:<\/span><\/p>\n<p><span class=\"_4n-j _3cht fsl\" data-testid=\"event-permalink-details\">=&gt; Como fiscalizar editais e licita\u00e7\u00f5es<\/span><\/p>\n<p><span class=\"_4n-j _3cht fsl\" data-testid=\"event-permalink-details\">=&gt; Portal de transpar\u00eancia<\/span><\/p>\n<p><span class=\"_4n-j _3cht fsl\" data-testid=\"event-permalink-details\">=&gt; Gest\u00e3o de contratos<\/span><\/p>\n<p>=&gt; Gest\u00e3o \u00a0de contratos do lixo<\/p>\n<p><span class=\"_4n-j _3cht fsl\" data-testid=\"event-permalink-details\">=&gt; Repasses para ONGS de forma ilegal<\/span><\/p>\n<p><span class=\"_4n-j _3cht fsl\" data-testid=\"event-permalink-details\"><span class=\"text_exposed_show\">=&gt; Terceiriza\u00e7\u00e3o de atividade fim<\/span><\/span><\/p>\n<p>Todos os t\u00f3picos ser\u00e3o abordados e demonstrados de forma pr\u00e1tica.<\/p>\n<hr \/>\n<p><a href=\"http:\/\/www.vigilantesdagestao.org.br\/\" target=\"_blank\" rel=\"noopener\">Sir Carvalho \u00e9 presidente dos Vigilantes da Gest\u00e3o<\/a><span class=\"_4n-j _3cht fsl\" data-testid=\"event-permalink-details\"><span class=\"text_exposed_show\">, entidade que tem como miss\u00e3o: <\/span><\/span><\/p>\n<p>\u201cDesenvolver ferramentas de acompanhamento da gest\u00e3o p\u00fablica, sistema de indicadores de resultados, promover o desenvolvimento regional end\u00f3geno, despertar o esp\u00edrito de Cidadania Democr\u00e1tica na sociedade organizada, tornando-a proativa e instrumentalizando-a com meios adequados para o exerc\u00edcio do controle e da vigil\u00e2ncia social.\u201d<\/p>\n<hr \/>\n<p><span class=\"_4n-j _3cht fsl\" data-testid=\"event-permalink-details\"><span class=\"text_exposed_show\">Entidades conveniadas:<\/span><\/span><\/p>\n<ul>\n<li><span class=\"_4n-j _3cht fsl\" data-testid=\"event-permalink-details\"><span class=\"text_exposed_show\"><a href=\"https:\/\/www.facebook.com\/institutoverdadeeliberdade\/\" target=\"_blank\" rel=\"noopener\" data-hovercard=\"\/ajax\/hovercard\/page.php?id=749762098484187&amp;extragetparams=%7B%22directed_target_id%22%3A1783843135240632%7D\" data-hovercard-prefer-more-content-show=\"1\">IVL \u2013 Instituto Verdade e Liberdade<\/a><\/span><\/span><\/li>\n<li><span class=\"_4n-j _3cht fsl\" data-testid=\"event-permalink-details\"><span class=\"text_exposed_show\"><a href=\"https:\/\/www.facebook.com\/EADLaureateBlumenau\/\" target=\"_blank\" rel=\"noopener\" data-hovercard=\"\/ajax\/hovercard\/page.php?id=535881356581878&amp;extragetparams=%7B%22directed_target_id%22%3A1783843135240632%7D\" data-hovercard-prefer-more-content-show=\"1\">EAD Laureate \u2013 Polo Blumenau<\/a><br \/>\n<\/span><\/span><\/li>\n<li><span class=\"_4n-j _3cht fsl\" data-testid=\"event-permalink-details\"><span class=\"text_exposed_show\"><a href=\"https:\/\/www.facebook.com\/Alumetalplacas\/\" target=\"_blank\" rel=\"noopener\" data-hovercard=\"\/ajax\/hovercard\/page.php?id=1054297914620553&amp;extragetparams=%7B%22directed_target_id%22%3A1783843135240632%7D\" data-hovercard-prefer-more-content-show=\"1\">Alumetal Placas de Ident. Ltda<\/a><br \/>\n<\/span><\/span><\/li>\n<li><span class=\"_4n-j _3cht fsl\" data-testid=\"event-permalink-details\"><span class=\"text_exposed_show\"><a href=\"https:\/\/www.facebook.com\/brasileirosdebem\/\" target=\"_blank\" rel=\"noopener\" data-hovercard=\"\/ajax\/hovercard\/page.php?id=484576801877285&amp;extragetparams=%7B%22directed_target_id%22%3A1783843135240632%7D\" data-hovercard-prefer-more-content-show=\"1\">Brasileiros de Bem<\/a><\/span><\/span><\/li>\n<\/ul>\n","protected":false},"excerpt":{"rendered":"<p>O IVL \u2013 Instituto Verdade e Liberdade promove o Curso de Controle e Acompanhamento das Contas P\u00fablicas. O curso ocorrer\u00e1 nos dias 07 e 08&#8230;<\/p>\n","protected":false},"author":22,"featured_media":2071,"comment_status":"open","ping_status":"open","sticky":false,"template":"","format":"standard","meta":[],"categories":[11],"tags":[],"_links":{"self":[{"href":"http:\/\/acaopolitica.com\/index.php\/wp-json\/wp\/v2\/posts\/2073"}],"collection":[{"href":"http:\/\/acaopolitica.com\/index.php\/wp-json\/wp\/v2\/posts"}],"about":[{"href":"http:\/\/acaopolitica.com\/index.php\/wp-json\/wp\/v2\/types\/post"}],"author":[{"embeddable":true,"href":"http:\/\/acaopolitica.com\/index.php\/wp-json\/wp\/v2\/users\/22"}],"replies":[{"embeddable":true,"href":"http:\/\/acaopolitica.com\/index.php\/wp-json\/wp\/v2\/comments?post=2073"}],"version-history":[{"count":1,"href":"http:\/\/acaopolitica.com\/index.php\/wp-json\/wp\/v2\/posts\/2073\/revisions"}],"predecessor-version":[{"id":2075,"href":"http:\/\/acaopolitica.com\/index.php\/wp-json\/wp\/v2\/posts\/2073\/revisions\/2075"}],"wp:featuredmedia":[{"embeddable":true,"href":"http:\/\/acaopolitica.com\/index.php\/wp-json\/wp\/v2\/media\/2071"}],"wp:attachment":[{"href":"http:\/\/acaopolitica.com\/index.php\/wp-json\/wp\/v2\/media?parent=2073"}],"wp:term":[{"taxonomy":"category","embeddable":true,"href":"http:\/\/acaopolitica.com\/index.php\/wp-json\/wp\/v2\/categories?post=2073"},{"taxonomy":"post_tag","embeddable":true,"href":"http:\/\/acaopolitica.com\/index.php\/wp-json\/wp\/v2\/tags?post=2073"}],"curies":[{"name":"wp","href":"https:\/\/api.w.org\/{rel}","templated":true}]}}