{"id":2077,"date":"2017-09-12T01:19:53","date_gmt":"2017-09-12T01:19:53","guid":{"rendered":"http:\/\/acaopolitica.com\/?p=2077"},"modified":"2017-09-12T02:36:07","modified_gmt":"2017-09-12T02:36:07","slug":"ivl-integra-acao-popular-contra-irregularidades-da-nova-ponte-do-centro-de-blumenausc","status":"publish","type":"post","link":"http:\/\/acaopolitica.com\/index.php\/2017\/09\/12\/ivl-integra-acao-popular-contra-irregularidades-da-nova-ponte-do-centro-de-blumenausc\/","title":{"rendered":"IVL integra A\u00e7\u00e3o Popular contra irregularidades da nova ponte do Centro de Blumenau\/SC"},"content":{"rendered":"<p style=\"text-align: justify;\">Neste dia 06\/09\/2017, foi protocolada uma A\u00e7\u00e3o Popular contra irregularidades apresentadas no processo licitat\u00f3rio da &#8221; nova ponte do Centro &#8221; de Blumenau\/SC.<\/p>\n<p style=\"text-align: justify;\">A A\u00e7\u00e3o Popular \u00e9 descrita no art. 5\u00ba, inciso LXXIII da Constitui\u00e7\u00e3o Federal e na Lei n\u00ba 4.717\/65 conforme refer\u00eancias abaixo:<\/p>\n<ul style=\"text-align: justify;\">\n<li>Constitui\u00e7\u00e3o Federal de 1998: <a href=\"http:\/\/www.planalto.gov.br\/ccivil_03\/constituicao\/constituicao.htm\" target=\"_blank\" rel=\"noopener\">http:\/\/www.planalto.gov.br\/ccivil_03\/constituicao\/constituicao.htm<\/a><\/li>\n<li>Lei n\u00ba 4.717\/65: <a href=\"http:\/\/www.planalto.gov.br\/ccivil_03\/leis\/L4717.htm\" target=\"_blank\" rel=\"noopener\">http:\/\/www.planalto.gov.br\/ccivil_03\/leis\/L4717.htm<\/a><\/li>\n<\/ul>\n<p style=\"text-align: justify;\">Esta a\u00e7\u00e3o faz parte de uma mobiliza\u00e7\u00e3o de v\u00e1rios setores e agentes da sociedade local. Visa esclarecer as graves falhas ocorridas em iniciativas anteriores para constru\u00e7\u00e3o de ponte na regi\u00e3o, quando houveram desperd\u00edcios de grande volume de recursos financeiros e perda de outros que estavam \u00e0 disposi\u00e7\u00e3o. Bem como, evitar os graves erros que os ind\u00edcios apontam no novo projeto, como suspeita de &#8221; v\u00edcios &#8221; eleitoreiros e extremas inconsist\u00eancias t\u00e9cnicas\u00a0 (que suscitam novas suspeitas que devem ser averiguadas em detalhes pelo Minist\u00e9rio P\u00fablico).<\/p>\n<p style=\"text-align: justify;\">Existem algumas a\u00e7\u00f5es similares transitando em paralelo e com a mesma finalidade.<\/p>\n<p style=\"text-align: justify;\">Nesta a\u00e7\u00e3o, o IVL foi representado pela sua coordenadora Michelle Schwanke (arquiteta). A a\u00e7\u00e3o \u00e9 liderada pelo <a href=\"http:\/\/iabblumenau.blogspot.com.br\/\" target=\"_blank\" rel=\"noopener\">INSTITUTO DE ARQUITETOS DO BRASIL &#8211; N\u00daCLEO BLUMENAU &#8211; IAB BLUMENAU<\/a> e secundada pela <a href=\"https:\/\/www.facebook.com\/ABCiclovias\/\" target=\"_blank\" rel=\"noopener\">ASSOCIA\u00c7\u00c3O BLUMENAUENSE PR\u00d3-CICLOVIAS<\/a>.<\/p>\n<p style=\"text-align: justify;\">Cabe destacar o papel do <a href=\"https:\/\/www.facebook.com\/atelieverticalfurb\" target=\"_blank\" rel=\"noopener\">Ateli\u00ea Vertical<\/a> da Furb nesta a\u00e7\u00e3o, promovendo o debate, coletando informa\u00e7\u00f5es e incentivando as articula\u00e7\u00f5es necess\u00e1rias. O Ateli\u00ea Vertical encampa o constante debate que visa promover uma Blumenau cada vez mais bela e uma cidade para pessoas.<\/p>\n<p style=\"text-align: justify;\">A documenta\u00e7\u00e3o pode ser consultada abaixo:<\/p>\n<p style=\"text-align: justify;\"><a href=\"http:\/\/acaopolitica.com\/wp-content\/uploads\/2017\/09\/docm-1-1.jpg\"><img loading=\"lazy\" class=\"alignnone size-large wp-image-2078\" src=\"http:\/\/acaopolitica.com\/wp-content\/uploads\/2017\/09\/docm-1-1-748x1030.jpg\" alt=\"\" width=\"610\" height=\"840\" srcset=\"http:\/\/acaopolitica.com\/wp-content\/uploads\/2017\/09\/docm-1-1-748x1030.jpg 748w, http:\/\/acaopolitica.com\/wp-content\/uploads\/2017\/09\/docm-1-1-218x300.jpg 218w, http:\/\/acaopolitica.com\/wp-content\/uploads\/2017\/09\/docm-1-1-768x1057.jpg 768w, http:\/\/acaopolitica.com\/wp-content\/uploads\/2017\/09\/docm-1-1.jpg 850w\" sizes=\"(max-width: 610px) 100vw, 610px\" \/><\/a> <a href=\"http:\/\/acaopolitica.com\/wp-content\/uploads\/2017\/09\/docm-1-2.jpg\"><img loading=\"lazy\" class=\"alignnone size-large wp-image-2079\" src=\"http:\/\/acaopolitica.com\/wp-content\/uploads\/2017\/09\/docm-1-2-748x1030.jpg\" alt=\"\" width=\"610\" height=\"840\" srcset=\"http:\/\/acaopolitica.com\/wp-content\/uploads\/2017\/09\/docm-1-2-748x1030.jpg 748w, http:\/\/acaopolitica.com\/wp-content\/uploads\/2017\/09\/docm-1-2-218x300.jpg 218w, http:\/\/acaopolitica.com\/wp-content\/uploads\/2017\/09\/docm-1-2-768x1057.jpg 768w, http:\/\/acaopolitica.com\/wp-content\/uploads\/2017\/09\/docm-1-2.jpg 850w\" sizes=\"(max-width: 610px) 100vw, 610px\" \/><\/a> <a href=\"http:\/\/acaopolitica.com\/wp-content\/uploads\/2017\/09\/docm-1-3.jpg\"><img loading=\"lazy\" class=\"alignnone size-large wp-image-2080\" src=\"http:\/\/acaopolitica.com\/wp-content\/uploads\/2017\/09\/docm-1-3-748x1030.jpg\" alt=\"\" width=\"610\" height=\"840\" srcset=\"http:\/\/acaopolitica.com\/wp-content\/uploads\/2017\/09\/docm-1-3-748x1030.jpg 748w, http:\/\/acaopolitica.com\/wp-content\/uploads\/2017\/09\/docm-1-3-218x300.jpg 218w, http:\/\/acaopolitica.com\/wp-content\/uploads\/2017\/09\/docm-1-3-768x1057.jpg 768w, http:\/\/acaopolitica.com\/wp-content\/uploads\/2017\/09\/docm-1-3.jpg 850w\" sizes=\"(max-width: 610px) 100vw, 610px\" \/><\/a> <a href=\"http:\/\/acaopolitica.com\/wp-content\/uploads\/2017\/09\/docm-1-4.jpg\"><img loading=\"lazy\" class=\"alignnone size-large wp-image-2081\" src=\"http:\/\/acaopolitica.com\/wp-content\/uploads\/2017\/09\/docm-1-4-748x1030.jpg\" alt=\"\" width=\"610\" height=\"840\" srcset=\"http:\/\/acaopolitica.com\/wp-content\/uploads\/2017\/09\/docm-1-4-748x1030.jpg 748w, http:\/\/acaopolitica.com\/wp-content\/uploads\/2017\/09\/docm-1-4-218x300.jpg 218w, http:\/\/acaopolitica.com\/wp-content\/uploads\/2017\/09\/docm-1-4-768x1057.jpg 768w, http:\/\/acaopolitica.com\/wp-content\/uploads\/2017\/09\/docm-1-4.jpg 850w\" sizes=\"(max-width: 610px) 100vw, 610px\" \/><\/a> <a href=\"http:\/\/acaopolitica.com\/wp-content\/uploads\/2017\/09\/docm-1-5.jpg\"><img loading=\"lazy\" class=\"alignnone size-large wp-image-2082\" src=\"http:\/\/acaopolitica.com\/wp-content\/uploads\/2017\/09\/docm-1-5-748x1030.jpg\" alt=\"\" width=\"610\" height=\"840\" srcset=\"http:\/\/acaopolitica.com\/wp-content\/uploads\/2017\/09\/docm-1-5-748x1030.jpg 748w, http:\/\/acaopolitica.com\/wp-content\/uploads\/2017\/09\/docm-1-5-218x300.jpg 218w, http:\/\/acaopolitica.com\/wp-content\/uploads\/2017\/09\/docm-1-5-768x1057.jpg 768w, http:\/\/acaopolitica.com\/wp-content\/uploads\/2017\/09\/docm-1-5.jpg 850w\" sizes=\"(max-width: 610px) 100vw, 610px\" \/><\/a> <a href=\"http:\/\/acaopolitica.com\/wp-content\/uploads\/2017\/09\/docm-1-6.jpg\"><img loading=\"lazy\" class=\"alignnone size-large wp-image-2083\" src=\"http:\/\/acaopolitica.com\/wp-content\/uploads\/2017\/09\/docm-1-6-748x1030.jpg\" alt=\"\" width=\"610\" height=\"840\" srcset=\"http:\/\/acaopolitica.com\/wp-content\/uploads\/2017\/09\/docm-1-6-748x1030.jpg 748w, http:\/\/acaopolitica.com\/wp-content\/uploads\/2017\/09\/docm-1-6-218x300.jpg 218w, http:\/\/acaopolitica.com\/wp-content\/uploads\/2017\/09\/docm-1-6-768x1057.jpg 768w, http:\/\/acaopolitica.com\/wp-content\/uploads\/2017\/09\/docm-1-6.jpg 850w\" sizes=\"(max-width: 610px) 100vw, 610px\" \/><\/a><\/p>\n<p style=\"text-align: justify;\"><a href=\"http:\/\/acaopolitica.com\/wp-content\/uploads\/2017\/09\/docm-2-1.jpg\"><img loading=\"lazy\" class=\"alignnone size-large wp-image-2084\" src=\"http:\/\/acaopolitica.com\/wp-content\/uploads\/2017\/09\/docm-2-1-748x1030.jpg\" alt=\"\" width=\"610\" height=\"840\" srcset=\"http:\/\/acaopolitica.com\/wp-content\/uploads\/2017\/09\/docm-2-1-748x1030.jpg 748w, http:\/\/acaopolitica.com\/wp-content\/uploads\/2017\/09\/docm-2-1-218x300.jpg 218w, http:\/\/acaopolitica.com\/wp-content\/uploads\/2017\/09\/docm-2-1-768x1057.jpg 768w, http:\/\/acaopolitica.com\/wp-content\/uploads\/2017\/09\/docm-2-1.jpg 850w\" sizes=\"(max-width: 610px) 100vw, 610px\" \/><\/a> <a href=\"http:\/\/acaopolitica.com\/wp-content\/uploads\/2017\/09\/docm-2-2.jpg\"><img loading=\"lazy\" class=\"alignnone size-large wp-image-2085\" src=\"http:\/\/acaopolitica.com\/wp-content\/uploads\/2017\/09\/docm-2-2-748x1030.jpg\" alt=\"\" width=\"610\" height=\"840\" srcset=\"http:\/\/acaopolitica.com\/wp-content\/uploads\/2017\/09\/docm-2-2-748x1030.jpg 748w, http:\/\/acaopolitica.com\/wp-content\/uploads\/2017\/09\/docm-2-2-218x300.jpg 218w, http:\/\/acaopolitica.com\/wp-content\/uploads\/2017\/09\/docm-2-2-768x1057.jpg 768w, http:\/\/acaopolitica.com\/wp-content\/uploads\/2017\/09\/docm-2-2.jpg 850w\" sizes=\"(max-width: 610px) 100vw, 610px\" \/><\/a> <a href=\"http:\/\/acaopolitica.com\/wp-content\/uploads\/2017\/09\/docm-2-3.jpg\"><img loading=\"lazy\" class=\"alignnone size-large wp-image-2086\" src=\"http:\/\/acaopolitica.com\/wp-content\/uploads\/2017\/09\/docm-2-3-748x1030.jpg\" alt=\"\" width=\"610\" height=\"840\" srcset=\"http:\/\/acaopolitica.com\/wp-content\/uploads\/2017\/09\/docm-2-3-748x1030.jpg 748w, http:\/\/acaopolitica.com\/wp-content\/uploads\/2017\/09\/docm-2-3-218x300.jpg 218w, http:\/\/acaopolitica.com\/wp-content\/uploads\/2017\/09\/docm-2-3-768x1057.jpg 768w, http:\/\/acaopolitica.com\/wp-content\/uploads\/2017\/09\/docm-2-3.jpg 850w\" sizes=\"(max-width: 610px) 100vw, 610px\" \/><\/a> <a href=\"http:\/\/acaopolitica.com\/wp-content\/uploads\/2017\/09\/docm-2-4.jpg\"><img loading=\"lazy\" class=\"alignnone size-large wp-image-2087\" src=\"http:\/\/acaopolitica.com\/wp-content\/uploads\/2017\/09\/docm-2-4-748x1030.jpg\" alt=\"\" width=\"610\" height=\"840\" srcset=\"http:\/\/acaopolitica.com\/wp-content\/uploads\/2017\/09\/docm-2-4-748x1030.jpg 748w, http:\/\/acaopolitica.com\/wp-content\/uploads\/2017\/09\/docm-2-4-218x300.jpg 218w, http:\/\/acaopolitica.com\/wp-content\/uploads\/2017\/09\/docm-2-4-768x1057.jpg 768w, http:\/\/acaopolitica.com\/wp-content\/uploads\/2017\/09\/docm-2-4.jpg 850w\" sizes=\"(max-width: 610px) 100vw, 610px\" \/><\/a> <a href=\"http:\/\/acaopolitica.com\/wp-content\/uploads\/2017\/09\/docm-2-5.jpg\"><img loading=\"lazy\" class=\"alignnone size-large wp-image-2088\" src=\"http:\/\/acaopolitica.com\/wp-content\/uploads\/2017\/09\/docm-2-5-748x1030.jpg\" alt=\"\" width=\"610\" height=\"840\" srcset=\"http:\/\/acaopolitica.com\/wp-content\/uploads\/2017\/09\/docm-2-5-748x1030.jpg 748w, http:\/\/acaopolitica.com\/wp-content\/uploads\/2017\/09\/docm-2-5-218x300.jpg 218w, http:\/\/acaopolitica.com\/wp-content\/uploads\/2017\/09\/docm-2-5-768x1057.jpg 768w, http:\/\/acaopolitica.com\/wp-content\/uploads\/2017\/09\/docm-2-5.jpg 850w\" sizes=\"(max-width: 610px) 100vw, 610px\" \/><\/a> <a href=\"http:\/\/acaopolitica.com\/wp-content\/uploads\/2017\/09\/docm-2-6.jpg\"><img loading=\"lazy\" class=\"alignnone size-large wp-image-2089\" src=\"http:\/\/acaopolitica.com\/wp-content\/uploads\/2017\/09\/docm-2-6-748x1030.jpg\" alt=\"\" width=\"610\" height=\"840\" srcset=\"http:\/\/acaopolitica.com\/wp-content\/uploads\/2017\/09\/docm-2-6-748x1030.jpg 748w, http:\/\/acaopolitica.com\/wp-content\/uploads\/2017\/09\/docm-2-6-218x300.jpg 218w, http:\/\/acaopolitica.com\/wp-content\/uploads\/2017\/09\/docm-2-6-768x1057.jpg 768w, http:\/\/acaopolitica.com\/wp-content\/uploads\/2017\/09\/docm-2-6.jpg 850w\" sizes=\"(max-width: 610px) 100vw, 610px\" \/><\/a><\/p>\n<p>&nbsp;<\/p>\n","protected":false},"excerpt":{"rendered":"<p>Neste dia 06\/09\/2017, foi protocolada uma A\u00e7\u00e3o Popular contra irregularidades apresentadas no processo licitat\u00f3rio da &#8221; nova ponte do Centro &#8221; de Blumenau\/SC. A A\u00e7\u00e3o&#8230;<\/p>\n","protected":false},"author":1,"featured_media":2090,"comment_status":"open","ping_status":"open","sticky":false,"template":"","format":"standard","meta":[],"categories":[11],"tags":[],"_links":{"self":[{"href":"http:\/\/acaopolitica.com\/index.php\/wp-json\/wp\/v2\/posts\/2077"}],"collection":[{"href":"http:\/\/acaopolitica.com\/index.php\/wp-json\/wp\/v2\/posts"}],"about":[{"href":"http:\/\/acaopolitica.com\/index.php\/wp-json\/wp\/v2\/types\/post"}],"author":[{"embeddable":true,"href":"http:\/\/acaopolitica.com\/index.php\/wp-json\/wp\/v2\/users\/1"}],"replies":[{"embeddable":true,"href":"http:\/\/acaopolitica.com\/index.php\/wp-json\/wp\/v2\/comments?post=2077"}],"version-history":[{"count":5,"href":"http:\/\/acaopolitica.com\/index.php\/wp-json\/wp\/v2\/posts\/2077\/revisions"}],"predecessor-version":[{"id":2095,"href":"http:\/\/acaopolitica.com\/index.php\/wp-json\/wp\/v2\/posts\/2077\/revisions\/2095"}],"wp:featuredmedia":[{"embeddable":true,"href":"http:\/\/acaopolitica.com\/index.php\/wp-json\/wp\/v2\/media\/2090"}],"wp:attachment":[{"href":"http:\/\/acaopolitica.com\/index.php\/wp-json\/wp\/v2\/media?parent=2077"}],"wp:term":[{"taxonomy":"category","embeddable":true,"href":"http:\/\/acaopolitica.com\/index.php\/wp-json\/wp\/v2\/categories?post=2077"},{"taxonomy":"post_tag","embeddable":true,"href":"http:\/\/acaopolitica.com\/index.php\/wp-json\/wp\/v2\/tags?post=2077"}],"curies":[{"name":"wp","href":"https:\/\/api.w.org\/{rel}","templated":true}]}}