{"id":2096,"date":"2017-09-12T02:53:40","date_gmt":"2017-09-12T02:53:40","guid":{"rendered":"http:\/\/acaopolitica.com\/?p=2096"},"modified":"2017-09-12T03:17:25","modified_gmt":"2017-09-12T03:17:25","slug":"riscos-ou-mal-calculados","status":"publish","type":"post","link":"http:\/\/acaopolitica.com\/index.php\/2017\/09\/12\/riscos-ou-mal-calculados\/","title":{"rendered":"Riscos (ou, mal) calculados"},"content":{"rendered":"<p style=\"text-align: justify;\"><span style=\"color: #0000ff;\">As mentiras acabam descobertas por falta de coer\u00eancia, mais uma vez esta assertiva se confirma no caso da dela\u00e7\u00e3o de Joesley. <\/span><\/p>\n<p style=\"text-align: justify;\"><span style=\"color: #0000ff;\">Alguns pontos a considerar:<\/span><\/p>\n<p style=\"text-align: justify; padding-left: 30px;\"><span style=\"color: #0000ff;\">&#8211; A lava jatos, mais cedo ou mais tarde, alcan\u00e7aria o grupo JBS e suas tramoias com o (des)governo petista, apenas quest\u00e3o de tempo. As evid\u00eancias saltavam aos olhos de qualquer um que tivesse um m\u00ednimo de intelig\u00eancia. Os irm\u00e3os a\u00e7ougueiros devem ter avaliado bem as circunst\u00e2ncias, para resolver antecipar-se a\u00e7\u00e3o da PF e da justi\u00e7a, mas n\u00e3o \u00e9 tudo.<\/span><\/p>\n<p style=\"text-align: justify; padding-left: 30px;\"><span style=\"color: #0000ff;\">&#8211; Algumas personagens envolvidas no olho do fura\u00e7\u00e3o das investiga\u00e7\u00f5es e, ainda, com aspira\u00e7\u00f5es de voltar ao poder, articularam uma engenhosa opera\u00e7\u00e3o, que poria fim ao governo golpista e abriria as portas para candidatura lula. Assim, foi articulado nos meses de fevereiro\/mar\u00e7o um plano ardiloso, que parecia perfeito.<\/span><\/p>\n<p style=\"text-align: justify;\"><span style=\"color: #0000ff;\">1) Livraria de condena\u00e7\u00f5es os corruptores e favorecidos pela ORCRIM, livrando de penalidades criminais, com salvo conduto para viver nababescamente em Nova Iorque e salvaria o imp\u00e9rio constru\u00eddo fraudulentamente com dinheiro p\u00fablico, atrav\u00e9s de empr\u00e9stimos o BNDES.<\/span><\/p>\n<p style=\"text-align: justify;\"><span style=\"color: #0000ff;\">2) O acordo de dela\u00e7\u00e3o, seguindo da den\u00fancia apresentado por Janot, tinha alvo apontado para por fim ao governo Temer e abrir caminho para uma elei\u00e7\u00e3o antecipada, antes que o dom moluscone tivesse sua primeira condena\u00e7\u00e3o, ou que o congresso realizasse elei\u00e7\u00e3o indireta, elegendo algu\u00e9m alinhado ao lulapetismo. <\/span><\/p>\n<p style=\"text-align: justify;\"><span style=\"color: #0000ff;\">3) A den\u00fancia contra Temer, criaria p\u00e2nico no setor financeiro, disparada do d\u00f3lar e da infla\u00e7\u00e3o, as empresas reduziriam ainda mais seus investimentos e consequentemente aumentaria o desemprego, a sociedade se revoltaria e com manifesta\u00e7\u00f5es frequentes nas ruas criaria o clima perfeito para que a c\u00e2mara aprovasse o afastamento do presidente para que fosse processado pelo STF, ou Temer n\u00e3o resistiria o clamor da opini\u00e3o p\u00fablica e renunciaria.<\/span><\/p>\n<p style=\"text-align: justify;\"><span style=\"color: #0000ff;\">4) Este processo se arrastaria, pelo menos, por seis meses, sangrando o pais e criando o clima ideal para a esquerda, pois esta \u00e9 a t\u00e1tica secular para alcan\u00e7ar o poder. O caos, a tempestade perfeita, o melhor dos mundos.<\/span><\/p>\n<p style=\"text-align: justify;\"><span style=\"color: #0000ff;\">O que deu errado?<\/span><\/p>\n<p style=\"text-align: justify;\"><span style=\"color: #0000ff;\">O primeiro ato do espet\u00e1culo, chamou a aten\u00e7\u00e3o pelo a\u00e7odamento da dela\u00e7\u00e3o, que transcorreu em menos de 60 dias, enquanto outras de t\u00e3o grande repercuss\u00e3o quanto esta, arrastou-se por meses. Outro detalhe foi a benevol\u00eancia aferida aos delatores, brindando com a impunidade e o castigo de exilar-se na 5\u00aa avenida, em NY.<\/span><\/p>\n<p style=\"text-align: justify;\"><span style=\"color: #0000ff;\">O Segundo ato, \u00e9 que a den\u00fancia apresentada n\u00e3o causou como\u00e7\u00e3o nacional, a sociedade permaneceu c\u00e9tica e silenciosa. \u00c0s ruas, apenas alguns apaniguados, comedores de sanduiche de mortadela, pipocaram aqui ou acol\u00e1, sem a grande ader\u00eancia nacional.<\/span><\/p>\n<p style=\"text-align: justify;\"><span style=\"color: #0000ff;\">Terceiro ato, o presidente reagiu, n\u00e3o renunciou e sai para o contra-ataque, aproveitando as brechas da den\u00fancia precipitada.<\/span><\/p>\n<p style=\"text-align: justify;\"><span style=\"color: #0000ff;\">Quarto ato, a c\u00e2mara dividida e oportunista, rendeu-se \u00e0s negociatas e manteve-se pendurado neste p\u00eandulo do poder, rejeitando o afastamento do presidente.<\/span><\/p>\n<p style=\"text-align: justify;\"><span style=\"color: #0000ff;\">Quinto ato, a indica\u00e7\u00e3o da sucessora de Janot na PGR, aparentemente n\u00e3o alinhada com a conduta atual, o que levaria a descortinar muitas falhas e omiss\u00f5es no processo da dela\u00e7\u00e3o, que fatalmente fragilizaria a figura de Janot e mostraria as v\u00edsceras deste plano s\u00f3rdido.<\/span><\/p>\n<p style=\"text-align: justify;\"><span style=\"color: #0000ff;\">E para finalizar, surgiu um sexto ato, talvez um b\u00f4nus para os espectadores, a grava\u00e7\u00e3o de b\u00eabados, que trouxe definitivamente luz sobre a sorrateira arma\u00e7\u00e3o. A essa altura fico imaginando a bronca que o a\u00e7ougueiro deu a seus asseclas e defensores por tamanha e grave falha, de n\u00e3o selecionar cuidadosamente as grava\u00e7\u00f5es.<\/span><\/p>\n<p style=\"text-align: justify;\"><span style=\"color: #0000ff;\">Lance de sorte? Falha? Burrice?<\/span><\/p>\n<p style=\"text-align: justify;\"><span style=\"color: #0000ff;\">N\u00e3o tem import\u00e2ncia, prevalece o ditado popular, mentira tem pernas curtas.<\/span> <span style=\"color: #0000ff;\">Agora aguardemos os pr\u00f3ximos atos deste espet\u00e1culo, que ainda n\u00e3o sei se \u00e9 um drama ou uma com\u00e9dia pastel\u00e3o.<\/span><\/p>\n","protected":false},"excerpt":{"rendered":"<p>As mentiras acabam descobertas por falta de coer\u00eancia, mais uma vez esta assertiva se confirma no caso da dela\u00e7\u00e3o de Joesley. Alguns pontos a considerar:&#8230;<\/p>\n","protected":false},"author":21,"featured_media":2097,"comment_status":"open","ping_status":"open","sticky":false,"template":"","format":"standard","meta":[],"categories":[2],"tags":[],"_links":{"self":[{"href":"http:\/\/acaopolitica.com\/index.php\/wp-json\/wp\/v2\/posts\/2096"}],"collection":[{"href":"http:\/\/acaopolitica.com\/index.php\/wp-json\/wp\/v2\/posts"}],"about":[{"href":"http:\/\/acaopolitica.com\/index.php\/wp-json\/wp\/v2\/types\/post"}],"author":[{"embeddable":true,"href":"http:\/\/acaopolitica.com\/index.php\/wp-json\/wp\/v2\/users\/21"}],"replies":[{"embeddable":true,"href":"http:\/\/acaopolitica.com\/index.php\/wp-json\/wp\/v2\/comments?post=2096"}],"version-history":[{"count":3,"href":"http:\/\/acaopolitica.com\/index.php\/wp-json\/wp\/v2\/posts\/2096\/revisions"}],"predecessor-version":[{"id":2100,"href":"http:\/\/acaopolitica.com\/index.php\/wp-json\/wp\/v2\/posts\/2096\/revisions\/2100"}],"wp:featuredmedia":[{"embeddable":true,"href":"http:\/\/acaopolitica.com\/index.php\/wp-json\/wp\/v2\/media\/2097"}],"wp:attachment":[{"href":"http:\/\/acaopolitica.com\/index.php\/wp-json\/wp\/v2\/media?parent=2096"}],"wp:term":[{"taxonomy":"category","embeddable":true,"href":"http:\/\/acaopolitica.com\/index.php\/wp-json\/wp\/v2\/categories?post=2096"},{"taxonomy":"post_tag","embeddable":true,"href":"http:\/\/acaopolitica.com\/index.php\/wp-json\/wp\/v2\/tags?post=2096"}],"curies":[{"name":"wp","href":"https:\/\/api.w.org\/{rel}","templated":true}]}}