{"id":2101,"date":"2017-09-13T23:37:14","date_gmt":"2017-09-13T23:37:14","guid":{"rendered":"http:\/\/acaopolitica.com\/?p=2101"},"modified":"2017-09-13T23:46:14","modified_gmt":"2017-09-13T23:46:14","slug":"porque-nao-falar-de-politica","status":"publish","type":"post","link":"http:\/\/acaopolitica.com\/index.php\/2017\/09\/13\/porque-nao-falar-de-politica\/","title":{"rendered":"Porque n\u00e3o falar de pol\u00edtica\u2026"},"content":{"rendered":"<p style=\"text-align: justify;\">Carlos Arouck<\/p>\n<p style=\"text-align: justify;\">Eu me lembro quando eu era mais jovem&#8230; Meu pai, que tinha princ\u00edpios r\u00edgidos, poderia at\u00e9 ser considerado hoje um homem \u201cpoliticamente incorreto\u201d. Mas o legado que deixou \u00e9 ter conseguido cuidar com acerto da sua fam\u00edlia, ao oferecer o \u00fanico bem que tinha ao seu alcance: educa\u00e7\u00e3o. Na sua sabedoria, vinda dos av\u00f3s imigrantes e de pouca renda, ensinou aos quatro filhos que s\u00f3 com estudo seria poss\u00edvel alcan\u00e7ar uma posi\u00e7\u00e3o melhor que a dele. Orienta\u00e7\u00e3o acertad\u00edssima. Todos n\u00f3s, alunos de escola p\u00fablica, conseguimos, ao longo de nossas trajet\u00f3rias, levar uma vida menos \u00e1rdua que nossos familiares. E somos gratos aos ensinamentos, que fazemos quest\u00e3o de repassar aos nossos filhos.<\/p>\n<p style=\"text-align: justify;\">A verdade \u00e9 que vivemos na atualidade uma cultura de cotas, de tentativas de inclus\u00e3o social por meios de bolsas, de vitimiza\u00e7\u00e3o de bandidos, de ensino de baix\u00edssima qualidade, de professores e alunos desmotivados, quando a verdade \u00e9 uma s\u00f3: n\u00e3o adianta esperar por sombra e \u00e1gua fresca \u00e0s custas do Estado. Por mais duro que seja o caminho, quem persevera acaba encontrando seu lugar ao sol. N\u00e3o h\u00e1 nada mais gratificante que a sensa\u00e7\u00e3o de \u201cter chegado l\u00e1\u201d por meio de seu pr\u00f3prio esfor\u00e7o. Mesmo que esse \u201cchegar l\u00e1\u201d seja uma posi\u00e7\u00e3o modesta. O que importa \u00e9 tra\u00e7ar uma meta e n\u00e3o deixar que ideias interfiram nos seus planos.<\/p>\n<p style=\"text-align: justify;\">S\u00e3o muitas as tenta\u00e7\u00f5es para desvirtuar os que n\u00e3o podem contar com o apoio da fam\u00edlia. A criminalidade, por exemplo, \u00e9 perita em resgatar menores em situa\u00e7\u00e3o de risco. Do outro lado, institucional, existem ONGs para tudo e todos, Estatuto da crian\u00e7a, do idoso, Delegacia da Mulher, projetos de lei sobre os mais variados temas\u2026 por\u00e9m o cidad\u00e3o de bem continua se sentindo desprotegido, mal representado e receoso de que os maus exemplos possam se tornar mais atraentes que os exemplos r\u00edgidos de seus antepassados.<\/p>\n<p style=\"text-align: justify;\">Outra recomenda\u00e7\u00e3o de meu pai era que \u201ccarro e mulher\u201d n\u00e3o se emprestava e que n\u00e3o dev\u00edamos discutir \u201cfutebol, pol\u00edtica e religi\u00e3o\u201d. Se o primeiro conselho se mostrou acertado, o segundo n\u00e3o. Todo brasileiro que nesses \u00faltimos cinquenta anos seguiu \u00e0 risca essa cren\u00e7a contribuiu para a involu\u00e7\u00e3o do conhecimento pol\u00edtico pela sociedade, para a manipula\u00e7\u00e3o religiosa por meio dos seus dogmas e para que a arte do futebol fosse tomada por v\u00e2ndalos e organiza\u00e7\u00f5es criminosas.<\/p>\n<p style=\"text-align: justify;\">A simples orienta\u00e7\u00e3o e tradi\u00e7\u00e3o familiar &#8211; que parecia sensata \u00e0 \u00e9poca &#8211; causou um grande estrago principalmente no desenvolvimento pol\u00edtico do Brasil, porque serviu de terreno f\u00e9rtil para o discurso \u00fanico da esquerda avan\u00e7ar sem resist\u00eancia no nosso pa\u00eds. N\u00e3o discutir pol\u00edtica levou ao fim do pensamento contradit\u00f3rio. Os debates pol\u00edticos deveriam estar presentes em todos os momentos da vida familiar e social de cada indiv\u00edduo. Uma das coisas mais decepcionantes \u00e9 perceber que as pessoas, n\u00e3o importa de qual lado estejam, direita ou esquerda, dificilmente t\u00eam no\u00e7\u00e3o dos fatos di\u00e1rios que envolvem sua participa\u00e7\u00e3o cidad\u00e3. Nem sempre a culpa \u00e9 o mero desinteresse pelo assunto, e sim a falta do aprendizado crescente, baseado nos mesmos argumentos, com pouca sustenta\u00e7\u00e3o te\u00f3rica ou pr\u00e1tica.<\/p>\n<p style=\"text-align: justify;\">Nas minhas caminhadas di\u00e1rias, eu gosto de conversar sobre diversos assuntos com as pessoas que encontro por meu caminho, de v\u00e1rios n\u00edveis sociais e de conhecimento. Serve, para mim, como um teste de conhecimento acerca das tr\u00eas quest\u00f5es proibidas de serem discutidas por v\u00e1rias gera\u00e7\u00f5es. O mais f\u00e1cil \u00e9 falar sobre futebol: o conhecimento \u00e9 bem amplo, por exemplo, sobre campeonatos brasileiros, entre as pessoas de diversas faixas et\u00e1rias e sociais.<\/p>\n<p style=\"text-align: justify;\">J\u00e1 sobre a pol\u00edtica, os amigos deveriam poder discutir sobre qualquer assunto, desde ideologia, programas partid\u00e1rios, pol\u00edticos, gest\u00f5es governamentais, porque mesmo discordando, podemos aprender. Entretanto, \u00e0s vezes, as pessoas s\u00e3o t\u00e3o irredut\u00edveis que nem escutam o que o outro tem para dizer ou alegam logo que n\u00e3o gostam de pol\u00edtica. O Facebook revolucionou o modo como nos comunicamos e, \u00e0s vezes, isso n\u00e3o \u00e9 bom, por tirar o \u201colho no olho\u201d, a possibilidade do contradit\u00f3rio. As repeti\u00e7\u00f5es de mensagens sempre iguais em seu teor, muitas vezes n\u00e3o lidas e nem compreendidas pelos interlocutores, fazem com que se perca a chance de engajar em um bom debate pol\u00edtico com um amigo, familiar ou companheiro de trabalho. Com um pa\u00eds marcado no momento presente pela polariza\u00e7\u00e3o, as discuss\u00f5es sobre pol\u00edtica e as opini\u00f5es pessoais sobre o tema se tornaram um verdadeiro campo de batalha, onde, em minha opini\u00e3o, s\u00f3 h\u00e1 perdedores.<\/p>\n<p style=\"text-align: justify;\">No campo da religi\u00e3o, para mim o mais prazeroso dos tr\u00eas temas proibidos de serem discutidos, Apesar de minha origem cat\u00f3lica, conheci recentemente, na padaria onde costumo tomar meu cafezinho, um pastor de alto n\u00edvel intelectual, com quem tenho travado uma salutar \u201cbatalha\u201d pelo conhecimento religioso, na maioria das vezes perdendo ao apresentar argumentos fr\u00e1geis para defender meus pontos de vista. A conviv\u00eancia e as conversas travadas aprimoraram o conhecimento de ambas as partes e t\u00eam modificado a compreens\u00e3o de cada um de n\u00f3s sem ofender o pensamento religioso pessoal. Todos saem ganhado conhecimento, conviv\u00eancia e amizade, mesmo em uma \u00e1rea considerada espinhosa e cinzenta, na qual predominam as agress\u00f5es do que as trocas de informa\u00e7\u00f5es e persistem os dogmas religiosos imut\u00e1veis.<\/p>\n<p style=\"text-align: justify;\">Portanto, se meu pai acertou em priorizar a educa\u00e7\u00e3o em nossas vidas, poderia ter continuado acertando se tivesse estimulado o aperfei\u00e7oamento cidad\u00e3o de cada um de seus quatro filhos por meio da discuss\u00e3o sobre pol\u00edtica, religi\u00e3o e futebol. Tento n\u00e3o repetir o seu erro.<\/p>\n<p style=\"text-align: justify;\">Termino citando o fil\u00f3sofo norte-americano William Penn. \u201cEm todos os debates, deixe a verdade ser seu objetivo, n\u00e3o a vit\u00f3ria ou um interesse injusto\u201d.<\/p>\n","protected":false},"excerpt":{"rendered":"<p>Carlos Arouck Eu me lembro quando eu era mais jovem&#8230; Meu pai, que tinha princ\u00edpios r\u00edgidos, poderia at\u00e9 ser considerado hoje um homem \u201cpoliticamente incorreto\u201d&#8230;.<\/p>\n","protected":false},"author":18,"featured_media":2102,"comment_status":"open","ping_status":"open","sticky":false,"template":"","format":"standard","meta":[],"categories":[2],"tags":[],"_links":{"self":[{"href":"http:\/\/acaopolitica.com\/index.php\/wp-json\/wp\/v2\/posts\/2101"}],"collection":[{"href":"http:\/\/acaopolitica.com\/index.php\/wp-json\/wp\/v2\/posts"}],"about":[{"href":"http:\/\/acaopolitica.com\/index.php\/wp-json\/wp\/v2\/types\/post"}],"author":[{"embeddable":true,"href":"http:\/\/acaopolitica.com\/index.php\/wp-json\/wp\/v2\/users\/18"}],"replies":[{"embeddable":true,"href":"http:\/\/acaopolitica.com\/index.php\/wp-json\/wp\/v2\/comments?post=2101"}],"version-history":[{"count":1,"href":"http:\/\/acaopolitica.com\/index.php\/wp-json\/wp\/v2\/posts\/2101\/revisions"}],"predecessor-version":[{"id":2103,"href":"http:\/\/acaopolitica.com\/index.php\/wp-json\/wp\/v2\/posts\/2101\/revisions\/2103"}],"wp:featuredmedia":[{"embeddable":true,"href":"http:\/\/acaopolitica.com\/index.php\/wp-json\/wp\/v2\/media\/2102"}],"wp:attachment":[{"href":"http:\/\/acaopolitica.com\/index.php\/wp-json\/wp\/v2\/media?parent=2101"}],"wp:term":[{"taxonomy":"category","embeddable":true,"href":"http:\/\/acaopolitica.com\/index.php\/wp-json\/wp\/v2\/categories?post=2101"},{"taxonomy":"post_tag","embeddable":true,"href":"http:\/\/acaopolitica.com\/index.php\/wp-json\/wp\/v2\/tags?post=2101"}],"curies":[{"name":"wp","href":"https:\/\/api.w.org\/{rel}","templated":true}]}}