{"id":2104,"date":"2017-09-14T04:22:57","date_gmt":"2017-09-14T04:22:57","guid":{"rendered":"http:\/\/acaopolitica.com\/?p=2104"},"modified":"2017-09-14T04:22:57","modified_gmt":"2017-09-14T04:22:57","slug":"reuniao-de-apresentacao-do-ivl-bdb-na-associacao-de-moradores-da-rua-frei-estanislau-schaette-e-transversais-13092017","status":"publish","type":"post","link":"http:\/\/acaopolitica.com\/index.php\/2017\/09\/14\/reuniao-de-apresentacao-do-ivl-bdb-na-associacao-de-moradores-da-rua-frei-estanislau-schaette-e-transversais-13092017\/","title":{"rendered":"Reuni\u00e3o de apresenta\u00e7\u00e3o do IVL + BdB na Associa\u00e7\u00e3o de Moradores da Rua Frei Estanislau Schaette e Transversais &#8211; 13\/09\/2017"},"content":{"rendered":"<p style=\"text-align: justify;\"><span style=\"color: #000000;\">Nesta quarta-feira, 13 de setembro de 2017, o <a href=\"https:\/\/www.facebook.com\/institutoverdadeeliberdade\/\" target=\"_blank\" rel=\"noopener\">IVL<\/a> e o <a href=\"https:\/\/www.facebook.com\/brasileirosdebem\" target=\"_blank\" rel=\"noopener\">Brasileiros de Bem<\/a> realizaram mais uma reuni\u00e3o conjunta de apresenta\u00e7\u00e3o das entidades e projetos.<\/span><\/p>\n<p style=\"text-align: justify;\"><span style=\"color: #000000;\">Gra\u00e7as ao apoio de Ramon Benedett, ambas as equipes tiverem a honra de realizar as apresenta\u00e7\u00f5es nas instala\u00e7\u00f5es e para a comunidade da <span style=\"color: #0000ff;\">Associa\u00e7\u00e3o de Moradores da Rua Frei Estanislau Schaette e Transversais<\/span>. Entidade da qual o Sr. Ramon ocupa o cargo de vice-presidente.<\/span><\/p>\n<p style=\"text-align: justify;\"><span style=\"color: #000000;\">A sede da entidade fica ao final da Rua Maria Popper, \u00c1gua Verde, Blumenau &#8211; SC, em terreno adjunto ao\u00a0ESF Jovino Cardoso <span class=\"_4n-j _fbReactionComponent__eventDetailsContentTags fsl\" data-testid=\"event-permalink-details\">.<\/span><\/span><\/p>\n<p style=\"text-align: justify;\"><span style=\"color: #000000;\">Os trabalhos foram abertos pelo Sr. Ramon, na sequ\u00eancia Vanderlei Dallagnolo (coordenador do <a href=\"https:\/\/www.facebook.com\/institutoverdadeeliberdade\/\" target=\"_blank\" rel=\"noopener\">IVL<\/a> e <a href=\"https:\/\/www.facebook.com\/brasileirosdebem\/\" target=\"_blank\" rel=\"noopener\">BdB<\/a>) fez uma breve explana\u00e7\u00e3o introdut\u00f3ria sobre ambas as entidades.<\/span><\/p>\n<p style=\"text-align: justify;\"><span style=\"color: #000000;\">Jo\u00e3o Neves (coordenador do IVL) deu prosseguimento com uma mini palestra sobre sistemas eleitorais. Com foco na distin\u00e7\u00e3o entre sistema distrital misto, distrit\u00e3o, sistema proporcional e distrital puro. Que \u00e9 uma pequena parte do projeto de Aperfei\u00e7oamento do Sistema Pol\u00edtico Brasileiro do qual Jo\u00e3o Neves \u00e9 o coordenador-chefe. <\/span><\/p>\n<p style=\"text-align: justify;\"><span style=\"color: #000000;\">E tamb\u00e9m com \u00eanfase na import\u00e2ncia do tema para o momento pol\u00edtico brasileiro, quando as oligarquias pol\u00edticas tentam mitigar a onda de combate \u00e0 corrup\u00e7\u00e3o, por meio de altera\u00e7\u00f5es no sistema que lhes beneficiem, blindem e garanta a continuidade no poder (como voto em lista fechada, distrit\u00e3o e outras excresc\u00eancias eleitorais).<\/span><\/p>\n<p style=\"text-align: justify;\"><span style=\"color: #000000;\">Ao final, Vanderlei Dallagnolo usou o projeto <span style=\"color: #0000ff;\">C\u00e2mara de Vereadores Ideal<\/span> (coordenado pela entidade Brasileiros de Bem), como exemplo para mostrar tanto a complementaridade do trabalho das entidades. Como da import\u00e2ncia do combate cultural e pol\u00edtico mais amplo poss\u00edvel devido a extens\u00e3o dos problemas que acometem nosso pa\u00eds. N\u00e3o basta atacar um ponto, \u00e9 necess\u00e1rio unir esfor\u00e7os de todos os setores de sociedade.<\/span><\/p>\n<p style=\"text-align: justify;\"><span style=\"color: #000000;\">IVL e Brasileiros de Bem colocaram-se \u00e0 disposi\u00e7\u00e3o da associa\u00e7\u00e3o.<\/span><\/p>\n<p style=\"text-align: justify;\"><span style=\"color: #000000;\">E todos foram convidados a participar das atividades e projetos do IVL e Brasileiros de Bem. Destaque foi dado para o <a href=\"http:\/\/acaopolitica.com\/index.php\/2017\/09\/04\/curso-de-controle-e-acompanhamento-das-contas-publicas\/\" target=\"_blank\" rel=\"noopener\">Curso de Controle e Acompanhamento das Contas P\u00fablicas<\/a> (devido ader\u00eancia com temas tratados na reuni\u00e3o).<\/span><\/p>\n<p style=\"text-align: justify;\"><span style=\"color: #000000;\">Seguem alguns registros:<\/span><\/p>\n<p><span style=\"color: #000000;\"><a href=\"http:\/\/acaopolitica.com\/wp-content\/uploads\/2017\/09\/IMG_0154.jpg\"><img loading=\"lazy\" class=\"alignnone size-full wp-image-2105\" src=\"http:\/\/acaopolitica.com\/wp-content\/uploads\/2017\/09\/IMG_0154.jpg\" alt=\"\" width=\"640\" height=\"480\" srcset=\"http:\/\/acaopolitica.com\/wp-content\/uploads\/2017\/09\/IMG_0154.jpg 640w, http:\/\/acaopolitica.com\/wp-content\/uploads\/2017\/09\/IMG_0154-300x225.jpg 300w\" sizes=\"(max-width: 640px) 100vw, 640px\" \/><\/a> <a href=\"http:\/\/acaopolitica.com\/wp-content\/uploads\/2017\/09\/IMG_0155.jpg\"><img loading=\"lazy\" class=\"alignnone size-large wp-image-2106\" src=\"http:\/\/acaopolitica.com\/wp-content\/uploads\/2017\/09\/IMG_0155.jpg\" alt=\"\" width=\"610\" height=\"458\" srcset=\"http:\/\/acaopolitica.com\/wp-content\/uploads\/2017\/09\/IMG_0155.jpg 640w, http:\/\/acaopolitica.com\/wp-content\/uploads\/2017\/09\/IMG_0155-300x225.jpg 300w\" sizes=\"(max-width: 610px) 100vw, 610px\" \/><\/a> <a href=\"http:\/\/acaopolitica.com\/wp-content\/uploads\/2017\/09\/IMG_0157.jpg\"><img loading=\"lazy\" class=\"alignnone size-large wp-image-2107\" src=\"http:\/\/acaopolitica.com\/wp-content\/uploads\/2017\/09\/IMG_0157.jpg\" alt=\"\" width=\"480\" height=\"640\" srcset=\"http:\/\/acaopolitica.com\/wp-content\/uploads\/2017\/09\/IMG_0157.jpg 480w, http:\/\/acaopolitica.com\/wp-content\/uploads\/2017\/09\/IMG_0157-225x300.jpg 225w\" sizes=\"(max-width: 480px) 100vw, 480px\" \/><\/a> <a href=\"http:\/\/acaopolitica.com\/wp-content\/uploads\/2017\/09\/IMG_0160.jpg\"><img loading=\"lazy\" class=\"alignnone size-large wp-image-2108\" src=\"http:\/\/acaopolitica.com\/wp-content\/uploads\/2017\/09\/IMG_0160.jpg\" alt=\"\" width=\"610\" height=\"458\" srcset=\"http:\/\/acaopolitica.com\/wp-content\/uploads\/2017\/09\/IMG_0160.jpg 640w, http:\/\/acaopolitica.com\/wp-content\/uploads\/2017\/09\/IMG_0160-300x225.jpg 300w\" sizes=\"(max-width: 610px) 100vw, 610px\" \/><\/a> <a href=\"http:\/\/acaopolitica.com\/wp-content\/uploads\/2017\/09\/IMG_0161.jpg\"><img loading=\"lazy\" class=\"alignnone size-large wp-image-2109\" src=\"http:\/\/acaopolitica.com\/wp-content\/uploads\/2017\/09\/IMG_0161.jpg\" alt=\"\" width=\"610\" height=\"458\" srcset=\"http:\/\/acaopolitica.com\/wp-content\/uploads\/2017\/09\/IMG_0161.jpg 640w, http:\/\/acaopolitica.com\/wp-content\/uploads\/2017\/09\/IMG_0161-300x225.jpg 300w\" sizes=\"(max-width: 610px) 100vw, 610px\" \/><\/a><\/span><\/p>\n<p>E como ningu\u00e9m \u00e9 de ferro, registro do after.<\/p>\n<p><a href=\"http:\/\/acaopolitica.com\/wp-content\/uploads\/2017\/09\/after-joao-andreia-vanderlei.jpg\"><img loading=\"lazy\" class=\"alignnone size-full wp-image-2110\" src=\"http:\/\/acaopolitica.com\/wp-content\/uploads\/2017\/09\/after-joao-andreia-vanderlei.jpg\" alt=\"\" width=\"1024\" height=\"768\" srcset=\"http:\/\/acaopolitica.com\/wp-content\/uploads\/2017\/09\/after-joao-andreia-vanderlei.jpg 1024w, http:\/\/acaopolitica.com\/wp-content\/uploads\/2017\/09\/after-joao-andreia-vanderlei-300x225.jpg 300w, http:\/\/acaopolitica.com\/wp-content\/uploads\/2017\/09\/after-joao-andreia-vanderlei-768x576.jpg 768w\" sizes=\"(max-width: 1024px) 100vw, 1024px\" \/><\/a><\/p>\n","protected":false},"excerpt":{"rendered":"<p>Nesta quarta-feira, 13 de setembro de 2017, o IVL e o Brasileiros de Bem realizaram mais uma reuni\u00e3o conjunta de apresenta\u00e7\u00e3o das entidades e projetos&#8230;.<\/p>\n","protected":false},"author":1,"featured_media":2108,"comment_status":"open","ping_status":"open","sticky":false,"template":"","format":"standard","meta":[],"categories":[11],"tags":[],"_links":{"self":[{"href":"http:\/\/acaopolitica.com\/index.php\/wp-json\/wp\/v2\/posts\/2104"}],"collection":[{"href":"http:\/\/acaopolitica.com\/index.php\/wp-json\/wp\/v2\/posts"}],"about":[{"href":"http:\/\/acaopolitica.com\/index.php\/wp-json\/wp\/v2\/types\/post"}],"author":[{"embeddable":true,"href":"http:\/\/acaopolitica.com\/index.php\/wp-json\/wp\/v2\/users\/1"}],"replies":[{"embeddable":true,"href":"http:\/\/acaopolitica.com\/index.php\/wp-json\/wp\/v2\/comments?post=2104"}],"version-history":[{"count":1,"href":"http:\/\/acaopolitica.com\/index.php\/wp-json\/wp\/v2\/posts\/2104\/revisions"}],"predecessor-version":[{"id":2111,"href":"http:\/\/acaopolitica.com\/index.php\/wp-json\/wp\/v2\/posts\/2104\/revisions\/2111"}],"wp:featuredmedia":[{"embeddable":true,"href":"http:\/\/acaopolitica.com\/index.php\/wp-json\/wp\/v2\/media\/2108"}],"wp:attachment":[{"href":"http:\/\/acaopolitica.com\/index.php\/wp-json\/wp\/v2\/media?parent=2104"}],"wp:term":[{"taxonomy":"category","embeddable":true,"href":"http:\/\/acaopolitica.com\/index.php\/wp-json\/wp\/v2\/categories?post=2104"},{"taxonomy":"post_tag","embeddable":true,"href":"http:\/\/acaopolitica.com\/index.php\/wp-json\/wp\/v2\/tags?post=2104"}],"curies":[{"name":"wp","href":"https:\/\/api.w.org\/{rel}","templated":true}]}}