{"id":2112,"date":"2017-09-17T01:12:42","date_gmt":"2017-09-17T01:12:42","guid":{"rendered":"http:\/\/acaopolitica.com\/?p=2112"},"modified":"2017-09-17T21:04:51","modified_gmt":"2017-09-17T21:04:51","slug":"capacitacao-ivl-bdb-missao-visao-e-ambicao-2a-edicao","status":"publish","type":"post","link":"http:\/\/acaopolitica.com\/index.php\/2017\/09\/17\/capacitacao-ivl-bdb-missao-visao-e-ambicao-2a-edicao\/","title":{"rendered":"Capacita\u00e7\u00e3o IVL + BdB &#8211; Miss\u00e3o, Vis\u00e3o e Ambi\u00e7\u00e3o &#8211; 2\u00aa Edi\u00e7\u00e3o"},"content":{"rendered":"<p style=\"text-align: justify;\"><span style=\"color: #000000;\">Nesta sexta-feira, dia 15 de setembro de 2017, a partir das 19h, o <a href=\"http:\/\/www.institutoverdadeeliberdade.com.br\/\" target=\"_blank\" rel=\"noopener\">IVL &#8211; Instituto Verdade e Liberdade<\/a> e o <a href=\"http:\/\/brasileirosdebem.com.br\/\" target=\"_blank\" rel=\"noopener\">Brasileiros de Bem<\/a> promoveram uma capacita\u00e7\u00e3o conjunta para apoiadores e novos interessados nas atividades e projetos das entidades.<\/span><\/p>\n<p style=\"text-align: justify;\"><span style=\"color: #000000;\">A capacita\u00e7\u00e3o foi coordenada por Anderson Maia (<a href=\"http:\/\/www.dosesdeautoconfianca.com.br\" target=\"_blank\" rel=\"noopener\">dosesdeautoconfianca.com.br<\/a>). Ele \u00e9 especialista em ajudar empreendedores, diretores e executivos a conquistar autoconfian\u00e7a permanente e a impulsionar os neg\u00f3cios no mercado atual.<\/span><\/p>\n<p style=\"text-align: justify;\"><span style=\"color: #000000;\">Nas palavras de Anderson Maia, sobre a capacita\u00e7\u00e3o:<\/span><\/p>\n<p style=\"text-align: justify; padding-left: 30px;\"><strong><span style=\"color: #000000;\"><em>&#8220;<span style=\"color: #0000ff;\">Fizemos um trabalho de engajamento definitivo, potencializa\u00e7\u00e3o de compet\u00eancias individuais, autolideran\u00e7a e automotiva\u00e7\u00e3o da nossa equipe. O principal objetivo deste treinamento \u00e9 aprendermos como engajar a mente, a alma e o cora\u00e7\u00e3o de cada membro da equipe.<\/span>&#8220;<\/em><\/span><\/strong><\/p>\n<p style=\"text-align: justify;\"><span style=\"color: #000000;\">Um dos participantes, Weverton Fusionato, relatou &#8220;<em><span style=\"color: #0000ff;\">A primeira vista achei que era mais um daqueles encontros casuais, onde pessoas se re\u00fanem para dialogar e apresentar seus pequenos planos de a\u00e7\u00e3o, mas descobri que o motivo pelo qual estamos lutando tem uma dire\u00e7\u00e3o e uma for\u00e7a ben\u00e9fica gigantesca. No mais, os princ\u00edpios e diretrizes existentes no BDB e IVL realmente far\u00e3o a diferen\u00e7a pois pessoas capacitadas e com grande valor est\u00e3o dispostas a fazer do Brasil um lugar mais desenvolvido na esfera cultural, pol\u00edtica e social. <\/span><\/em>&#8220;<\/span><\/p>\n<p style=\"text-align: justify;\"><span style=\"color: #000000;\">Os trabalhos foram abertos pelo Sr. Cl\u00e1udio Bucco (idealizador e presidente do <a href=\"http:\/\/www.brasileirosdebem.com.br\/\" target=\"_blank\" rel=\"noopener\">Brasileiros de Bem<\/a>) que fez uma explana\u00e7\u00e3o sobre o significado da iniciativa Brasileiros de Bem no \u00e2mbito institucional e de valor para cada volunt\u00e1rio envolvido.<\/span><\/p>\n<p style=\"text-align: justify;\"><span style=\"color: #000000;\">A organiza\u00e7\u00e3o agradece imensamente a todos os presentes.<\/span><\/p>\n<p style=\"text-align: justify;\"><span style=\"color: #000000;\">Seguem alguns registros abaixo:<\/span><\/p>\n<p><a href=\"http:\/\/acaopolitica.com\/wp-content\/uploads\/2017\/09\/2017-09-15-PHOTO-00000002.jpg\"><img loading=\"lazy\" class=\"alignnone size-large wp-image-2113\" src=\"http:\/\/acaopolitica.com\/wp-content\/uploads\/2017\/09\/2017-09-15-PHOTO-00000002-1030x773.jpg\" alt=\"\" width=\"610\" height=\"458\" srcset=\"http:\/\/acaopolitica.com\/wp-content\/uploads\/2017\/09\/2017-09-15-PHOTO-00000002-1030x773.jpg 1030w, http:\/\/acaopolitica.com\/wp-content\/uploads\/2017\/09\/2017-09-15-PHOTO-00000002-300x225.jpg 300w, http:\/\/acaopolitica.com\/wp-content\/uploads\/2017\/09\/2017-09-15-PHOTO-00000002-768x576.jpg 768w, http:\/\/acaopolitica.com\/wp-content\/uploads\/2017\/09\/2017-09-15-PHOTO-00000002.jpg 1280w\" sizes=\"(max-width: 610px) 100vw, 610px\" \/><\/a> <a href=\"http:\/\/acaopolitica.com\/wp-content\/uploads\/2017\/09\/2017-09-15-PHOTO-00000003.jpg\"><img loading=\"lazy\" class=\"alignnone size-large wp-image-2114\" src=\"http:\/\/acaopolitica.com\/wp-content\/uploads\/2017\/09\/2017-09-15-PHOTO-00000003-1030x773.jpg\" alt=\"\" width=\"610\" height=\"458\" srcset=\"http:\/\/acaopolitica.com\/wp-content\/uploads\/2017\/09\/2017-09-15-PHOTO-00000003-1030x773.jpg 1030w, http:\/\/acaopolitica.com\/wp-content\/uploads\/2017\/09\/2017-09-15-PHOTO-00000003-300x225.jpg 300w, http:\/\/acaopolitica.com\/wp-content\/uploads\/2017\/09\/2017-09-15-PHOTO-00000003-768x576.jpg 768w, http:\/\/acaopolitica.com\/wp-content\/uploads\/2017\/09\/2017-09-15-PHOTO-00000003.jpg 1280w\" sizes=\"(max-width: 610px) 100vw, 610px\" \/><\/a> <a href=\"http:\/\/acaopolitica.com\/wp-content\/uploads\/2017\/09\/2017-09-16-PHOTO-00000017.jpg\"><img loading=\"lazy\" class=\"alignnone size-large wp-image-2115\" src=\"http:\/\/acaopolitica.com\/wp-content\/uploads\/2017\/09\/2017-09-16-PHOTO-00000017-1030x773.jpg\" alt=\"\" width=\"610\" height=\"458\" srcset=\"http:\/\/acaopolitica.com\/wp-content\/uploads\/2017\/09\/2017-09-16-PHOTO-00000017-1030x773.jpg 1030w, http:\/\/acaopolitica.com\/wp-content\/uploads\/2017\/09\/2017-09-16-PHOTO-00000017-300x225.jpg 300w, http:\/\/acaopolitica.com\/wp-content\/uploads\/2017\/09\/2017-09-16-PHOTO-00000017-768x576.jpg 768w, http:\/\/acaopolitica.com\/wp-content\/uploads\/2017\/09\/2017-09-16-PHOTO-00000017.jpg 1280w\" sizes=\"(max-width: 610px) 100vw, 610px\" \/><\/a> <a href=\"http:\/\/acaopolitica.com\/wp-content\/uploads\/2017\/09\/2017-09-16-PHOTO-00000019.jpg\"><img loading=\"lazy\" class=\"alignnone size-large wp-image-2116\" src=\"http:\/\/acaopolitica.com\/wp-content\/uploads\/2017\/09\/2017-09-16-PHOTO-00000019-1030x773.jpg\" alt=\"\" width=\"610\" height=\"458\" srcset=\"http:\/\/acaopolitica.com\/wp-content\/uploads\/2017\/09\/2017-09-16-PHOTO-00000019-1030x773.jpg 1030w, http:\/\/acaopolitica.com\/wp-content\/uploads\/2017\/09\/2017-09-16-PHOTO-00000019-300x225.jpg 300w, http:\/\/acaopolitica.com\/wp-content\/uploads\/2017\/09\/2017-09-16-PHOTO-00000019-768x576.jpg 768w, http:\/\/acaopolitica.com\/wp-content\/uploads\/2017\/09\/2017-09-16-PHOTO-00000019.jpg 1280w\" sizes=\"(max-width: 610px) 100vw, 610px\" \/><\/a> <a href=\"http:\/\/acaopolitica.com\/wp-content\/uploads\/2017\/09\/2017-09-16-PHOTO-00000020.jpg\"><img loading=\"lazy\" class=\"alignnone size-large wp-image-2117\" src=\"http:\/\/acaopolitica.com\/wp-content\/uploads\/2017\/09\/2017-09-16-PHOTO-00000020-1030x773.jpg\" alt=\"\" width=\"610\" height=\"458\" srcset=\"http:\/\/acaopolitica.com\/wp-content\/uploads\/2017\/09\/2017-09-16-PHOTO-00000020-1030x773.jpg 1030w, http:\/\/acaopolitica.com\/wp-content\/uploads\/2017\/09\/2017-09-16-PHOTO-00000020-300x225.jpg 300w, http:\/\/acaopolitica.com\/wp-content\/uploads\/2017\/09\/2017-09-16-PHOTO-00000020-768x576.jpg 768w, http:\/\/acaopolitica.com\/wp-content\/uploads\/2017\/09\/2017-09-16-PHOTO-00000020.jpg 1280w\" sizes=\"(max-width: 610px) 100vw, 610px\" \/><\/a> <a href=\"http:\/\/acaopolitica.com\/wp-content\/uploads\/2017\/09\/2017-09-16-PHOTO-00000022.jpg\"><img loading=\"lazy\" class=\"alignnone size-large wp-image-2118\" src=\"http:\/\/acaopolitica.com\/wp-content\/uploads\/2017\/09\/2017-09-16-PHOTO-00000022-1030x773.jpg\" alt=\"\" width=\"610\" height=\"458\" srcset=\"http:\/\/acaopolitica.com\/wp-content\/uploads\/2017\/09\/2017-09-16-PHOTO-00000022-1030x773.jpg 1030w, http:\/\/acaopolitica.com\/wp-content\/uploads\/2017\/09\/2017-09-16-PHOTO-00000022-300x225.jpg 300w, http:\/\/acaopolitica.com\/wp-content\/uploads\/2017\/09\/2017-09-16-PHOTO-00000022-768x576.jpg 768w, http:\/\/acaopolitica.com\/wp-content\/uploads\/2017\/09\/2017-09-16-PHOTO-00000022.jpg 1280w\" sizes=\"(max-width: 610px) 100vw, 610px\" \/><\/a> <a href=\"http:\/\/acaopolitica.com\/wp-content\/uploads\/2017\/09\/2017-09-16-PHOTO-00000023.jpg\"><img loading=\"lazy\" class=\"alignnone size-large wp-image-2119\" src=\"http:\/\/acaopolitica.com\/wp-content\/uploads\/2017\/09\/2017-09-16-PHOTO-00000023-1030x773.jpg\" alt=\"\" width=\"610\" height=\"458\" srcset=\"http:\/\/acaopolitica.com\/wp-content\/uploads\/2017\/09\/2017-09-16-PHOTO-00000023-1030x773.jpg 1030w, http:\/\/acaopolitica.com\/wp-content\/uploads\/2017\/09\/2017-09-16-PHOTO-00000023-300x225.jpg 300w, http:\/\/acaopolitica.com\/wp-content\/uploads\/2017\/09\/2017-09-16-PHOTO-00000023-768x576.jpg 768w, http:\/\/acaopolitica.com\/wp-content\/uploads\/2017\/09\/2017-09-16-PHOTO-00000023.jpg 1280w\" sizes=\"(max-width: 610px) 100vw, 610px\" \/><\/a> <a href=\"http:\/\/acaopolitica.com\/wp-content\/uploads\/2017\/09\/2017-09-16-PHOTO-00000024.jpg\"><img loading=\"lazy\" class=\"alignnone size-large wp-image-2120\" src=\"http:\/\/acaopolitica.com\/wp-content\/uploads\/2017\/09\/2017-09-16-PHOTO-00000024-1030x773.jpg\" alt=\"\" width=\"610\" height=\"458\" srcset=\"http:\/\/acaopolitica.com\/wp-content\/uploads\/2017\/09\/2017-09-16-PHOTO-00000024-1030x773.jpg 1030w, http:\/\/acaopolitica.com\/wp-content\/uploads\/2017\/09\/2017-09-16-PHOTO-00000024-300x225.jpg 300w, http:\/\/acaopolitica.com\/wp-content\/uploads\/2017\/09\/2017-09-16-PHOTO-00000024-768x576.jpg 768w, http:\/\/acaopolitica.com\/wp-content\/uploads\/2017\/09\/2017-09-16-PHOTO-00000024.jpg 1280w\" sizes=\"(max-width: 610px) 100vw, 610px\" \/><\/a><\/p>\n<p>&nbsp;<\/p>\n","protected":false},"excerpt":{"rendered":"<p>Nesta sexta-feira, dia 15 de setembro de 2017, a partir das 19h, o IVL &#8211; Instituto Verdade e Liberdade e o Brasileiros de Bem promoveram&#8230;<\/p>\n","protected":false},"author":1,"featured_media":2120,"comment_status":"open","ping_status":"open","sticky":false,"template":"","format":"standard","meta":[],"categories":[11],"tags":[],"_links":{"self":[{"href":"http:\/\/acaopolitica.com\/index.php\/wp-json\/wp\/v2\/posts\/2112"}],"collection":[{"href":"http:\/\/acaopolitica.com\/index.php\/wp-json\/wp\/v2\/posts"}],"about":[{"href":"http:\/\/acaopolitica.com\/index.php\/wp-json\/wp\/v2\/types\/post"}],"author":[{"embeddable":true,"href":"http:\/\/acaopolitica.com\/index.php\/wp-json\/wp\/v2\/users\/1"}],"replies":[{"embeddable":true,"href":"http:\/\/acaopolitica.com\/index.php\/wp-json\/wp\/v2\/comments?post=2112"}],"version-history":[{"count":4,"href":"http:\/\/acaopolitica.com\/index.php\/wp-json\/wp\/v2\/posts\/2112\/revisions"}],"predecessor-version":[{"id":2128,"href":"http:\/\/acaopolitica.com\/index.php\/wp-json\/wp\/v2\/posts\/2112\/revisions\/2128"}],"wp:featuredmedia":[{"embeddable":true,"href":"http:\/\/acaopolitica.com\/index.php\/wp-json\/wp\/v2\/media\/2120"}],"wp:attachment":[{"href":"http:\/\/acaopolitica.com\/index.php\/wp-json\/wp\/v2\/media?parent=2112"}],"wp:term":[{"taxonomy":"category","embeddable":true,"href":"http:\/\/acaopolitica.com\/index.php\/wp-json\/wp\/v2\/categories?post=2112"},{"taxonomy":"post_tag","embeddable":true,"href":"http:\/\/acaopolitica.com\/index.php\/wp-json\/wp\/v2\/tags?post=2112"}],"curies":[{"name":"wp","href":"https:\/\/api.w.org\/{rel}","templated":true}]}}