{"id":2130,"date":"2017-09-22T18:24:06","date_gmt":"2017-09-22T18:24:06","guid":{"rendered":"http:\/\/acaopolitica.com\/?p=2130"},"modified":"2017-11-20T01:28:11","modified_gmt":"2017-11-20T01:28:11","slug":"calendario-de-apresentacoes-do-ivl-bdb-2","status":"publish","type":"post","link":"http:\/\/acaopolitica.com\/index.php\/2017\/09\/22\/calendario-de-apresentacoes-do-ivl-bdb-2\/","title":{"rendered":"Calend\u00e1rio de apresenta\u00e7\u00f5es do IVL + BdB"},"content":{"rendered":"<h1>Calend\u00e1rio de apresenta\u00e7\u00f5es do IVL + BdB<\/h1>\n<p>Programa\u00e7\u00e3o dos eventos de apresenta\u00e7\u00e3o das entidades:<\/p>\n<ul>\n<li><a href=\"https:\/\/www.facebook.com\/institutoverdadeeliberdade\" target=\"_blank\" rel=\"noopener\">IVL &#8211; Instituto Verdade e Liberdade<\/a><\/li>\n<li><a href=\"https:\/\/www.facebook.com\/Brasileiros-de-Bem-484576801877285\/\" target=\"_blank\" rel=\"noopener\">BdB &#8211; Brasileiros de Bem<\/a><\/li>\n<\/ul>\n<p>O conte\u00fado das apresenta\u00e7\u00f5es ser\u00e1 o seguinte:<\/p>\n<ul>\n<li>Apresenta\u00e7\u00e3o das entidades para novos visitantes<\/li>\n<li>Apresenta\u00e7\u00e3o de projetos em andamento<\/li>\n<li>Aprecia\u00e7\u00e3o de novas ideias<\/li>\n<li>Coordena\u00e7\u00e3o de grupos de trabalho para os projetos em andamento<\/li>\n<li>Apresenta\u00e7\u00e3o tem\u00e1tica de assunto variado a cada edi\u00e7\u00e3o da reuni\u00e3o<\/li>\n<\/ul>\n<p><strong>CALEND\u00c1RIO<\/strong><\/p>\n<p>Todos os eventos come\u00e7am \u00e0s 19:00h e terminam \u00e0s 21:30h.<\/p>\n<table width=\"888\">\n<tbody>\n<tr>\n<td width=\"31\"><\/td>\n<td width=\"56\"><strong>Data<\/strong><\/td>\n<td width=\"170\"><strong>Endere\u00e7o<\/strong><\/td>\n<td width=\"273\"><strong>Complemento<\/strong><\/td>\n<td width=\"179\"><strong>Apresenta\u00e7\u00e3o<\/strong><\/p>\n<p><strong>Tem\u00e1tica<\/strong><\/td>\n<td width=\"179\"><strong>Respons\u00e1vel<\/strong><\/td>\n<td width=\"179\"><strong>Evento no<\/strong><\/p>\n<p><strong>Facebook<\/strong><\/td>\n<\/tr>\n<tr>\n<td width=\"31\"><strong><span style=\"color: #0000ff;\">1<\/span><\/strong><\/td>\n<td width=\"56\"><strong><span style=\"color: #0000ff;\">30\/08<\/span><\/strong><\/td>\n<td width=\"170\"><strong><span style=\"color: #0000ff;\">R. Erich Steinbach, 22 &#8211; 1\u00ba Andar . Blumenau. SC<\/span><\/strong><\/td>\n<td width=\"273\"><strong><span style=\"color: #0000ff;\">Em frente da Pra\u00e7a do M\u00fasico &#8211; antiga Gaitas Hering. Instala\u00e7\u00f5es da EAD Laureate P\u00f3lo Blumenau. Sala 101.<\/span><\/strong><\/td>\n<td width=\"179\"><strong><span style=\"color: #0000ff;\">A definir<\/span><\/strong><\/td>\n<td width=\"179\"><strong><span style=\"color: #0000ff;\">Vanderlei Dallagnolo<\/span><\/strong><\/td>\n<td width=\"179\"><a href=\"https:\/\/www.facebook.com\/events\/1544604778947475\/\" target=\"_blank\" rel=\"noopener\"><strong><span style=\"color: #0000ff;\">IR PARA EVENTO<\/span><\/strong><\/a><\/td>\n<\/tr>\n<tr>\n<td width=\"31\"><strong><span style=\"color: #ff6600;\">2<\/span><\/strong><\/td>\n<td width=\"56\"><strong><span style=\"color: #ff6600;\">13\/09<\/span><\/strong><\/td>\n<td width=\"170\"><strong><span style=\"color: #ff6600;\">Rua Maria Popper, \u00c1gua Verde, Blumenau \u2013 SC<\/span><\/strong><\/td>\n<td width=\"273\"><strong><span style=\"color: #ff6600;\">Ao fim da rua, na A.M. da Rua Frei Estanislau Schaette. Adjunto ao ESF Jovino Cardoso<\/span><\/strong><\/td>\n<td width=\"179\"><strong><span style=\"color: #ff6600;\">Reforma Pol\u00edtica<\/span><\/strong><\/td>\n<td width=\"179\"><strong><span style=\"color: #ff6600;\">Vanderlei Dallagnolo<\/span><\/strong><\/td>\n<td width=\"179\"><a href=\"https:\/\/www.facebook.com\/events\/299363767201238\" target=\"_blank\" rel=\"noopener\"><strong><span style=\"color: #ff6600;\">IR PARA EVENTO<\/span><\/strong><\/a><\/td>\n<\/tr>\n<tr>\n<td width=\"31\"><strong><span style=\"color: #0000ff;\">3<\/span><\/strong><\/td>\n<td width=\"56\"><strong><span style=\"color: #0000ff;\">27\/09<\/span><\/strong><\/td>\n<td width=\"170\"><strong><span style=\"color: #0000ff;\">CANCELADO<\/span><\/strong><\/td>\n<td width=\"273\"><strong><span style=\"color: #0000ff;\">CANCELADO<\/span><\/strong><\/td>\n<td width=\"179\"><strong><span style=\"color: #0000ff;\">CANCELADO<\/span><\/strong><\/td>\n<td width=\"179\"><strong><span style=\"color: #0000ff;\">Vanderlei Dallagnolo<\/span><\/strong><\/td>\n<td width=\"179\"><a href=\"https:\/\/www.facebook.com\/events\/692294557625221\" target=\"_blank\" rel=\"noopener\"><strong><span style=\"color: #0000ff;\">IR PARA EVENTO<\/span><\/strong><\/a><\/td>\n<\/tr>\n<tr>\n<td width=\"31\"><strong><span style=\"color: #ff6600;\">4<\/span><\/strong><\/td>\n<td width=\"56\"><strong><span style=\"color: #ff6600;\">11\/10<\/span><\/strong><\/td>\n<td width=\"170\"><strong><span style=\"color: #ff6600;\">CANCELADO<\/span><\/strong><\/td>\n<td width=\"273\"><strong><span style=\"color: #ff6600;\">CANCELADO<\/span><\/strong><\/td>\n<td width=\"179\"><strong><span style=\"color: #ff6600;\">CANCELADO<\/span><\/strong><\/td>\n<td width=\"179\"><strong><span style=\"color: #ff6600;\">Vanderlei Dallagnolo<\/span><\/strong><\/td>\n<td width=\"179\"><a href=\"https:\/\/www.facebook.com\/events\/1772905026334115\" target=\"_blank\" rel=\"noopener\"><strong><span style=\"color: #ff6600;\">IR PARA EVENTO<\/span><\/strong><\/a><\/td>\n<\/tr>\n<tr>\n<td width=\"31\"><strong><span style=\"color: #0000ff;\">5<\/span><\/strong><\/td>\n<td width=\"56\"><strong><span style=\"color: #0000ff;\">25\/10<\/span><\/strong><\/td>\n<td width=\"170\"><strong><span style=\"color: #0000ff;\">R. Erich Steinbach, 22 &#8211; 1\u00ba Andar . Blumenau. SC<\/span><\/strong><\/td>\n<td width=\"273\"><strong><span style=\"color: #0000ff;\">Em frente da Pra\u00e7a do M\u00fasico &#8211; antiga Gaitas Hering. Instala\u00e7\u00f5es da EAD Laureate P\u00f3lo Blumenau. Sala 101.<\/span><\/strong><\/td>\n<td width=\"179\"><strong><span style=\"color: #0000ff;\">A definir<\/span><\/strong><\/td>\n<td width=\"179\"><strong><span style=\"color: #0000ff;\">Vanderlei Dallagnolo<\/span><\/strong><\/td>\n<td width=\"179\"><a href=\"https:\/\/www.facebook.com\/events\/1416598068394881\" target=\"_blank\" rel=\"noopener\"><strong><span style=\"color: #0000ff;\">IR PARA<\/span><\/strong><span style=\"color: #ff6600;\"><strong><span style=\"color: #0000ff;\"> EVENTO<\/span><\/strong><\/span><\/a><\/td>\n<\/tr>\n<tr>\n<td width=\"31\"><strong><span style=\"color: #ff6600;\">6<\/span><\/strong><\/td>\n<td width=\"56\"><strong><span style=\"color: #ff6600;\">08\/11<\/span><\/strong><\/td>\n<td width=\"170\"><strong><span style=\"color: #ff6600;\">CANCELADO<\/span><\/strong><\/td>\n<td width=\"273\">CANCELADO<\/td>\n<td width=\"179\"><strong><span style=\"color: #ff6600;\">CANCELADO<\/span><\/strong><\/td>\n<td width=\"179\"><strong><span style=\"color: #ff6600;\">Vanderlei Dallagnolo<\/span><\/strong><\/td>\n<td width=\"179\"><a href=\"https:\/\/www.facebook.com\/events\/335056943601936\" target=\"_blank\" rel=\"noopener\"><strong><span style=\"color: #ff6600;\">IR PARA EVENTO<\/span><\/strong><\/a><\/td>\n<\/tr>\n<tr>\n<td width=\"31\"><strong><span style=\"color: #0000ff;\">7<\/span><\/strong><\/td>\n<td width=\"56\"><strong><span style=\"color: #0000ff;\">22\/11<\/span><\/strong><\/td>\n<td width=\"170\"><strong><span style=\"color: #0000ff;\">R. Erich Steinbach, 22 &#8211; 1\u00ba Andar . Blumenau. SC<\/span><\/strong><\/td>\n<td width=\"273\"><strong><span style=\"color: #0000ff;\">Em frente da Pra\u00e7a do M\u00fasico &#8211; antiga Gaitas Hering. Instala\u00e7\u00f5es da EAD Laureate P\u00f3lo Blumenau. Sala 101.<\/span><\/strong><\/td>\n<td width=\"179\"><strong><span style=\"color: #0000ff;\">A definir<\/span><\/strong><\/td>\n<td width=\"179\"><strong><span style=\"color: #0000ff;\">Vanderlei Dallagnolo<\/span><\/strong><\/td>\n<td width=\"179\"><strong><span style=\"color: #0000ff;\"><a href=\"https:\/\/www.facebook.com\/events\/452163458472241\/\" target=\"_blank\" rel=\"noopener\">IR PARA EVENTO<\/a><\/span><\/strong><\/td>\n<\/tr>\n<tr>\n<td width=\"31\"><strong><span style=\"color: #ff6600;\">8<\/span><\/strong><\/td>\n<td width=\"56\"><strong><span style=\"color: #ff6600;\">06\/12<\/span><\/strong><\/td>\n<td width=\"170\"><strong><span style=\"color: #ff6600;\">CANCELADO<\/span><\/strong><\/td>\n<td width=\"273\"><strong><span style=\"color: #ff6600;\">CANCELADO<\/span><\/strong><\/td>\n<td width=\"179\"><strong><span style=\"color: #ff6600;\">CANCELADO<\/span><\/strong><\/td>\n<td width=\"179\"><strong><span style=\"color: #ff6600;\">Vanderlei Dallagnolo<\/span><\/strong><\/td>\n<td width=\"179\"><a href=\"https:\/\/www.facebook.com\/events\/1271098306352162\" target=\"_blank\" rel=\"noopener\"><strong><span style=\"color: #ff6600;\">IR PARA EVENTO<\/span><\/strong><\/a><\/td>\n<\/tr>\n<tr>\n<td width=\"31\"><strong><span style=\"color: #0000ff;\">9<\/span><\/strong><\/td>\n<td width=\"56\"><strong><span style=\"color: #0000ff;\">20\/12<\/span><\/strong><\/td>\n<td width=\"170\"><strong><span style=\"color: #000080;\">CANCELADO<\/span><\/strong><\/td>\n<td width=\"273\"><strong><span style=\"color: #000080;\">CANCELADO<\/span><\/strong><\/td>\n<td width=\"179\"><strong><span style=\"color: #000080;\">CANCELADO<\/span><\/strong><\/td>\n<td width=\"179\"><strong><span style=\"color: #0000ff;\">Vanderlei Dallagnolo<\/span><\/strong><\/td>\n<td width=\"179\"><strong><span style=\"color: #0000ff;\"><a href=\"https:\/\/www.facebook.com\/events\/665849436942268\/\" target=\"_blank\" rel=\"noopener\">IR PARA EVENTO<\/a><\/span><\/strong><\/td>\n<\/tr>\n<\/tbody>\n<\/table>\n","protected":false},"excerpt":{"rendered":"<p>Calend\u00e1rio de apresenta\u00e7\u00f5es do IVL + BdB Programa\u00e7\u00e3o dos eventos de apresenta\u00e7\u00e3o das entidades: IVL &#8211; Instituto Verdade e Liberdade BdB &#8211; Brasileiros de Bem&#8230;<\/p>\n","protected":false},"author":1,"featured_media":1955,"comment_status":"open","ping_status":"open","sticky":false,"template":"","format":"standard","meta":[],"categories":[11],"tags":[],"_links":{"self":[{"href":"http:\/\/acaopolitica.com\/index.php\/wp-json\/wp\/v2\/posts\/2130"}],"collection":[{"href":"http:\/\/acaopolitica.com\/index.php\/wp-json\/wp\/v2\/posts"}],"about":[{"href":"http:\/\/acaopolitica.com\/index.php\/wp-json\/wp\/v2\/types\/post"}],"author":[{"embeddable":true,"href":"http:\/\/acaopolitica.com\/index.php\/wp-json\/wp\/v2\/users\/1"}],"replies":[{"embeddable":true,"href":"http:\/\/acaopolitica.com\/index.php\/wp-json\/wp\/v2\/comments?post=2130"}],"version-history":[{"count":7,"href":"http:\/\/acaopolitica.com\/index.php\/wp-json\/wp\/v2\/posts\/2130\/revisions"}],"predecessor-version":[{"id":2266,"href":"http:\/\/acaopolitica.com\/index.php\/wp-json\/wp\/v2\/posts\/2130\/revisions\/2266"}],"wp:featuredmedia":[{"embeddable":true,"href":"http:\/\/acaopolitica.com\/index.php\/wp-json\/wp\/v2\/media\/1955"}],"wp:attachment":[{"href":"http:\/\/acaopolitica.com\/index.php\/wp-json\/wp\/v2\/media?parent=2130"}],"wp:term":[{"taxonomy":"category","embeddable":true,"href":"http:\/\/acaopolitica.com\/index.php\/wp-json\/wp\/v2\/categories?post=2130"},{"taxonomy":"post_tag","embeddable":true,"href":"http:\/\/acaopolitica.com\/index.php\/wp-json\/wp\/v2\/tags?post=2130"}],"curies":[{"name":"wp","href":"https:\/\/api.w.org\/{rel}","templated":true}]}}