{"id":2135,"date":"2017-10-05T23:26:11","date_gmt":"2017-10-05T23:26:11","guid":{"rendered":"http:\/\/acaopolitica.com\/?p=2135"},"modified":"2017-10-09T02:53:11","modified_gmt":"2017-10-09T02:53:11","slug":"curso-de-oratoria-a-partir-de-3110-em-5-fases","status":"publish","type":"post","link":"http:\/\/acaopolitica.com\/index.php\/2017\/10\/05\/curso-de-oratoria-a-partir-de-3110-em-5-fases\/","title":{"rendered":"Curso de Orat\u00f3ria &#8211; A partir de 31\/10 em 5 sess\u00f5es"},"content":{"rendered":"<p style=\"text-align: justify;\"><span style=\"color: #000000;\">O <a href=\"https:\/\/www.facebook.com\/institutoverdadeeliberdade\/\" target=\"_blank\" rel=\"noopener\">IVL &#8211; Instituto Verdade e Liberdade<\/a> promove o <strong><span style=\"color: #000080;\">Curso de Orat\u00f3ria<\/span><\/strong>.<\/span><\/p>\n<p style=\"text-align: justify;\"><span style=\"color: #000000;\">O curso \u00e9 direcionado ao p\u00fablico adulto. \u00c9 aberto \u00e0 comunidade, com foco nos apoiadores do IVL, BdB e entidades parceiras. Visa elevar as compet\u00eancias de comunica\u00e7\u00e3o das pessoas que defendem bons ideais e valores, sem ter as ferramentas adequadas para transmitir sua mensagem. O benef\u00edcio se estende para todas as \u00e1reas da vida do participante que envolva comunica\u00e7\u00e3o falada.<\/span><\/p>\n<p style=\"text-align: justify;\"><span style=\"color: #000000;\">O curso \u00e9 dividido em 5 (cinco) fases e ocorrer\u00e1 sempre \u00e0s ter\u00e7as-feiras nos dias: <\/span><\/p>\n<ul>\n<li style=\"text-align: justify;\"><span style=\"color: #000000;\">31\/10 &#8211;\u00a0https:\/\/www.facebook.com\/events\/1419614798086348\/<\/span><\/li>\n<li><span style=\"color: #000000;\">07\/11 &#8211;\u00a0https:\/\/www.facebook.com\/events\/715402465312169\/<\/span><\/li>\n<li><span style=\"color: #000000;\">14\/11 &#8211;\u00a0https:\/\/www.facebook.com\/events\/135117883779627\/<\/span><\/li>\n<li><span style=\"color: #000000;\">21\/11 &#8211;\u00a0https:\/\/www.facebook.com\/events\/1756506361322604\/<\/span><\/li>\n<li><span style=\"color: #000000;\">28\/11 &#8211;\u00a0https:\/\/www.facebook.com\/events\/133485300632436\/<\/span><\/li>\n<\/ul>\n<p style=\"text-align: justify;\"><span style=\"color: #000000;\">Em todos dias das 19:30h \u00e0s 21:30h. O local ser\u00e3o as depend\u00eancias da <a href=\"https:\/\/www.facebook.com\/EADLaureateBlumenau\/\" target=\"_blank\" rel=\"noopener\">EAD Laureate &#8211; P\u00f3lo Blumenau<\/a> no endere\u00e7o:<\/span><\/p>\n<p style=\"padding-left: 30px; text-align: justify;\"><span style=\"color: #000000;\">R. Erich Steinbach, 22 &#8211; 1\u00ba Andar, sala 101. Em frente da Pra\u00e7a do M\u00fasico (antiga Gaitas Hering). Blumenau, SC.<\/span><\/p>\n<p style=\"text-align: justify;\"><span style=\"color: #000000;\">Dados do curso:<\/span><\/p>\n<p style=\"text-align: justify; padding-left: 30px;\"><span style=\"color: #000000;\">=&gt; Facilitador:\u00a0 Jo\u00e3o C. Neves (mais detalhes abaixo)<br \/>\n<\/span><\/p>\n<p style=\"text-align: justify; padding-left: 30px;\"><span style=\"color: #000000;\">=&gt; VAGAS LIMITADAS: 20 inscritos<\/span><\/p>\n<p style=\"text-align: justify; padding-left: 30px;\"><span style=\"color: #000000;\">=&gt; <span class=\"_4n-j _3cht fsl\" data-testid=\"event-permalink-details\"><span class=\"text_exposed_show\">I<span style=\"color: #000000;\">nvestimento: doa\u00e7\u00e3o de 1 litro de leite para o <a href=\"http:\/\/www.larbetania.org.br\/\" target=\"_blank\" rel=\"noopener\">Lar Bet\u00e2nia<\/a><\/span><\/span><\/span><\/span><\/p>\n<p style=\"padding-left: 30px;\"><span style=\"color: #000000;\">=&gt; Informa\u00e7\u00f5es e inscri\u00e7\u00f5es:<\/span><\/p>\n<ul style=\"text-align: justify;\">\n<li><span class=\"_4n-j _3cht fsl\" style=\"color: #000000;\" data-testid=\"event-permalink-details\"><span class=\"text_exposed_show\"><span style=\"color: #000000;\">Whats App: 47 9 9969 4408<\/span><\/span><\/span><\/li>\n<li><span class=\"_4n-j _3cht fsl\" style=\"color: #000000;\" data-testid=\"event-permalink-details\"><span class=\"text_exposed_show\"><span style=\"color: #000000;\">E-mail:<\/span> <a href=\"mailto:contato@institutoverdadeeliberdade.com.br\" target=\"_blank\" rel=\"noopener\">contato@institutoverdadeel<wbr \/>iberdade.com.br<\/a><\/span><\/span><\/li>\n<li><span style=\"color: #000000;\">E-mail:\u00a0jc50neves@gmail.com\u00a0<\/span><\/li>\n<\/ul>\n<hr \/>\n<p style=\"text-align: justify;\"><span style=\"color: #000080;\">Jo\u00e3o C. Neves \u00e9 um dos coordenadores do IVL, Presidente da Escola de Pais de Blumenau, advogado, consultor e palestrante.<\/span><\/p>\n<hr \/>\n<p style=\"text-align: justify;\"><span class=\"_4n-j _3cht fsl\" style=\"color: #000000;\" data-testid=\"event-permalink-details\"><span class=\"text_exposed_show\"><span style=\"color: #000000;\">Realiza\u00e7\u00e3o e parceiros:<\/span><\/span><\/span><\/p>\n<ul>\n<li style=\"text-align: justify;\"><span class=\"_4n-j _3cht fsl\" style=\"color: #000000;\" data-testid=\"event-permalink-details\"><span class=\"text_exposed_show\"><a href=\"https:\/\/www.facebook.com\/institutoverdadeeliberdade\/\" target=\"_blank\" rel=\"noopener\" data-hovercard=\"\/ajax\/hovercard\/page.php?id=749762098484187&amp;extragetparams=%7B%22directed_target_id%22%3A1783843135240632%7D\" data-hovercard-prefer-more-content-show=\"1\">IVL &#8211; Instituto Verdade e Liberdade<\/a><\/span><\/span><\/li>\n<li style=\"text-align: justify;\"><span class=\"_4n-j _3cht fsl\" style=\"color: #000000;\" data-testid=\"event-permalink-details\"><span class=\"text_exposed_show\"><a href=\"https:\/\/www.facebook.com\/EADLaureateBlumenau\/\" target=\"_blank\" rel=\"noopener\" data-hovercard=\"\/ajax\/hovercard\/page.php?id=535881356581878&amp;extragetparams=%7B%22directed_target_id%22%3A1783843135240632%7D\" data-hovercard-prefer-more-content-show=\"1\">EAD Laureate &#8211; Polo Blumenau<\/a><br \/>\n<\/span><\/span><\/li>\n<li style=\"text-align: justify;\"><span class=\"_4n-j _3cht fsl\" style=\"color: #000000;\" data-testid=\"event-permalink-details\"><span class=\"text_exposed_show\"><a href=\"https:\/\/www.facebook.com\/Alumetalplacas\/\" target=\"_blank\" rel=\"noopener\" data-hovercard=\"\/ajax\/hovercard\/page.php?id=1054297914620553&amp;extragetparams=%7B%22directed_target_id%22%3A1783843135240632%7D\" data-hovercard-prefer-more-content-show=\"1\">Alumetal Placas de Ident. Ltda<\/a><br \/>\n<\/span><\/span><\/li>\n<li style=\"text-align: justify;\"><span class=\"_4n-j _3cht fsl\" style=\"color: #000000;\" data-testid=\"event-permalink-details\"><span class=\"text_exposed_show\"><a href=\"https:\/\/www.facebook.com\/brasileirosdebem\/\" target=\"_blank\" rel=\"noopener\" data-hovercard=\"\/ajax\/hovercard\/page.php?id=484576801877285&amp;extragetparams=%7B%22directed_target_id%22%3A1783843135240632%7D\" data-hovercard-prefer-more-content-show=\"1\">Brasileiros de Bem<\/a><\/span><\/span><\/li>\n<li><a href=\"http:\/\/www.larbetania.org.br\/\" target=\"_blank\" rel=\"noopener\">Associa\u00e7\u00e3o Assistencial Lar Bet\u00e2nia<\/a><\/li>\n<\/ul>\n","protected":false},"excerpt":{"rendered":"<p>O IVL &#8211; Instituto Verdade e Liberdade promove o Curso de Orat\u00f3ria. O curso \u00e9 direcionado ao p\u00fablico adulto. \u00c9 aberto \u00e0 comunidade, com foco&#8230;<\/p>\n","protected":false},"author":1,"featured_media":2142,"comment_status":"open","ping_status":"open","sticky":false,"template":"","format":"standard","meta":[],"categories":[11],"tags":[],"_links":{"self":[{"href":"http:\/\/acaopolitica.com\/index.php\/wp-json\/wp\/v2\/posts\/2135"}],"collection":[{"href":"http:\/\/acaopolitica.com\/index.php\/wp-json\/wp\/v2\/posts"}],"about":[{"href":"http:\/\/acaopolitica.com\/index.php\/wp-json\/wp\/v2\/types\/post"}],"author":[{"embeddable":true,"href":"http:\/\/acaopolitica.com\/index.php\/wp-json\/wp\/v2\/users\/1"}],"replies":[{"embeddable":true,"href":"http:\/\/acaopolitica.com\/index.php\/wp-json\/wp\/v2\/comments?post=2135"}],"version-history":[{"count":7,"href":"http:\/\/acaopolitica.com\/index.php\/wp-json\/wp\/v2\/posts\/2135\/revisions"}],"predecessor-version":[{"id":2147,"href":"http:\/\/acaopolitica.com\/index.php\/wp-json\/wp\/v2\/posts\/2135\/revisions\/2147"}],"wp:featuredmedia":[{"embeddable":true,"href":"http:\/\/acaopolitica.com\/index.php\/wp-json\/wp\/v2\/media\/2142"}],"wp:attachment":[{"href":"http:\/\/acaopolitica.com\/index.php\/wp-json\/wp\/v2\/media?parent=2135"}],"wp:term":[{"taxonomy":"category","embeddable":true,"href":"http:\/\/acaopolitica.com\/index.php\/wp-json\/wp\/v2\/categories?post=2135"},{"taxonomy":"post_tag","embeddable":true,"href":"http:\/\/acaopolitica.com\/index.php\/wp-json\/wp\/v2\/tags?post=2135"}],"curies":[{"name":"wp","href":"https:\/\/api.w.org\/{rel}","templated":true}]}}