{"id":2172,"date":"2017-10-15T14:12:27","date_gmt":"2017-10-15T14:12:27","guid":{"rendered":"http:\/\/acaopolitica.com\/?p=2172"},"modified":"2017-10-16T03:46:44","modified_gmt":"2017-10-16T03:46:44","slug":"o-conhecimento-e-o-fiel-da-balanca-na-guerra-cultural","status":"publish","type":"post","link":"http:\/\/acaopolitica.com\/index.php\/2017\/10\/15\/o-conhecimento-e-o-fiel-da-balanca-na-guerra-cultural\/","title":{"rendered":"O conhecimento \u00e9 o fiel da balan\u00e7a na guerra cultural"},"content":{"rendered":"<p style=\"text-align: justify;\">Por que um raro texto racional da esquerda ajuda a compreender a import\u00e2ncia do conhecimento como arma para a guerra cultural para a direita brasileira.<\/p>\n<p style=\"text-align: justify;\">Desde o\u00a0 in\u00edcio de meu aprendizado em pol\u00edtica h\u00e1 cerca de tr\u00eas anos \u2013 quando logo me identifiquei como conservador \u2013 tenho tido a curiosidade de entender o que se passa na cabe\u00e7a das pessoas que se identificam com a esquerda. Se pol\u00edtica \u00e9 a arte de promover o bem comum, como explicar a defesa de um pensamento pol\u00edtico com tantas sucessivas demonstra\u00e7\u00f5es de fracasso? Me intrigava como tantas pessoas poderiam ainda continuar centradas de forma t\u00e3o inabal\u00e1vel nesta linha ideol\u00f3gica.<\/p>\n<p style=\"text-align: justify;\">Tudo que havia encontrado at\u00e9 o momento fora leviandade, estupidez, apego a r\u00f3tulos prontos e s\u00edmbolos dissociados de qualquer senso cr\u00edtico ou estofo intelectual, indol\u00eancia cognitiva, teorias conspirat\u00f3rias das mais absurdas ou simples histeria coletiva. Geralmente algo impulsionado pelo efeito manada dos \u201ccoletivos\u201d, mas n\u00e3o restrito a esses nichos. A\u00ed se incluem, inclusive, as palavras e textos dos\u00a0 ditos \u201cintelectuais\u201d de esquerda.\u00a0 Marilena Chau\u00ed, por exemplo, suscitou a tese de que o juiz S\u00e9rgio Moro foi treinado pelo FBI e pela CIA. O jurista\u00a0 F\u00e1bio Konder Comparato cogitou a possibilidade um \u201cgolpe do golpe\u201d, onde a elite empresarial do pa\u00eds fomentaria uma nova interven\u00e7\u00e3o militar \u00e0 reprise de 64. Isso quando a mesma elite, formada por Odebrechts, Batistas e consorciados, sempre esteve promiscuamente relacionada com a iluminada c\u00fapula da esquerda nacional, como denotado pela opera\u00e7\u00e3o Lava Jato.<\/p>\n<p style=\"text-align: justify;\">Todas essas teses\u00a0 absurdamente descoladas da realidade mostravam o baixo n\u00edvel de intelectualidade da esquerda, seja ele natural ou proposital. Afinal, talvez houvesse a necessidade de elucubrar estes estapaf\u00fardios para retroalimentar a milit\u00e2ncia socialista. Manter acesa, nestes, a sensa\u00e7\u00e3o da opress\u00e3o das \u201celites\u201d para n\u00e3o deixar arrefecer as far\u00e2ndolas vermelhas.\u00a0 Irrelevante que qualquer m\u00ednima dose de racionalidade e conhecimento dos fatos mostre que as elites metacapitalistas t\u00eam, aqui e al\u00e9m-mar, fervorosas inten\u00e7\u00f5es de fomentar justamente os movimentos de esquerda. O mais importante seria a constru\u00e7\u00e3o da narrativa, com aproveitamento justamente da baixa capacidade cognitiva dos militantes.<\/p>\n<p style=\"text-align: justify;\">Mas eis que finalmente surge, em meio a esse deserto de discernimento, um texto com um m\u00ednimo de base l\u00f3gica digna de aten\u00e7\u00e3o.\u00a0 Rosana Pinheiro-Machado, professora do departamento de Desenvolvimento Internacional da Universidade de Oxford, publicou o texto \u201cA nova direita conservadora n\u00e3o despreza o conhecimento\u201d atrav\u00e9s da Carta Capital<a href=\"#_ftn1\" name=\"_ftnref1\">[1]<\/a>. Dada essa verdadeira raridade, li com interesse o artigo e entendi que seria relevante escrever para apresentar r\u00e1pidos contrapontos e coment\u00e1rios gerados de reflex\u00e3o \u00e0 direita.<\/p>\n<p style=\"text-align: justify;\">Nesse sentido, de forma objetiva, cito abaixo os pontos chave do texto e pin\u00e7o as imprecis\u00f5es.<\/p>\n<blockquote><p>\u201c\u00a0A nova direita n\u00e3o \u00e9 anti-intelectual, mas anti-elite intelectual.\u201d<\/p><\/blockquote>\n<p style=\"text-align: justify;\">Correta inicialmente pondera\u00e7\u00e3o. A direita nacional tem se mostrado \u00e1vida por conhecimento, estimulada por vozes como a do fil\u00f3sofo Olavo de Carvalho e tantos outros que tornaram a compreens\u00e3o da realidade hist\u00f3rica e pol\u00edtica como a principal arma de uma guerra cultural em pleno desenvolvimento. O erro do texto, nesse ponto, \u00e9 crer que essa elite intelectual possui o monop\u00f3lio da dic\u00e7\u00e3o do que \u00e9, de fato, conhecimento. N\u00e3o \u00e9 de hoje que se sabe existir uma verdadeira hegemonia da esquerda nas universidades, nas secretarias de educa\u00e7\u00e3o e em meio a boa parte do professorado nacional. \u00c9 contra essa elite que se volta a direita, n\u00e3o tanto por dissenso ideol\u00f3gico, mas mais pelos nocivos efeitos que tem gerado para o pa\u00eds.<\/p>\n<p style=\"text-align: justify;\">Nesta quest\u00e3o destacam-se dois fatores, ou subprodutos diretos da elite intelectual esquerdista: manipula\u00e7\u00e3o da narrativa hist\u00f3rica (retratando, por exemplo, a revolu\u00e7\u00e3o cubana como heroica, malgrados os seus mais de cem mil mortos e mis\u00e9ria humana gerada, e a contrarrevolu\u00e7\u00e3o militar brasileira de\u00a0 64 e seus m\u00edseros trezentos e tantos mortos como sanguin\u00e1ria) e destrui\u00e7\u00e3o completa do contradit\u00f3rio e do debate democr\u00e1tico de ideias em sala de aula.<\/p>\n<p style=\"text-align: justify;\">Em meio \u00e0 incessante doutrina\u00e7\u00e3o, a esquerda docente sentiu-se confort\u00e1vel n\u00e3o s\u00f3 a eliminar das grades curriculares refer\u00eancias positivas \u00e0 cristandade, ao capitalismo, \u00e0s conquistas civilizacionais do mundo ocidental, como tamb\u00e9m para repelir qualquer insurg\u00eancia. O projeto \u201cescola sem partido\u201d,\u00a0 que visa justamente restabelecer o contradit\u00f3rio e a democratiza\u00e7\u00e3o da filia\u00e7\u00e3o pol\u00edtica dos alunos, \u00e9 classificado como forma de censura e combate ao senso cr\u00edtico. Utilizam as pr\u00f3prias vicissitudes resultantes da doutrina\u00e7\u00e3o esquerdista reinante (que impede qualquer debate e fulmina o senso cr\u00edtico dos alunos na origem) como condena\u00e7\u00f5es ao projeto, exatamente como fizera, de forma absurdamente equivocada,\u00a0 mas em tom professoral, Leandro Karnal no programa Roda Viva.<\/p>\n<blockquote><p><strong>\u201cO que est\u00e1 em jogo \u00e9 a produ\u00e7\u00e3o e a disputa de novos regimes de verdade sobre a humanidade.\u201d<\/strong><\/p><\/blockquote>\n<p style=\"text-align: justify;\">Em realidade, o que pretende a direita \u00e9 apenas revelar a verdade. N\u00e3o mold\u00e1-la para fins ideol\u00f3gicos \u2013 no caso, ao intento revolucion\u00e1rio ou \u00e0s metas de engenharia social progressistas. Ocultar as quase duzentas milh\u00f5es de mortes n\u00e3o naturais provocadas pelo comunismo no s\u00e9culo XX n\u00e3o \u00e9 produzir novo regime da verdade. Imputar ao cristianismo parcela de culpa para a escravid\u00e3o africana, quando todo o alicerce normativo, moral, teol\u00f3gico e doutrinal da cristandade sempre foi duramente contr\u00e1rio \u00e0 pr\u00e1tica, n\u00e3o \u00e9 produzir um novo regime de verdade. Eliminar qualquer refer\u00eancia aos pais fundadores do pa\u00eds, aos her\u00f3is nacionais e os fatores hist\u00f3ricos de constru\u00e7\u00e3o de um senso de nacionalidade e patriotismo n\u00e3o \u00e9 produzir novo regime de verdade. Em todos os casos, trata-se da mais absoluta deturpa\u00e7\u00e3o da verdade com prop\u00f3sitos evidentemente manipulat\u00f3rios. Trata-se de impedir que os alunos saibam de fato a que pa\u00eds pertencem, facilitando assim a \u201cmundializa\u00e7\u00e3o\u201d das pessoas, que a articulista confessa ser prop\u00f3sito progressista ao longo do texto.<\/p>\n<blockquote><p>\u201cDeparamo-nos com a necessidade de voltar a defender o \u00f3bvio, ou melhor, aquilo que parecia \u00f3bvio, aquilo que acredit\u00e1vamos que j\u00e1 hav\u00edamos superado. Mas n\u00e3o superamos.\u201d<\/p><\/blockquote>\n<p style=\"text-align: justify;\">Chersterton j\u00e1 dizia: \u201cchegar\u00e1 o dia em que teremos que provar ao mundo que a grama \u00e9 verde\u201d. A frase, hoje claramente prof\u00e9tica e comprobat\u00f3ria da vis\u00e3o de longo alcance deste \u00edcone do conservadorismo ingl\u00eas, faz sentido cabal diante da absoluta invers\u00e3o de valores que o pensamento hegem\u00f4nico de esquerda tem produzido em todo o mundo ocidental. Logo, conquanto parece fazer coro com a articulista, a senten\u00e7a de Chesterton possui similaridade apenas formal. No conte\u00fado, trata-se de obviedades diametralmente opostas.<\/p>\n<p style=\"text-align: justify;\">A esquerda, pela manipula\u00e7\u00e3o da narrativa hist\u00f3rica, tentou cristalizar suas mentiras e deturpa\u00e7\u00f5es (pela mesma raz\u00e3o, ali\u00e1s, que antipatiza o projeto escola sem partido), gerando em certos segmentos da sociedade a nega\u00e7\u00e3o de verdades inquestion\u00e1veis (como a de que um feto, ap\u00f3s a concep\u00e7\u00e3o, \u00e9 um ser vivo em forma\u00e7\u00e3o, n\u00e3o componente do corpo da gestante, ou que meninos e meninas nascem com um sexo biologicamente definido). O grau de hegemonia foi tanto que, como visto, estimaram que a desfigura\u00e7\u00e3o da realidade por si produzida seria irrevers\u00edvel. N\u00e3o o \u00e9, pois a verdade, como ela \u00e9, sempre tende a vir \u00e0 tona, mais cedo ou mais tarde. Exemplo disso \u00e9 o recente estudo da Universidade de Harvard, apontando que a libera\u00e7\u00e3o e massifica\u00e7\u00e3o do porte de arma \u00e9 fator determinante, sim, para a redu\u00e7\u00e3o dos \u00edndices de criminalidade e viol\u00eancia<a href=\"#_ftn2\" name=\"_ftnref2\">[2]<\/a>. Talvez por isso interesse \u00e0 esquerda manter os estudantes brasileiros no status atual, limitando-os \u00e0 obten\u00e7\u00e3o das piores notas nos testes internacionais<a href=\"#_ftn3\" name=\"_ftnref3\">[3]<\/a>. \u00c9 preciso que as massas se mantenham pobres intelectualmente para mais f\u00e1cil manipula\u00e7\u00e3o e oculta\u00e7\u00e3o da verdade.<\/p>\n<blockquote><p>\u201cSe h\u00e1 algo positivo nisso tudo \u00e9 n\u00e3o nos deixar esquecer conhecimento \u00e9 poder, mas tamb\u00e9m \u00e9 resist\u00eancia: precisamos conhecer o outro lado e, principalmente, lembrar que<strong>\u00a0o senso de humanidade una, justi\u00e7a, direitos humanos e equidade \u00e9 uma verdade que nunca foi totalmente constru\u00edda<\/strong>\u00a0e, portanto, ainda precisamos lutar criticamente por ela.\u201d<\/p><\/blockquote>\n<p style=\"text-align: justify;\">Interessante notar que a constru\u00e7\u00e3o de um conceito amplo e completo de direitos humanos \u00e9 algo que lesaria os pr\u00f3prios interesses da esquerda. Afinal, este conceito certamente provocaria a compreens\u00e3o, por exemplo, de que a abertura das fronteiras para refugiados pode ser entendida como uma clara exposi\u00e7\u00e3o de perigo aos direitos humanos das mulheres locais, \u00e0 luz de estat\u00edsticas que apontam para o crescimento assustador do n\u00famero de estupros ap\u00f3s a ado\u00e7\u00e3o dessas pol\u00edticas migrat\u00f3rias na Europa<a href=\"#_ftn4\" name=\"_ftnref4\">[4]<\/a>. Tamb\u00e9m poder\u00e1 considerar que a permiss\u00e3o \u00e0s cirurgias de transexualiza\u00e7\u00e3o, uma das bandeiras caras da esquerda ocidental, pode ser n\u00e3o a concess\u00e3o de um direito humano do transexual, mas ao rev\u00e9s, uma les\u00e3o, \u00e0 vista da epidemia de suic\u00eddios que acomete aqueles que se submetem ao procedimento<a href=\"#_ftn5\" name=\"_ftnref5\">[5]<\/a>.<\/p>\n<p style=\"text-align: justify;\">Tudo isso mostra que o alerta da articulista para a necessidade de a esquerda nacional aprofundar seus conhecimentos e passar a entender o outro \u00e9, na realidade, algo alvissareiro. Isso porque o conhecimento da verdade sempre ser\u00e1 uma amea\u00e7a \u00e0 narrativa progressista. Ao tomar conhecimento de literatura conservadora, muitos ex-esquerdistas converteram-se. Tudo isso mostra que a direita precisa continuar avan\u00e7ando. Se a esquerda entender que, para oferecer um contraponto efetivo, precisar\u00e1 deixar as camisas vermelhas no arm\u00e1rio para pegar em livros, estaremos inspirando neles um sentimento que poder\u00e1, na realidade, implodir a esquerda de fora para dentro, sem ter de se valer da suja estrat\u00e9gia gramsciana. O conhecimento \u00e9, assim, a maior arma do conservador. E a verdade, a muni\u00e7\u00e3o de ouro para vencer esta guerra cultural.<\/p>\n<p style=\"text-align: justify;\"><a href=\"#_ftnref1\" name=\"_ftn1\">[1]<\/a> <a href=\"https:\/\/www.cartacapital.com.br\/politica\/a-nova-direita-conservadora-nao-despreza-o-conhecimento\">https:\/\/www.cartacapital.com.br\/politica\/a-nova-direita-conservadora-nao-despreza-o-conhecimento<\/a><\/p>\n<p style=\"text-align: justify;\"><a href=\"#_ftnref2\" name=\"_ftn2\">[2]<\/a> <a href=\"https:\/\/www.epochtimes.com.br\/direito-posse-de-arma-reduz-criminalidade-afirma-harvard\/#.WeNcjmi3zIU\">https:\/\/www.epochtimes.com.br\/direito-posse-de-arma-reduz-criminalidade-afirma-harvard\/#.WeNcjmi3zIU<\/a><\/p>\n<p style=\"text-align: justify;\"><a href=\"#_ftnref3\" name=\"_ftn3\">[3]<\/a> <a href=\"http:\/\/www.cartaeducacao.com.br\/reportagens\/brasil-mantem-ultimas-colocacoes-no-pisa\/\">http:\/\/www.cartaeducacao.com.br\/reportagens\/brasil-mantem-ultimas-colocacoes-no-pisa\/<\/a><\/p>\n<p style=\"text-align: justify;\"><a href=\"#_ftnref4\" name=\"_ftn4\">[4]<\/a> <a href=\"http:\/\/www1.folha.uol.com.br\/mundo\/2017\/04\/1878328-alemanha-tem-aumento-de-crimes-cometidos-por-refugiados.shtml\">http:\/\/www1.folha.uol.com.br\/mundo\/2017\/04\/1878328-alemanha-tem-aumento-de-crimes-cometidos-por-refugiados.shtml<\/a><\/p>\n<p style=\"text-align: justify;\"><a href=\"#_ftnref5\" name=\"_ftn5\">[5]<\/a> <a href=\"https:\/\/colunas.gospelmais.com.br\/tragedia-silenciosa-epidemia-suicidios-transgeneros_11456.html\">https:\/\/colunas.gospelmais.com.br\/tragedia-silenciosa-epidemia-suicidios-transgeneros_11456.html<\/a><\/p>\n","protected":false},"excerpt":{"rendered":"<p>Por que um raro texto racional da esquerda ajuda a compreender a import\u00e2ncia do conhecimento como arma para a guerra cultural para a direita brasileira&#8230;.<\/p>\n","protected":false},"author":23,"featured_media":2177,"comment_status":"open","ping_status":"open","sticky":false,"template":"","format":"standard","meta":[],"categories":[3,2],"tags":[],"_links":{"self":[{"href":"http:\/\/acaopolitica.com\/index.php\/wp-json\/wp\/v2\/posts\/2172"}],"collection":[{"href":"http:\/\/acaopolitica.com\/index.php\/wp-json\/wp\/v2\/posts"}],"about":[{"href":"http:\/\/acaopolitica.com\/index.php\/wp-json\/wp\/v2\/types\/post"}],"author":[{"embeddable":true,"href":"http:\/\/acaopolitica.com\/index.php\/wp-json\/wp\/v2\/users\/23"}],"replies":[{"embeddable":true,"href":"http:\/\/acaopolitica.com\/index.php\/wp-json\/wp\/v2\/comments?post=2172"}],"version-history":[{"count":4,"href":"http:\/\/acaopolitica.com\/index.php\/wp-json\/wp\/v2\/posts\/2172\/revisions"}],"predecessor-version":[{"id":2179,"href":"http:\/\/acaopolitica.com\/index.php\/wp-json\/wp\/v2\/posts\/2172\/revisions\/2179"}],"wp:featuredmedia":[{"embeddable":true,"href":"http:\/\/acaopolitica.com\/index.php\/wp-json\/wp\/v2\/media\/2177"}],"wp:attachment":[{"href":"http:\/\/acaopolitica.com\/index.php\/wp-json\/wp\/v2\/media?parent=2172"}],"wp:term":[{"taxonomy":"category","embeddable":true,"href":"http:\/\/acaopolitica.com\/index.php\/wp-json\/wp\/v2\/categories?post=2172"},{"taxonomy":"post_tag","embeddable":true,"href":"http:\/\/acaopolitica.com\/index.php\/wp-json\/wp\/v2\/tags?post=2172"}],"curies":[{"name":"wp","href":"https:\/\/api.w.org\/{rel}","templated":true}]}}