{"id":2191,"date":"2017-10-21T02:14:56","date_gmt":"2017-10-21T02:14:56","guid":{"rendered":"http:\/\/acaopolitica.com\/?p=2191"},"modified":"2017-10-21T02:19:40","modified_gmt":"2017-10-21T02:19:40","slug":"setor-externo","status":"publish","type":"post","link":"http:\/\/acaopolitica.com\/index.php\/2017\/10\/21\/setor-externo\/","title":{"rendered":"Setor Externo"},"content":{"rendered":"<p style=\"text-align: center;\"><span style=\"color: #0000ff;\">Setor Externo \u2013 Fonte BCB<\/span><\/p>\n<p style=\"text-align: center;\"><span style=\"color: #ff0000;\">Base: Agosto de 2017<\/span><\/p>\n<p style=\"text-align: justify;\"><span style=\"color: #0000ff;\">I &#8211; Balan\u00e7o de pagamentos <\/span><\/p>\n<p style=\"text-align: justify;\"><span style=\"color: #0000ff;\">As transa\u00e7\u00f5es correntes apresentaram\u00a0deficits\u00a0de US$ 302 milh\u00f5es em agosto, e de <a style=\"color: #0000ff;\" href=\"https:\/\/maps.google.com\/?q=US$+13,5&amp;entry=gmail&amp;source=g\">US$ 13,5<\/a> bilh\u00f5es nos \u00faltimos doze meses, equivalentes a 0,68% do PIB. Na conta financeira, o ingresso l\u00edquido de investimentos diretos no Pa\u00eds somou <a style=\"color: #0000ff;\" href=\"https:\/\/maps.google.com\/?q=US$+5,1&amp;entry=gmail&amp;source=g\">US$ 5,1<\/a> bilh\u00f5es em agosto, e US$ 82,5 bilh\u00f5es no acumulado de doze meses, ou 4,18% do PIB.<\/span><\/p>\n<p style=\"text-align: justify;\"><span style=\"color: #0000ff;\">A conta de servi\u00e7os registrou\u00a0deficit\u00a0de <a style=\"color: #0000ff;\" href=\"https:\/\/maps.google.com\/?q=US$+2,9&amp;entry=gmail&amp;source=g\">US$ 2,9<\/a> bilh\u00f5es em agosto, eleva\u00e7\u00e3o de 30% em rela\u00e7\u00e3o ao mesmo m\u00eas do ano anterior. A despesa l\u00edquida com viagens internacionais totalizou <a style=\"color: #0000ff;\" href=\"https:\/\/maps.google.com\/?q=US$+1,3&amp;entry=gmail&amp;source=g\">US$ 1,3<\/a> bilh\u00e3o, 87% superior \u00e0 registrada em agosto de 2016, resultado de eleva\u00e7\u00e3o de 35% nos gastos em viagens ao exterior, e redu\u00e7\u00e3o de 24% nas receitas auferidas em viagens ao Pa\u00eds. A conta de aluguel de equipamentos apresentou\u00a0deficit\u00a0de <a style=\"color: #0000ff;\" href=\"https:\/\/maps.google.com\/?q=US$+1,1&amp;entry=gmail&amp;source=g\">US$ 1,1<\/a> bilh\u00e3o em agosto, diminui\u00e7\u00e3o de 18% comparativamente ao mesmo m\u00eas do ano anterior.<\/span><\/p>\n<p style=\"text-align: justify;\"><span style=\"color: #0000ff;\">As despesas l\u00edquidas na conta de renda prim\u00e1ria alcan\u00e7ou <a style=\"color: #0000ff;\" href=\"https:\/\/maps.google.com\/?q=US$+2,9&amp;entry=gmail&amp;source=g\">US$ 2,9<\/a> bilh\u00f5es no m\u00eas, acr\u00e9scimo de 12% com rela\u00e7\u00e3o a agosto de 2016. A despesa l\u00edquida com juros alcan\u00e7ou US$ 737 milh\u00f5es, 10% abaixo do ocorrido no mesmo m\u00eas do ano anterior. A remessa l\u00edquida de lucros e dividendos totalizou <a style=\"color: #0000ff;\" href=\"https:\/\/maps.google.com\/?q=US$+2,2&amp;entry=gmail&amp;source=g\">US$ 2,2<\/a> bilh\u00f5es no m\u00eas, aumento de 22% quando comparada \u00e0 observada em agosto de 2016.<\/span><\/p>\n<p style=\"text-align: justify;\"><span style=\"color: #0000ff;\">No m\u00eas, a conta de renda secund\u00e1ria registrou ingresso l\u00edquido de US$ 141 milh\u00f5es, 34% inferior ao observado em agosto do ano passado. As transfer\u00eancias pessoais recebidas do exterior superaram as enviadas em US$ 5 milh\u00f5es.<\/span><\/p>\n<p style=\"text-align: justify;\"><span style=\"color: #0000ff;\">O fluxo l\u00edquido de investimentos diretos no exterior atingiu US$ 342 milh\u00f5es no m\u00eas, e <a style=\"color: #0000ff;\" href=\"https:\/\/maps.google.com\/?q=US$+1,8&amp;entry=gmail&amp;source=g\">US$ 1,8<\/a> bilh\u00e3o no per\u00edodo de janeiro a agosto, ante <a style=\"color: #0000ff;\" href=\"https:\/\/maps.google.com\/?q=US$+6,9&amp;entry=gmail&amp;source=g\">US$ 6,9<\/a> bilh\u00f5es ocorridos no mesmo per\u00edodo de 2016.<\/span><\/p>\n<p style=\"text-align: justify;\"><span style=\"color: #0000ff;\">O investimento direto no Pa\u00eds totalizou ingresso l\u00edquido de <a style=\"color: #0000ff;\" href=\"https:\/\/maps.google.com\/?q=US$+5,1&amp;entry=gmail&amp;source=g\">US$ 5,1<\/a> bilh\u00f5es no m\u00eas (<a style=\"color: #0000ff;\" href=\"https:\/\/maps.google.com\/?q=US$+3,8&amp;entry=gmail&amp;source=g\">US$ 3,8<\/a> bilh\u00f5es em participa\u00e7\u00e3o no capital e de <a style=\"color: #0000ff;\" href=\"https:\/\/maps.google.com\/?q=US$+1,3&amp;entry=gmail&amp;source=g\">US$ 1,3<\/a> bilh\u00e3o em opera\u00e7\u00f5es intercompanhia), e US$ 45,5 bilh\u00f5es de janeiro a agosto de 2017, 10% acima do ocorrido no mesmo intervalo de 2016.<\/span><\/p>\n<p style=\"text-align: justify;\"><span style=\"color: #0000ff;\">O ingresso l\u00edquido em passivo de investimentos em carteira somou US$ 398 milh\u00f5es no m\u00eas, incluindo ingressos l\u00edquidos de <a style=\"color: #0000ff;\" href=\"https:\/\/maps.google.com\/?q=US$+1,2&amp;entry=gmail&amp;source=g\">US$ 1,2<\/a> bilh\u00e3o em a\u00e7\u00f5es e fundos de investimento, e sa\u00edda l\u00edquida de US$ 622 milh\u00f5es em t\u00edtulos de renda fixa negociados no mercado dom\u00e9stico. A conta de t\u00edtulos negociados no mercado externo registrou amortiza\u00e7\u00f5es l\u00edquidas de US$ 214 milh\u00f5es em agosto. <\/span><\/p>\n<p style=\"text-align: justify;\"><span style=\"color: #0000ff;\">Os fluxos de passivos de outros investimentos foram positivos em <a style=\"color: #0000ff;\" href=\"https:\/\/maps.google.com\/?q=US$+2,7&amp;entry=gmail&amp;source=g\">US$ 2,7<\/a> bilh\u00f5es, aumento de 31% com rela\u00e7\u00e3o ao mesmo m\u00eas do ano anterior. A conta de empr\u00e9stimos passivos registrou ingresso l\u00edquido de US$ 428 milh\u00f5es, ante sa\u00edda l\u00edquida de US$ 127 milh\u00f5es em agosto de 2016.<\/span><\/p>\n<p style=\"text-align: justify;\"><span style=\"color: #0000ff;\">II &#8211; Reservas internacionais<\/span><\/p>\n<p style=\"text-align: justify;\"><span style=\"color: #0000ff;\">As reservas internacionais nos conceitos caixa e liquidez totalizaram US$381,8 bilh\u00f5es em agosto de 2017, aumento de US$815 milh\u00f5es em rela\u00e7\u00e3o ao m\u00eas anterior. Contribu\u00edram para a eleva\u00e7\u00e3o do estoque as receitas de remunera\u00e7\u00e3o das reservas, US$337 milh\u00f5es, e as varia\u00e7\u00f5es por pre\u00e7os, US$440 milh\u00f5es. As varia\u00e7\u00f5es por paridades contribu\u00edram para a redu\u00e7\u00e3o do estoque em US$114 milh\u00f5es. <\/span><\/p>\n<p style=\"text-align: justify;\"><span style=\"color: #0000ff;\">III &#8211; D\u00edvida externa<\/span><\/p>\n<p style=\"text-align: justify;\"><span style=\"color: #0000ff;\">O estoque de d\u00edvida externa bruta, inclusive opera\u00e7\u00f5es intercompanhia e t\u00edtulos de renda fixa negociados no mercado dom\u00e9stico e detidos por n\u00e3o residentes estimado para agosto de 2017 totalizou US$ 678,7 bilh\u00f5es, aumento de US$409 milh\u00f5es em rela\u00e7\u00e3o \u00e0 posi\u00e7\u00e3o de junho de 2017. A d\u00edvida externa estimada de longo prazo atingiu US$259,1 bilh\u00f5es em agosto, aumento de US$222 milh\u00f5es relativamente \u00e0 junho, enquanto o endividamento de curto prazo somou US$56,1 bilh\u00f5es, aumento de US$188 milh\u00f5es, no mesmo per\u00edodo.<\/span><\/p>\n<p style=\"text-align: justify;\"><span style=\"color: #0000ff;\">Dentre os determinantes da varia\u00e7\u00e3o ocorrida da d\u00edvida externa de longo prazo entre junho e agosto, destacam-se os desembolsos de empr\u00e9stimos do governo, US$239 milh\u00f5es e as amortiza\u00e7\u00f5es de empr\u00e9stimos de bancos e de outros setores, US$1,1 bilh\u00e3o e US$400 milh\u00f5es, respectivamente. Contribu\u00edram para elevar o estoque a varia\u00e7\u00e3o cambial de longo prazo, US$976 milh\u00f5es, e os pre\u00e7os dos t\u00edtulos de d\u00edvida externa do governo geral, US$893 milh\u00f5es.<\/span><\/p>\n<p style=\"text-align: center;\"><span style=\"color: #ff0000;\">Arquivos oficiais do governo est\u00e3o dispon\u00edveis aos leitores.<\/span><\/p>\n<p style=\"text-align: justify;\"><span style=\"color: #0000ff;\">Ricardo Bergamini<\/span><br \/>\n<span style=\"color: #0000ff;\">(48) 99636-7322<\/span><br \/>\n<span style=\"color: #0000ff;\">(48) 99976-6974<\/span><br \/>\n<span style=\"color: #0000ff;\"><a style=\"color: #0000ff;\" href=\"mailto:ricardobergamini@ricardobergamini.com.br\" target=\"_blank\" rel=\"noopener\">ricardobergamini@ricardobergamini.com.br<br \/>\n<\/a><a style=\"color: #0000ff;\" href=\"http:\/\/www.ricardobergamini.com.br\/\" target=\"_blank\" rel=\"noopener\" data-saferedirecturl=\"https:\/\/www.google.com\/url?hl=pt-PT&amp;q=http:\/\/www.ricardobergamini.com.br\/&amp;source=gmail&amp;ust=1508636571520000&amp;usg=AFQjCNFmIGDAdZccfZh-5Z8UzBmbcZR22A\">www.ricardobergamini.com.br<\/a><\/span><\/p>\n","protected":false},"excerpt":{"rendered":"<p>Setor Externo \u2013 Fonte BCB Base: Agosto de 2017 I &#8211; Balan\u00e7o de pagamentos As transa\u00e7\u00f5es correntes apresentaram\u00a0deficits\u00a0de US$ 302 milh\u00f5es em agosto, e de&#8230;<\/p>\n","protected":false},"author":18,"featured_media":2192,"comment_status":"open","ping_status":"open","sticky":false,"template":"","format":"standard","meta":[],"categories":[10],"tags":[],"_links":{"self":[{"href":"http:\/\/acaopolitica.com\/index.php\/wp-json\/wp\/v2\/posts\/2191"}],"collection":[{"href":"http:\/\/acaopolitica.com\/index.php\/wp-json\/wp\/v2\/posts"}],"about":[{"href":"http:\/\/acaopolitica.com\/index.php\/wp-json\/wp\/v2\/types\/post"}],"author":[{"embeddable":true,"href":"http:\/\/acaopolitica.com\/index.php\/wp-json\/wp\/v2\/users\/18"}],"replies":[{"embeddable":true,"href":"http:\/\/acaopolitica.com\/index.php\/wp-json\/wp\/v2\/comments?post=2191"}],"version-history":[{"count":2,"href":"http:\/\/acaopolitica.com\/index.php\/wp-json\/wp\/v2\/posts\/2191\/revisions"}],"predecessor-version":[{"id":2194,"href":"http:\/\/acaopolitica.com\/index.php\/wp-json\/wp\/v2\/posts\/2191\/revisions\/2194"}],"wp:featuredmedia":[{"embeddable":true,"href":"http:\/\/acaopolitica.com\/index.php\/wp-json\/wp\/v2\/media\/2192"}],"wp:attachment":[{"href":"http:\/\/acaopolitica.com\/index.php\/wp-json\/wp\/v2\/media?parent=2191"}],"wp:term":[{"taxonomy":"category","embeddable":true,"href":"http:\/\/acaopolitica.com\/index.php\/wp-json\/wp\/v2\/categories?post=2191"},{"taxonomy":"post_tag","embeddable":true,"href":"http:\/\/acaopolitica.com\/index.php\/wp-json\/wp\/v2\/tags?post=2191"}],"curies":[{"name":"wp","href":"https:\/\/api.w.org\/{rel}","templated":true}]}}