{"id":2203,"date":"2017-10-26T00:59:53","date_gmt":"2017-10-26T00:59:53","guid":{"rendered":"http:\/\/acaopolitica.com\/?p=2203"},"modified":"2017-12-13T02:06:53","modified_gmt":"2017-12-13T02:06:53","slug":"comercio-sete-das-oito-atividades-pesquisadas-recuam-entre-julho-e-agosto","status":"publish","type":"post","link":"http:\/\/acaopolitica.com\/index.php\/2017\/10\/26\/comercio-sete-das-oito-atividades-pesquisadas-recuam-entre-julho-e-agosto\/","title":{"rendered":"Com\u00e9rcio: sete das oito atividades pesquisadas recuam entre julho e agosto"},"content":{"rendered":"<p style=\"text-align: center;\"><span style=\"color: #0000ff;\">Pesquisa Mensal de Com\u00e9rcio \u2013 Fonte IBGE<\/span><\/p>\n<p style=\"text-align: center;\"><span style=\"color: #ff0000;\">Base: Agosto de 2017<\/span><\/p>\n<p style=\"text-align: justify;\"><span style=\"color: #0000ff;\">Vendas do varejo caem 0,5% entre julho e agosto <\/span><\/p>\n<p style=\"text-align: justify;\"><span style=\"color: #0000ff;\">Em agosto de 2017, o volume de vendas do com\u00e9rcio varejista nacional recuou 0,5%, enquanto a receita nominal teve varia\u00e7\u00e3o de -0,1%, ambos frente a julho, na s\u00e9rie com ajuste sazonal. A queda no volume de vendas ocorreu ap\u00f3s quatro meses de crescimento, per\u00edodo em que houve um ganho acumulado de 2,1%. \u00a0Em rela\u00e7\u00e3o a agosto de 2016, o volume de vendas avan\u00e7ou 3,6%, quinta taxa positiva consecutiva nesta compara\u00e7\u00e3o. O acumulado no ano foi de 0,7%. O acumulado nos \u00faltimos 12 meses permanece negativo (-1,6%), mas reduzindo o ritmo de queda, pois este foi o recuo menos intenso desde agosto de 2015 (-1,5%)<\/span><\/p>\n<table width=\"876\">\n<tbody>\n<tr>\n<td rowspan=\"2\" width=\"247\"><span style=\"color: #0000ff;\">Per\u00edodo<\/span><\/td>\n<td colspan=\"2\" width=\"204\"><span style=\"color: #0000ff;\">Varejo<\/span><\/td>\n<td colspan=\"2\" width=\"177\"><span style=\"color: #0000ff;\">Varejo Ampliado<\/span><\/td>\n<\/tr>\n<tr>\n<td width=\"101\"><span style=\"color: #0000ff;\">Volume de vendas<\/span><\/td>\n<td width=\"103\"><span style=\"color: #0000ff;\">Receita nominal<\/span><\/td>\n<td width=\"101\"><span style=\"color: #0000ff;\">Volume de vendas<\/span><\/td>\n<td width=\"78\"><span style=\"color: #0000ff;\">Receita nominal<\/span><\/td>\n<\/tr>\n<tr>\n<td width=\"247\"><span style=\"color: #0000ff;\">Agosto \/ Julho*<\/span><\/td>\n<td width=\"101\"><span style=\"color: #0000ff;\">-0,5%<\/span><\/td>\n<td width=\"103\"><span style=\"color: #0000ff;\">-0,1%<\/span><\/td>\n<td width=\"101\"><span style=\"color: #0000ff;\">0,1%<\/span><\/td>\n<td width=\"78\"><span style=\"color: #0000ff;\">0,4%<\/span><\/td>\n<\/tr>\n<tr>\n<td width=\"247\"><span style=\"color: #0000ff;\">M\u00e9dia m\u00f3vel trimestral*<\/span><\/td>\n<td width=\"101\"><span style=\"color: #0000ff;\">0,1%<\/span><\/td>\n<td width=\"103\"><span style=\"color: #0000ff;\">0,2%<\/span><\/td>\n<td width=\"101\"><span style=\"color: #0000ff;\">0,9%<\/span><\/td>\n<td width=\"78\"><span style=\"color: #0000ff;\">0,9%<\/span><\/td>\n<\/tr>\n<tr>\n<td width=\"247\"><span style=\"color: #0000ff;\">Agosto 2017 \/ Agosto 2016<\/span><\/td>\n<td width=\"101\"><span style=\"color: #0000ff;\">3,6%<\/span><\/td>\n<td width=\"103\"><span style=\"color: #0000ff;\">1,3%<\/span><\/td>\n<td width=\"101\"><span style=\"color: #0000ff;\">7,6%<\/span><\/td>\n<td width=\"78\"><span style=\"color: #0000ff;\">5,1%<\/span><\/td>\n<\/tr>\n<tr>\n<td width=\"247\"><span style=\"color: #0000ff;\">Acumulado 2017<\/span><\/td>\n<td width=\"101\"><span style=\"color: #0000ff;\">0,7%<\/span><\/td>\n<td width=\"103\"><span style=\"color: #0000ff;\">1,7%<\/span><\/td>\n<td width=\"101\"><span style=\"color: #0000ff;\">1,9%<\/span><\/td>\n<td width=\"78\"><span style=\"color: #0000ff;\">2,3%<\/span><\/td>\n<\/tr>\n<tr>\n<td width=\"247\"><span style=\"color: #0000ff;\">Acumulado 12 meses<\/span><\/td>\n<td width=\"101\"><span style=\"color: #0000ff;\">-1,6%<\/span><\/td>\n<td width=\"103\"><span style=\"color: #0000ff;\">2,3%<\/span><\/td>\n<td width=\"101\"><span style=\"color: #0000ff;\">-1,6%<\/span><\/td>\n<td width=\"78\"><span style=\"color: #0000ff;\">1,2%<\/span><\/td>\n<\/tr>\n<tr>\n<td colspan=\"5\"><span style=\"color: #0000ff;\">*s\u00e9rie com ajuste sazonal<\/span><\/td>\n<\/tr>\n<\/tbody>\n<\/table>\n<p style=\"text-align: justify;\"><span style=\"color: #0000ff;\">\u00a0<\/span><\/p>\n<p style=\"text-align: justify;\"><span style=\"color: #0000ff;\">O com\u00e9rcio varejista ampliado, que inclui o varejo e as atividades de ve\u00edculos, motos, partes e pe\u00e7as e de material de constru\u00e7\u00e3o, ficou praticamente est\u00e1vel em termos de volume (0,1%) frente a julho de 2017, com alta nas vendas pelo terceiro m\u00eas consecutivo, enquanto a receita nominal teve varia\u00e7\u00e3o de 0,4%. Em rela\u00e7\u00e3o a agosto de 2016, o varejo ampliado cresceu 7,6% no volume de vendas e 5,1% em receita nominal. Os acumulados do volume de vendas foram de 1,9% no ano e de -1,6% nos \u00faltimos 12 meses, enquanto a receita nominal registrou taxas de 2,3% e 1,2%, respectivamente. <\/span><\/p>\n<p style=\"text-align: justify;\"><span style=\"color: #0000ff;\">Sete das oito atividades pesquisadas recuam entre julho e agosto<\/span><\/p>\n<p style=\"text-align: justify;\"><span style=\"color: #0000ff;\">A taxa do com\u00e9rcio varejista (-0,5%) no volume de vendas, na passagem de julho para agosto de 2017, s\u00e9rie ajustada sazonalmente, teve predom\u00ednio de resultados negativos, atingindo sete das oito atividades que comp\u00f5em o varejo.<\/span><\/p>\n<p style=\"text-align: justify;\"><span style=\"color: #0000ff;\">Em ordem de magnitude, as taxas negativas foram: equipamentos e material para escrit\u00f3rio, inform\u00e1tica e comunica\u00e7\u00e3o (-6,7%); tecidos, vestu\u00e1rio e cal\u00e7ados (-3,4%); livros, jornais, revistas e papelaria (-3,1%); combust\u00edveis e lubrificantes (-2,9%); artigos farmac\u00eauticos, m\u00e9dicos, ortop\u00e9dicos, de perfumaria e cosm\u00e9ticos (-0,5%); outros artigos de uso pessoal e dom\u00e9stico (-0,4%); hipermercados, supermercados, produtos aliment\u00edcios, bebidas e fumo (-0,3%).<\/span><\/p>\n<p style=\"text-align: justify;\"><span style=\"color: #0000ff;\">Por outro lado, pressionando positivamente, encontra-se o setor de m\u00f3veis e eletrodom\u00e9sticos que, com avan\u00e7o de 1,7%, permaneceu em crescimento pelo quarto m\u00eas seguido nesse tipo de compara\u00e7\u00e3o.<\/span><\/p>\n<p style=\"text-align: justify;\"><span style=\"color: #0000ff;\">O\u00a0com\u00e9rcio varejista ampliado, ao mostrar varia\u00e7\u00e3o positiva de 0,1%, registrou a terceira taxa positiva consecutiva em rela\u00e7\u00e3o ao m\u00eas imediatamente anterior, influenciado, tanto pelo avan\u00e7o de 2,8% em ve\u00edculos e motos, partes e pe\u00e7as, quanto pelo aumento de 1,8% nas vendas de material de constru\u00e7\u00e3o.<\/span><\/p>\n<table width=\"857\">\n<tbody>\n<tr>\n<td colspan=\"9\" width=\"817\"><span style=\"color: #0000ff;\">BRASIL &#8211; INDICADORES DO VOLUME DE VENDAS DO COM\u00c9RCIO VAREJISTA E COM\u00c9RCIO VAREJISTA AMPLIADO, SEGUNDO GRUPOS DE ATIVIDADES: PMC &#8211; Agosto 2017<\/span><\/td>\n<\/tr>\n<tr>\n<td rowspan=\"3\" width=\"361\"><span style=\"color: #0000ff;\">ATIVIDADES<\/span><\/td>\n<td colspan=\"3\" width=\"164\"><span style=\"color: #0000ff;\">M\u00caS\/M\u00caS\u00a0<\/span><br \/>\n<span style=\"color: #0000ff;\">ANTERIOR (1)<\/span><\/td>\n<td colspan=\"3\" width=\"179\"><span style=\"color: #0000ff;\">M\u00caS\/IGUAL M\u00caS DO ANO ANTERIOR<\/span><\/td>\n<td colspan=\"2\" width=\"113\"><span style=\"color: #0000ff;\">ACUMULADO\u00a0<\/span><\/td>\n<\/tr>\n<tr>\n<td colspan=\"3\" width=\"164\"><span style=\"color: #0000ff;\">Taxa de\u00a0<\/span><br \/>\n<span style=\"color: #0000ff;\">Varia\u00e7\u00e3o (%)<\/span><\/td>\n<td colspan=\"3\" width=\"179\"><span style=\"color: #0000ff;\">Taxa de Varia\u00e7\u00e3o (%)<\/span><\/td>\n<td colspan=\"2\" width=\"113\"><span style=\"color: #0000ff;\">Taxa de Varia\u00e7\u00e3o (%)<\/span><\/td>\n<\/tr>\n<tr>\n<td width=\"53\"><span style=\"color: #0000ff;\">JUN<\/span><\/td>\n<td width=\"54\"><span style=\"color: #0000ff;\">JUL<\/span><\/td>\n<td width=\"57\"><span style=\"color: #0000ff;\">AGO<\/span><\/td>\n<td width=\"60\"><span style=\"color: #0000ff;\">JUN<\/span><\/td>\n<td width=\"63\"><span style=\"color: #0000ff;\">JUL<\/span><\/td>\n<td width=\"56\"><span style=\"color: #0000ff;\">AGO<\/span><\/td>\n<td width=\"61\"><span style=\"color: #0000ff;\">NO ANO<\/span><\/td>\n<td width=\"52\"><span style=\"color: #0000ff;\">12 MESES\u00a0<\/span><\/td>\n<\/tr>\n<tr>\n<td width=\"361\"><span style=\"color: #0000ff;\">COM\u00c9RCIO VAREJISTA (2)<\/span><\/td>\n<td width=\"53\"><span style=\"color: #0000ff;\">0,8<\/span><\/td>\n<td width=\"54\"><span style=\"color: #0000ff;\">0,0<\/span><\/td>\n<td width=\"57\"><span style=\"color: #0000ff;\">-0,5<\/span><\/td>\n<td width=\"60\"><span style=\"color: #0000ff;\">2,9<\/span><\/td>\n<td width=\"63\"><span style=\"color: #0000ff;\">3,1<\/span><\/td>\n<td width=\"56\"><span style=\"color: #0000ff;\">3,6<\/span><\/td>\n<td width=\"61\"><span style=\"color: #0000ff;\">0,7<\/span><\/td>\n<td width=\"52\"><span style=\"color: #0000ff;\">-1,6\u00a0<\/span><\/td>\n<\/tr>\n<tr>\n<td width=\"361\"><span style=\"color: #0000ff;\">1 &#8211; Combust\u00edveis e lubrificantes<\/span><\/td>\n<td width=\"53\"><span style=\"color: #0000ff;\">1,4<\/span><\/td>\n<td width=\"54\"><span style=\"color: #0000ff;\">-2,1<\/span><\/td>\n<td width=\"57\"><span style=\"color: #0000ff;\">-2,9<\/span><\/td>\n<td width=\"60\"><span style=\"color: #0000ff;\">0,1<\/span><\/td>\n<td width=\"63\"><span style=\"color: #0000ff;\">-0,9<\/span><\/td>\n<td width=\"56\"><span style=\"color: #0000ff;\">-2,9<\/span><\/td>\n<td width=\"61\"><span style=\"color: #0000ff;\">-3,1<\/span><\/td>\n<td width=\"52\"><span style=\"color: #0000ff;\">-4,8\u00a0<\/span><\/td>\n<\/tr>\n<tr>\n<td width=\"361\"><span style=\"color: #0000ff;\">2 &#8211; Hiper, supermercados, prods. aliment\u00edcios, bebidas e fumo<\/span><\/td>\n<td width=\"53\"><span style=\"color: #0000ff;\">-0,3<\/span><\/td>\n<td width=\"54\"><span style=\"color: #0000ff;\">0,7<\/span><\/td>\n<td width=\"57\"><span style=\"color: #0000ff;\">-0,3<\/span><\/td>\n<td width=\"60\"><span style=\"color: #0000ff;\">0,8<\/span><\/td>\n<td width=\"63\"><span style=\"color: #0000ff;\">0,3<\/span><\/td>\n<td width=\"56\"><span style=\"color: #0000ff;\">1,7<\/span><\/td>\n<td width=\"61\"><span style=\"color: #0000ff;\">-0,2<\/span><\/td>\n<td width=\"52\"><span style=\"color: #0000ff;\">-1,3\u00a0<\/span><\/td>\n<\/tr>\n<tr>\n<td width=\"361\"><span style=\"color: #0000ff;\">2.1 &#8211; Super e hipermercados<\/span><\/td>\n<td width=\"53\"><span style=\"color: #0000ff;\">-0,1<\/span><\/td>\n<td width=\"54\"><span style=\"color: #0000ff;\">0,1<\/span><\/td>\n<td width=\"57\"><span style=\"color: #0000ff;\">-0,3<\/span><\/td>\n<td width=\"60\"><span style=\"color: #0000ff;\">2,1<\/span><\/td>\n<td width=\"63\"><span style=\"color: #0000ff;\">0,2<\/span><\/td>\n<td width=\"56\"><span style=\"color: #0000ff;\">1,4<\/span><\/td>\n<td width=\"61\"><span style=\"color: #0000ff;\">-0,1<\/span><\/td>\n<td width=\"52\"><span style=\"color: #0000ff;\">-1,3\u00a0<\/span><\/td>\n<\/tr>\n<tr>\n<td width=\"361\"><span style=\"color: #0000ff;\">3 &#8211; Tecidos, vest. e cal\u00e7ados<\/span><\/td>\n<td width=\"53\"><span style=\"color: #0000ff;\">5,8<\/span><\/td>\n<td width=\"54\"><span style=\"color: #0000ff;\">0,1<\/span><\/td>\n<td width=\"57\"><span style=\"color: #0000ff;\">-3,4<\/span><\/td>\n<td width=\"60\"><span style=\"color: #0000ff;\">4,2<\/span><\/td>\n<td width=\"63\"><span style=\"color: #0000ff;\">15,0<\/span><\/td>\n<td width=\"56\"><span style=\"color: #0000ff;\">9,0<\/span><\/td>\n<td width=\"61\"><span style=\"color: #0000ff;\">7,3<\/span><\/td>\n<td width=\"52\"><span style=\"color: #0000ff;\">0,3\u00a0<\/span><\/td>\n<\/tr>\n<tr>\n<td width=\"361\"><span style=\"color: #0000ff;\">4 &#8211; M\u00f3veis e eletrodom\u00e9sticos<\/span><\/td>\n<td width=\"53\"><span style=\"color: #0000ff;\">2,1<\/span><\/td>\n<td width=\"54\"><span style=\"color: #0000ff;\">0,4<\/span><\/td>\n<td width=\"57\"><span style=\"color: #0000ff;\">1,7<\/span><\/td>\n<td width=\"60\"><span style=\"color: #0000ff;\">12,2<\/span><\/td>\n<td width=\"63\"><span style=\"color: #0000ff;\">12,9<\/span><\/td>\n<td width=\"56\"><span style=\"color: #0000ff;\">16,5<\/span><\/td>\n<td width=\"61\"><span style=\"color: #0000ff;\">8,0<\/span><\/td>\n<td width=\"52\"><span style=\"color: #0000ff;\">0,8\u00a0<\/span><\/td>\n<\/tr>\n<tr>\n<td width=\"361\"><span style=\"color: #0000ff;\">4.1 &#8211; M\u00f3veis<\/span><\/td>\n<td width=\"53\"><span style=\"color: #0000ff;\">&#8211;<\/span><\/td>\n<td width=\"54\"><span style=\"color: #0000ff;\">&#8211;<\/span><\/td>\n<td width=\"57\"><span style=\"color: #0000ff;\">&#8211;<\/span><\/td>\n<td width=\"60\"><span style=\"color: #0000ff;\">-0,3<\/span><\/td>\n<td width=\"63\"><span style=\"color: #0000ff;\">6,1<\/span><\/td>\n<td width=\"56\"><span style=\"color: #0000ff;\">11,4<\/span><\/td>\n<td width=\"61\"><span style=\"color: #0000ff;\">-7,7<\/span><\/td>\n<td width=\"52\"><span style=\"color: #0000ff;\">-8,8\u00a0<\/span><\/td>\n<\/tr>\n<tr>\n<td width=\"361\"><span style=\"color: #0000ff;\">4.2 &#8211; Eletrodom\u00e9sticos<\/span><\/td>\n<td width=\"53\"><span style=\"color: #0000ff;\">&#8211;<\/span><\/td>\n<td width=\"54\"><span style=\"color: #0000ff;\">&#8211;<\/span><\/td>\n<td width=\"57\"><span style=\"color: #0000ff;\">&#8211;<\/span><\/td>\n<td width=\"60\"><span style=\"color: #0000ff;\">17,1<\/span><\/td>\n<td width=\"63\"><span style=\"color: #0000ff;\">15,1<\/span><\/td>\n<td width=\"56\"><span style=\"color: #0000ff;\">18,0<\/span><\/td>\n<td width=\"61\"><span style=\"color: #0000ff;\">8,6<\/span><\/td>\n<td width=\"52\"><span style=\"color: #0000ff;\">1,1\u00a0<\/span><\/td>\n<\/tr>\n<tr>\n<td width=\"361\"><span style=\"color: #0000ff;\">5 &#8211; Artigos farmaceuticos, med., ortop. e de perfumaria<\/span><\/td>\n<td width=\"53\"><span style=\"color: #0000ff;\">1,3<\/span><\/td>\n<td width=\"54\"><span style=\"color: #0000ff;\">-0,7<\/span><\/td>\n<td width=\"57\"><span style=\"color: #0000ff;\">-0,5<\/span><\/td>\n<td width=\"60\"><span style=\"color: #0000ff;\">2,7<\/span><\/td>\n<td width=\"63\"><span style=\"color: #0000ff;\">2,2<\/span><\/td>\n<td width=\"56\"><span style=\"color: #0000ff;\">4,4<\/span><\/td>\n<td width=\"61\"><span style=\"color: #0000ff;\">0,2<\/span><\/td>\n<td width=\"52\"><span style=\"color: #0000ff;\">-1,5\u00a0<\/span><\/td>\n<\/tr>\n<tr>\n<td width=\"361\"><span style=\"color: #0000ff;\">6 &#8211; Livros, jornais, rev. e papelaria<\/span><\/td>\n<td width=\"53\"><span style=\"color: #0000ff;\">4,5<\/span><\/td>\n<td width=\"54\"><span style=\"color: #0000ff;\">-0,1<\/span><\/td>\n<td width=\"57\"><span style=\"color: #0000ff;\">-3,1<\/span><\/td>\n<td width=\"60\"><span style=\"color: #0000ff;\">0,7<\/span><\/td>\n<td width=\"63\"><span style=\"color: #0000ff;\">0,2<\/span><\/td>\n<td width=\"56\"><span style=\"color: #0000ff;\">-4,4<\/span><\/td>\n<td width=\"61\"><span style=\"color: #0000ff;\">-3,4<\/span><\/td>\n<td width=\"52\"><span style=\"color: #0000ff;\">-7,3\u00a0<\/span><\/td>\n<\/tr>\n<tr>\n<td width=\"361\"><span style=\"color: #0000ff;\">7 &#8211; Equip. e mat. para escrit\u00f3rio, informatica e comunica\u00e7\u00e3o<\/span><\/td>\n<td width=\"53\"><span style=\"color: #0000ff;\">-2,4<\/span><\/td>\n<td width=\"54\"><span style=\"color: #0000ff;\">3,8<\/span><\/td>\n<td width=\"57\"><span style=\"color: #0000ff;\">-6,7<\/span><\/td>\n<td width=\"60\"><span style=\"color: #0000ff;\">5,1<\/span><\/td>\n<td width=\"63\"><span style=\"color: #0000ff;\">11,3<\/span><\/td>\n<td width=\"56\"><span style=\"color: #0000ff;\">1,0<\/span><\/td>\n<td width=\"61\"><span style=\"color: #0000ff;\">-0,4<\/span><\/td>\n<td width=\"52\"><span style=\"color: #0000ff;\">-2,8\u00a0<\/span><\/td>\n<\/tr>\n<tr>\n<td width=\"361\"><span style=\"color: #0000ff;\">8 &#8211; Outros arts. de uso pessoal e dom\u00e9stico<\/span><\/td>\n<td width=\"53\"><span style=\"color: #0000ff;\">2,7<\/span><\/td>\n<td width=\"54\"><span style=\"color: #0000ff;\">-0,1<\/span><\/td>\n<td width=\"57\"><span style=\"color: #0000ff;\">-0,4<\/span><\/td>\n<td width=\"60\"><span style=\"color: #0000ff;\">4,4<\/span><\/td>\n<td width=\"63\"><span style=\"color: #0000ff;\">4,1<\/span><\/td>\n<td width=\"56\"><span style=\"color: #0000ff;\">6,1<\/span><\/td>\n<td width=\"61\"><span style=\"color: #0000ff;\">0,6<\/span><\/td>\n<td width=\"52\"><span style=\"color: #0000ff;\">-1,7\u00a0<\/span><\/td>\n<\/tr>\n<tr>\n<td width=\"361\"><span style=\"color: #0000ff;\">COM\u00c9RCIO VAREJISTA AMPLIADO (3)<\/span><\/td>\n<td width=\"53\"><span style=\"color: #0000ff;\">2,5<\/span><\/td>\n<td width=\"54\"><span style=\"color: #0000ff;\">0,1<\/span><\/td>\n<td width=\"57\"><span style=\"color: #0000ff;\">0,1<\/span><\/td>\n<td width=\"60\"><span style=\"color: #0000ff;\">4,4<\/span><\/td>\n<td width=\"63\"><span style=\"color: #0000ff;\">5,6<\/span><\/td>\n<td width=\"56\"><span style=\"color: #0000ff;\">7,6<\/span><\/td>\n<td width=\"61\"><span style=\"color: #0000ff;\">1,9<\/span><\/td>\n<td width=\"52\"><span style=\"color: #0000ff;\">-1,6\u00a0<\/span><\/td>\n<\/tr>\n<tr>\n<td width=\"361\"><span style=\"color: #0000ff;\">9 &#8211; Ve\u00edculos e motos, partes e pe\u00e7as<\/span><\/td>\n<td width=\"53\"><span style=\"color: #0000ff;\">4,4<\/span><\/td>\n<td width=\"54\"><span style=\"color: #0000ff;\">-0,7<\/span><\/td>\n<td width=\"57\"><span style=\"color: #0000ff;\">2,8<\/span><\/td>\n<td width=\"60\"><span style=\"color: #0000ff;\">3,8<\/span><\/td>\n<td width=\"63\"><span style=\"color: #0000ff;\">6,2<\/span><\/td>\n<td width=\"56\"><span style=\"color: #0000ff;\">13,8<\/span><\/td>\n<td width=\"61\"><span style=\"color: #0000ff;\">-0,8<\/span><\/td>\n<td width=\"52\"><span style=\"color: #0000ff;\">-5,1\u00a0<\/span><\/td>\n<\/tr>\n<tr>\n<td width=\"361\"><span style=\"color: #0000ff;\">10- Material de constru\u00e7\u00e3o<\/span><\/td>\n<td width=\"53\"><span style=\"color: #0000ff;\">1,4<\/span><\/td>\n<td width=\"54\"><span style=\"color: #0000ff;\">1,0<\/span><\/td>\n<td width=\"57\"><span style=\"color: #0000ff;\">1,8<\/span><\/td>\n<td width=\"60\"><span style=\"color: #0000ff;\">6,7<\/span><\/td>\n<td width=\"63\"><span style=\"color: #0000ff;\">11,0<\/span><\/td>\n<td width=\"56\"><span style=\"color: #0000ff;\">12,6<\/span><\/td>\n<td width=\"61\"><span style=\"color: #0000ff;\">6,5<\/span><\/td>\n<td width=\"52\"><span style=\"color: #0000ff;\">1,5\u00a0<\/span><\/td>\n<\/tr>\n<tr>\n<td colspan=\"9\" width=\"817\"><span style=\"color: #0000ff;\">Fonte:\u00a0IBGE, Diretoria de Pesquisas, Coordena\u00e7\u00e3o de Servi\u00e7os e Com\u00e9rcio.<\/span><br \/>\n<span style=\"color: #0000ff;\">(1) S\u00e9ries com ajuste sazonal. (2) O indicador do com\u00e9rcio varejista \u00e9 composto pelos resultados das atividades numeradas de 1 a 8. (3) O indicador do com\u00e9rcio varejista ampliado \u00e9 composto pelos resultados das atividades numeradas de 1 a 10<\/span><\/td>\n<\/tr>\n<\/tbody>\n<\/table>\n<p style=\"text-align: justify;\"><span style=\"color: #0000ff;\">Na compara\u00e7\u00e3o com agosto de 2016, o volume de vendas no varejo avan\u00e7ou 3,6%, com seis das oito atividades investigadas registrando taxas positivas. Os destaques foram observados em m\u00f3veis e eletrodom\u00e9sticos (16,5%), seguido por hipermercados, supermercados, produtos aliment\u00edcios, bebidas e fumo (1,7%) que exerceram, nessa ordem, as principais contribui\u00e7\u00f5es para o resultado global. Ainda com taxas positivas relevantes figuram tecidos, vestu\u00e1rio e cal\u00e7ados, com avan\u00e7o de 9,0%, e outros artigos de uso pessoal e dom\u00e9stico (6,1%), ambos ocupando a terceira maior participa\u00e7\u00e3o na taxa global.<\/span><\/p>\n<p style=\"text-align: justify;\"><span style=\"color: #0000ff;\">As demais taxas positivas foram registradas nos setores de artigos farmac\u00eauticos, m\u00e9dicos, ortop\u00e9dicos e de perfumaria (4,4%) e equipamentos e materiais para escrit\u00f3rio, inform\u00e1tica e comunica\u00e7\u00e3o (1,0%). Por outro lado, combust\u00edveis e lubrificantes (-2,9%) e livros, jornais, revistas e papelaria (-4,4%) reduziram o volume de vendas comparado a agosto de 2016, pressionando negativamente o resultado global do varejo.<\/span><\/p>\n<p style=\"text-align: justify;\"><span style=\"color: #0000ff;\">A atividade de\u00a0m\u00f3veis e eletrodom\u00e9sticos\u00a0respondeu pela principal participa\u00e7\u00e3o positiva no total do varejo, com crescimento de 16,5% no volume de vendas em rela\u00e7\u00e3o a agosto do ano passado, quarta taxa positiva consecutiva nessa compara\u00e7\u00e3o. Em termos acumulados, os resultados foram de 8,0% de janeiro a agosto de 2017 e 0,8% nos \u00faltimos 12 meses. Al\u00e9m da influ\u00eancia de uma base deprimida de compara\u00e7\u00e3o, o comportamento positivo do setor vem sendo influenciado pela redu\u00e7\u00e3o da taxa m\u00e9dia de juros no cr\u00e9dito \u00e0s pessoas f\u00edsicas e pela manuten\u00e7\u00e3o da massa de rendimento real circulante na economia.<\/span><\/p>\n<table width=\"857\">\n<tbody>\n<tr>\n<td colspan=\"5\" width=\"839\"><span style=\"color: #0000ff;\">BRASIL &#8211; COMPOSI\u00c7\u00c3O DA TAXA MENSAL DO COM\u00c9RCIO VAREJISTA,\u00a0<\/span><br \/>\n<span style=\"color: #0000ff;\">POR ATIVIDADES: PMC &#8211; Agosto 2017 (Indicadores de volume de vendas)\u00a0<\/span><\/td>\n<\/tr>\n<tr>\n<td rowspan=\"2\" width=\"343\"><span style=\"color: #0000ff;\">Atividades<\/span><\/td>\n<td colspan=\"2\" width=\"237\"><span style=\"color: #0000ff;\">COM\u00c9RCIO VAREJISTA<\/span><\/td>\n<td colspan=\"2\" width=\"259\"><span style=\"color: #0000ff;\">COM\u00c9RCIO VAREJISTA AMPLIADO<\/span><\/td>\n<\/tr>\n<tr>\n<td width=\"119\"><span style=\"color: #0000ff;\">Taxa de varia\u00e7\u00e3o (%)<\/span><\/td>\n<td width=\"118\"><span style=\"color: #0000ff;\">Composi\u00e7\u00e3o absoluta da taxa (p.p.)<\/span><\/td>\n<td width=\"137\"><span style=\"color: #0000ff;\">Taxa de varia\u00e7\u00e3o (%)<\/span><\/td>\n<td width=\"122\"><span style=\"color: #0000ff;\">Composi\u00e7\u00e3o absoluta da taxa (p.p.)<\/span><\/td>\n<\/tr>\n<tr>\n<td width=\"343\"><span style=\"color: #0000ff;\">Taxa Global<\/span><\/td>\n<td width=\"119\"><span style=\"color: #0000ff;\">3,6<\/span><\/td>\n<td width=\"118\"><span style=\"color: #0000ff;\">3,6<\/span><\/td>\n<td width=\"137\"><span style=\"color: #0000ff;\">7,6<\/span><\/td>\n<td width=\"122\"><span style=\"color: #0000ff;\">7,6\u00a0<\/span><\/td>\n<\/tr>\n<tr>\n<td width=\"343\"><span style=\"color: #0000ff;\">1 &#8211; Combust\u00edveis e lubrificantes<\/span><\/td>\n<td width=\"119\"><span style=\"color: #0000ff;\">-2,9<\/span><\/td>\n<td width=\"118\"><span style=\"color: #0000ff;\">-0,4<\/span><\/td>\n<td width=\"137\"><span style=\"color: #0000ff;\">-2,9<\/span><\/td>\n<td width=\"122\"><span style=\"color: #0000ff;\">-0,2\u00a0<\/span><\/td>\n<\/tr>\n<tr>\n<td width=\"343\"><span style=\"color: #0000ff;\">2 &#8211; Hiper, supermercados, prods. aliment\u00edcios, bebidas e fumo<\/span><\/td>\n<td width=\"119\"><span style=\"color: #0000ff;\">1,7<\/span><\/td>\n<td width=\"118\"><span style=\"color: #0000ff;\">0,8<\/span><\/td>\n<td width=\"137\"><span style=\"color: #0000ff;\">1,7<\/span><\/td>\n<td width=\"122\"><span style=\"color: #0000ff;\">0,7\u00a0<\/span><\/td>\n<\/tr>\n<tr>\n<td width=\"343\"><span style=\"color: #0000ff;\">3 &#8211; Tecidos, vest. e cal\u00e7ados<\/span><\/td>\n<td width=\"119\"><span style=\"color: #0000ff;\">9,0<\/span><\/td>\n<td width=\"118\"><span style=\"color: #0000ff;\">0,7<\/span><\/td>\n<td width=\"137\"><span style=\"color: #0000ff;\">9,0<\/span><\/td>\n<td width=\"122\"><span style=\"color: #0000ff;\">0,6\u00a0<\/span><\/td>\n<\/tr>\n<tr>\n<td width=\"343\"><span style=\"color: #0000ff;\">4 &#8211; M\u00f3veis e eletrodom\u00e9sticos<\/span><\/td>\n<td width=\"119\"><span style=\"color: #0000ff;\">16,5<\/span><\/td>\n<td width=\"118\"><span style=\"color: #0000ff;\">1,4<\/span><\/td>\n<td width=\"137\"><span style=\"color: #0000ff;\">16,5<\/span><\/td>\n<td width=\"122\"><span style=\"color: #0000ff;\">1,1\u00a0<\/span><\/td>\n<\/tr>\n<tr>\n<td width=\"343\"><span style=\"color: #0000ff;\">5 &#8211; Artigos farmaceuticos, med., ortop. e de perfumaria<\/span><\/td>\n<td width=\"119\"><span style=\"color: #0000ff;\">4,4<\/span><\/td>\n<td width=\"118\"><span style=\"color: #0000ff;\">0,4<\/span><\/td>\n<td width=\"137\"><span style=\"color: #0000ff;\">4,4<\/span><\/td>\n<td width=\"122\"><span style=\"color: #0000ff;\">0,4\u00a0<\/span><\/td>\n<\/tr>\n<tr>\n<td width=\"343\"><span style=\"color: #0000ff;\">6 &#8211; Livros, jornais, rev. e papelaria<\/span><\/td>\n<td width=\"119\"><span style=\"color: #0000ff;\">-4,4<\/span><\/td>\n<td width=\"118\"><span style=\"color: #0000ff;\">0,0<\/span><\/td>\n<td width=\"137\"><span style=\"color: #0000ff;\">-4,4<\/span><\/td>\n<td width=\"122\"><span style=\"color: #0000ff;\">0,0\u00a0<\/span><\/td>\n<\/tr>\n<tr>\n<td width=\"343\"><span style=\"color: #0000ff;\">7 &#8211; Equip. e mat. para escrit\u00f3rio informatica e comunica\u00e7\u00e3o<\/span><\/td>\n<td width=\"119\"><span style=\"color: #0000ff;\">1,0<\/span><\/td>\n<td width=\"118\"><span style=\"color: #0000ff;\">0,0<\/span><\/td>\n<td width=\"137\"><span style=\"color: #0000ff;\">1,0<\/span><\/td>\n<td width=\"122\"><span style=\"color: #0000ff;\">0,1\u00a0<\/span><\/td>\n<\/tr>\n<tr>\n<td width=\"343\"><span style=\"color: #0000ff;\">8 &#8211; Outros arts. de uso pessoal e dom\u00e9stico<\/span><\/td>\n<td width=\"119\"><span style=\"color: #0000ff;\">6,1<\/span><\/td>\n<td width=\"118\"><span style=\"color: #0000ff;\">0,7<\/span><\/td>\n<td width=\"137\"><span style=\"color: #0000ff;\">6,1<\/span><\/td>\n<td width=\"122\"><span style=\"color: #0000ff;\">0,6\u00a0<\/span><\/td>\n<\/tr>\n<tr>\n<td width=\"343\"><span style=\"color: #0000ff;\">9 &#8211; Ve\u00edculos e motos, partes e pe\u00e7as<\/span><\/td>\n<td width=\"119\"><span style=\"color: #0000ff;\">\u00a0<\/span><\/td>\n<td width=\"118\"><span style=\"color: #0000ff;\">\u00a0<\/span><\/td>\n<td width=\"137\"><span style=\"color: #0000ff;\">13,8<\/span><\/td>\n<td width=\"122\"><span style=\"color: #0000ff;\">3,0\u00a0<\/span><\/td>\n<\/tr>\n<tr>\n<td width=\"343\"><span style=\"color: #0000ff;\">10- Material de constru\u00e7\u00e3o<\/span><\/td>\n<td width=\"119\"><span style=\"color: #0000ff;\">\u00a0<\/span><\/td>\n<td width=\"118\"><span style=\"color: #0000ff;\">\u00a0<\/span><\/td>\n<td width=\"137\"><span style=\"color: #0000ff;\">12,6<\/span><\/td>\n<td width=\"122\"><span style=\"color: #0000ff;\">1,3\u00a0<\/span><\/td>\n<\/tr>\n<tr>\n<td colspan=\"5\" width=\"839\"><span style=\"color: #0000ff;\">Fonte:\u00a0IBGE, Diretoria de Pesquisas, Coordena\u00e7\u00e3o de Servi\u00e7os e Com\u00e9rcio.<\/span><br \/>\n<span style=\"color: #0000ff;\">Nota:\u00a0A composi\u00e7\u00e3o da taxa mensal corresponde \u00e0 participa\u00e7\u00e3o dos resultados setoriais na forma\u00e7\u00e3o da taxa global.<\/span><\/td>\n<\/tr>\n<\/tbody>\n<\/table>\n<p style=\"text-align: justify;\"><span style=\"color: #0000ff;\">O setor de hipermercados, supermercados, produtos aliment\u00edcios, bebidas e fumo, com avan\u00e7o de 1,7% no volume de vendas sobre agosto de 2016, exerceu o segundo maior impacto positivo na forma\u00e7\u00e3o da taxa global do varejo. Este \u00e9 o quinto avan\u00e7o consecutivo nessa compara\u00e7\u00e3o, confirmando a trajet\u00f3ria ascendente do segmento. A atividade teve seu desempenho influenciado pela manuten\u00e7\u00e3o da renda real das pessoas ocupadas e pela descompress\u00e3o dos pre\u00e7os dos alimentos em domic\u00edlio, segundo IPCA. Entretanto, o indicador acumulado de janeiro a agosto de 2017 ainda registra varia\u00e7\u00e3o negativa (-0,2%) e o indicador acumulado nos \u00faltimos 12 meses, perda de 1,3%.<\/span><\/p>\n<p style=\"text-align: justify;\"><span style=\"color: #0000ff;\">O segmento de tecidos, vestu\u00e1rio e cal\u00e7ados, com varia\u00e7\u00e3o de 9,0% no volume de vendas em compara\u00e7\u00e3o com agosto de 2016, representou a terceira contribui\u00e7\u00e3o positiva \u00e0 taxa global do varejo. Em rela\u00e7\u00e3o \u00e0s taxas acumuladas, os resultados foram de 7,3% de janeiro a agosto de 2017 e de 0,3% nos \u00faltimos 12 meses. O setor apresentou desempenho acima da m\u00e9dia geral, influenciado pela base baixa de compara\u00e7\u00e3o, al\u00e9m da manuten\u00e7\u00e3o da massa de rendimento real habitualmente recebida.<\/span><\/p>\n<p style=\"text-align: justify;\"><span style=\"color: #0000ff;\">A atividade de outros artigos de uso pessoal e dom\u00e9stico, que engloba segmentos como lojas de departamentos, \u00f3tica, joalheria, artigos esportivos, brinquedos etc., foi tamb\u00e9m o terceiro segmento com maior influ\u00eancia positiva na forma\u00e7\u00e3o da taxa do varejo, com crescimento de 6,1% no volume de vendas em rela\u00e7\u00e3o ao mesmo per\u00edodo de 2016, quinto resultado positivo consecutivo. J\u00e1 em termos acumulados, as taxas foram: 0,6% em 2017 e -1,7% nos \u00faltimos 12 meses.<\/span><\/p>\n<p style=\"text-align: justify;\"><span style=\"color: #0000ff;\">O setor de artigos farmac\u00eauticos, m\u00e9dicos, ortop\u00e9dicos e de perfumaria registrou avan\u00e7o de 4,4% no volume de vendas em rela\u00e7\u00e3o a agosto de 2016, acumulando taxas de 0,2% no ano e de -1,5% nos \u00faltimos 12 meses. O comportamento elevado dos pre\u00e7os de produtos farmac\u00eauticos conteve o desempenho da atividade, mesmo considerando a essencialidade dos produtos comercializados.<\/span><\/p>\n<p style=\"text-align: justify;\"><span style=\"color: #0000ff;\">O segmento de equipamentos e materiais para escrit\u00f3rio, inform\u00e1tica e comunica\u00e7\u00e3o apresentou varia\u00e7\u00e3o de 1,0% sobre igual m\u00eas do ano anterior, quinto aumento consecutivo. Para per\u00edodos mais longos, as taxas foram: -0,4% acumulado de janeiro a agosto de 2017 e -2,8% nos \u00faltimos 12 meses.<\/span><\/p>\n<p style=\"text-align: justify;\"><span style=\"color: #0000ff;\">A atividade de combust\u00edveis e lubrificantes, com varia\u00e7\u00e3o de -2,9% no volume de vendas em rela\u00e7\u00e3o a agosto de 2016, representou a maior press\u00e3o negativa no resultado total do varejo. J\u00e1 as taxas acumuladas foram de -3,1% em 2017 e, nos \u00faltimos 12 meses, de -4,8%.<\/span><\/p>\n<p style=\"text-align: justify;\"><span style=\"color: #0000ff;\">A atividade de livros, jornais, revistas e papelaria, com queda de 4,4% no volume de vendas sobre agosto de 2016, voltou a registrar recuo nas vendas nessa compara\u00e7\u00e3o. Em termos de taxas acumuladas, em 2017 e nos \u00faltimos 12 meses, as varia\u00e7\u00f5es foram de -3,4% e -7,3%, respectivamente.<\/span><\/p>\n<p style=\"text-align: justify;\"><span style=\"color: #0000ff;\">Em agosto de 2016, o com\u00e9rcio varejista ampliado registrou avan\u00e7o de 7,6% comparado com o mesmo m\u00eas do ano anterior, desempenho influenciado pelo comportamento das vendas de ve\u00edculos, motos, partes e pe\u00e7as, que apresentaram crescimento de 13,8%, e do avan\u00e7o de 12,6% em material de constru\u00e7\u00e3o. No entanto, os resultados acumulados para ve\u00edculos, motos, partes e pe\u00e7as mostram taxas negativas no acumulado em 2017 (-0.8%) e no acumulado em 12 meses (-5,1%), enquanto em material de constru\u00e7\u00e3o as taxas acumuladas s\u00e3o positivas: 6,5% no acumulado no ano e 1,5% no acumulado em 12 meses.<\/span><\/p>\n<p style=\"text-align: justify;\"><span style=\"color: #0000ff;\">Entre julho e agosto, vendas caem em 17 das 27 unidades da federa\u00e7\u00e3o\u00a0<\/span><\/p>\n<p style=\"text-align: justify;\"><span style=\"color: #0000ff;\">No com\u00e9rcio varejista, 17 das 27 unidades da federa\u00e7\u00e3o apresentaram varia\u00e7\u00f5es negativas no volume de vendas, em rela\u00e7\u00e3o ao m\u00eas imediatamente anterior, na s\u00e9rie com ajuste sazonal. Os destaques, em termos de magnitude de queda, foram Amazonas (-3,2%) e S\u00e3o Paulo (-1,7%). Por outro lado, Tocantins (5,5%); Rond\u00f4nia (3,9%) e Roraima (2,6%) mostraram avan\u00e7o nas vendas frente a julho de 2017.<\/span><\/p>\n<p style=\"text-align: justify;\"><span style=\"color: #0000ff;\">Na compara\u00e7\u00e3o com agosto de 2016, o crescimento do volume de vendas no varejo teve perfil disseminado, que alcan\u00e7ou 21 unidades da federa\u00e7\u00e3o. Os destaques, em termos de magnitude de taxa, foram: Santa Catarina (16,4%); Acre (12,9%); e Rond\u00f4nia (12,8%). Quanto \u00e0 participa\u00e7\u00e3o na composi\u00e7\u00e3o da taxa do com\u00e9rcio varejista, destacaram-se com as principais influ\u00eancias: S\u00e3o Paulo (1,9%); Rio do Sul (8,9%); Paran\u00e1 (7,8%) e Santa Catarina (16,4%).<\/span><\/p>\n<p style=\"text-align: justify;\"><span style=\"color: #0000ff;\">Quanto ao com\u00e9rcio varejista ampliado, 24 unidades da federa\u00e7\u00e3o apresentaram varia\u00e7\u00f5es positivas para o volume de vendas na compara\u00e7\u00e3o com o mesmo per\u00edodo do ano anterior, com destaque, em termos de magnitude da taxa, para Santa Catarina (18,9%); Rio Grande do Sul (17,0%); Amazonas e Esp\u00edrito Santo (ambos com 15,8%). Entretanto, em termos de influ\u00eancia no resultado global, figuram: S\u00e3o Paulo (6,7%); Santa Catarina (18,9%) e Rio Grande do Sul (17,0%).<\/span><\/p>\n<p style=\"text-align: center;\"><span style=\"color: #ff0000;\">Arquivos oficiais do governo est\u00e3o dispon\u00edveis aos leitores.<\/span><\/p>\n<p style=\"text-align: justify;\"><span style=\"color: #0000ff;\">Ricardo Bergamini<\/span><\/p>\n<p style=\"text-align: justify;\"><span style=\"color: #0000ff;\">(48) 99636-7322<br \/>\n(48) 99976-6974<br \/>\n<a style=\"color: #0000ff;\" href=\"http:\/\/www.ricardobergamini.com.br\/\" target=\"_blank\" rel=\"noopener\" data-saferedirecturl=\"https:\/\/www.google.com\/url?hl=pt-PT&amp;q=http:\/\/www.ricardobergamini.com.br\/&amp;source=gmail&amp;ust=1509065321836000&amp;usg=AFQjCNHy_uZNCgaKw6tO63PklKElNYr1zQ\">ricardobergamini@ricardobergamini.com.br<br \/>\nwww.ricardobergamini.com.br<\/a><\/span><\/p>\n","protected":false},"excerpt":{"rendered":"<p>Pesquisa Mensal de Com\u00e9rcio \u2013 Fonte IBGE Base: Agosto de 2017 Vendas do varejo caem 0,5% entre julho e agosto Em agosto de 2017, o&#8230;<\/p>\n","protected":false},"author":18,"featured_media":1796,"comment_status":"open","ping_status":"open","sticky":false,"template":"","format":"standard","meta":[],"categories":[10],"tags":[],"_links":{"self":[{"href":"http:\/\/acaopolitica.com\/index.php\/wp-json\/wp\/v2\/posts\/2203"}],"collection":[{"href":"http:\/\/acaopolitica.com\/index.php\/wp-json\/wp\/v2\/posts"}],"about":[{"href":"http:\/\/acaopolitica.com\/index.php\/wp-json\/wp\/v2\/types\/post"}],"author":[{"embeddable":true,"href":"http:\/\/acaopolitica.com\/index.php\/wp-json\/wp\/v2\/users\/18"}],"replies":[{"embeddable":true,"href":"http:\/\/acaopolitica.com\/index.php\/wp-json\/wp\/v2\/comments?post=2203"}],"version-history":[{"count":1,"href":"http:\/\/acaopolitica.com\/index.php\/wp-json\/wp\/v2\/posts\/2203\/revisions"}],"predecessor-version":[{"id":2204,"href":"http:\/\/acaopolitica.com\/index.php\/wp-json\/wp\/v2\/posts\/2203\/revisions\/2204"}],"wp:featuredmedia":[{"embeddable":true,"href":"http:\/\/acaopolitica.com\/index.php\/wp-json\/wp\/v2\/media\/1796"}],"wp:attachment":[{"href":"http:\/\/acaopolitica.com\/index.php\/wp-json\/wp\/v2\/media?parent=2203"}],"wp:term":[{"taxonomy":"category","embeddable":true,"href":"http:\/\/acaopolitica.com\/index.php\/wp-json\/wp\/v2\/categories?post=2203"},{"taxonomy":"post_tag","embeddable":true,"href":"http:\/\/acaopolitica.com\/index.php\/wp-json\/wp\/v2\/tags?post=2203"}],"curies":[{"name":"wp","href":"https:\/\/api.w.org\/{rel}","templated":true}]}}