{"id":2205,"date":"2017-10-26T01:44:04","date_gmt":"2017-10-26T01:44:04","guid":{"rendered":"http:\/\/acaopolitica.com\/?p=2205"},"modified":"2017-12-13T02:07:02","modified_gmt":"2017-12-13T02:07:02","slug":"livrar-temer-das-algemas-vai-custar-muito-caro-ao-brasil","status":"publish","type":"post","link":"http:\/\/acaopolitica.com\/index.php\/2017\/10\/26\/livrar-temer-das-algemas-vai-custar-muito-caro-ao-brasil\/","title":{"rendered":"Livrar Temer das algemas vai custar muito caro ao Brasil"},"content":{"rendered":"<p style=\"text-align: justify;\"><span style=\"color: #0000ff;\">Brasil ser\u00e1 emergente com maior d\u00edvida em 2019<\/span><\/p>\n<p style=\"text-align: justify;\"><span style=\"color: #0000ff;\">Segundo proje\u00e7\u00e3o do FMI, d\u00edvida bruta do pa\u00eds chegar\u00e1 a 91,1% do PIB em dois anos<\/span><\/p>\n<p style=\"text-align: justify;\"><span style=\"color: #0000ff;\">11\/10\/2017 10:30\u00a0\/\u00a0atualizado\u00a011\/10\/2017 11:22<\/span><\/p>\n<p style=\"text-align: justify;\"><span style=\"color: #0000ff;\">Sede do FMI em Washignton\u00a0&#8211; \u00a9 Yuri Gripas \/ Reuters \/ \u00a9 Yuri Gripas \/ Reuters<\/span><\/p>\n<p style=\"text-align: justify;\"><span style=\"color: #0000ff;\">WASHINGTON &#8211; A situa\u00e7\u00e3o fiscal brasileira deve demorar para conseguir bons resultados e, assim, a d\u00edvida bruta do pa\u00eds passar\u00e1 a ser a maior entre 40 na\u00e7\u00f5es emergentes em 2019, segundo informou na manh\u00e3 desta quarta-feira o Fundo Monet\u00e1rio Internacional (FMI). De acordo com as proje\u00e7\u00f5es apresentadas no relat\u00f3rio \u201cMonitor Fiscal\u201d, a d\u00edvida bruta do pa\u00eds passar\u00e1 de 78,3% do PIB em 2016 para 96,9% do PIB em 2022.<\/span><\/p>\n<p style=\"text-align: justify;\"><span style=\"color: #0000ff;\">Em 2016, a d\u00edvida bruta do pa\u00eds era a quinta maior entre as na\u00e7\u00f5es emergentes, atr\u00e1s de Egito, Ucr\u00e2nia, Cro\u00e1cia e Sri Lanka. J\u00e1 em 2017 o pa\u00eds deve pular para o posto de terceiro mais endividado do grupo, atr\u00e1s de Egito e Ucr\u00e2nia, superando os ucranianos em 2018 e tomando a dianteira dos eg\u00edpcios em 2019. Neste ano, a d\u00edvida bruta estimada pelo FMI para o Brasil ser\u00e1 de 91,1%. A m\u00e9dia das na\u00e7\u00f5es emergentes neste ano estar\u00e1 em 51,7% e, entre os pa\u00edses latino-americanos, na m\u00e9dia, a d\u00edvida bruta estar\u00e1 em 64,3%.<\/span><\/p>\n<p style=\"text-align: justify;\"><span style=\"color: #0000ff;\">Vitor Gaspar, diretor do departamento de Assuntos Fiscais do FMI, afirmou que o Brasil precisa aproveitar o momento de recupera\u00e7\u00e3o depois de uma &#8220;longa e profunda&#8221; recess\u00e3o para arrumar suas contas, citando a reforma da previd\u00eancia como um &#8220;elemento crucial&#8221;:<\/span><\/p>\n<p style=\"text-align: justify;\"><span style=\"color: #0000ff;\">\u2014 Agora \u00e9 a hora de colocar as finan\u00e7as no caminho sustent\u00e1vel \u2014 afirmou.<\/span><\/p>\n<p style=\"text-align: justify;\"><span style=\"color: #0000ff;\">O Fundo estima que, mesmo com a aprova\u00e7\u00e3o da PEC do Teto dos Gastos no fim de 2016, as despesas do governo tendem a cair lentamente, do pico de 39,3% do PIB do ano passado para 36,8% do PIB em 2022. Assim, o super\u00e1vit prim\u00e1rio s\u00f3 voltar\u00e1 em 2021, segundo estimativas do FMI, quando o d\u00e9ficit prim\u00e1rio esperado de 2,5% do PIB deste ano vire um super\u00e1vit de 0,2% do PIB em 2021, chegando a 0,8% do PIB em 2022.<\/span><\/p>\n<p style=\"text-align: justify;\"><span style=\"color: #0000ff;\">Leia mais:\u00a0<a href=\"https:\/\/oglobo.globo.com\/economia\/brasil-sera-emergente-com-maior-divida-em-2019-21935196#ixzz4vIQqT3HB\" data-saferedirecturl=\"https:\/\/www.google.com\/url?hl=pt-PT&amp;q=https:\/\/oglobo.globo.com\/economia\/brasil-sera-emergente-com-maior-divida-em-2019-21935196%23ixzz4vIQqT3HB&amp;source=gmail&amp;ust=1509064942568000&amp;usg=AFQjCNFQBep8pINVZmTn-F4np9LBn8yK6A\">https:\/\/oglobo.globo.com\/economia\/brasil-sera-emergente-com-maior-divida-em-2019-21935196#ixzz4vIQqT3HB<\/a><\/span><\/p>\n<p style=\"text-align: justify;\"><span style=\"color: #0000ff;\">Ricardo Bergamini<\/span><\/p>\n<p style=\"text-align: justify;\"><span style=\"color: #0000ff;\">(48) 99636-7322<br \/>\n<\/span><span style=\"color: #0000ff;\">(48) 99976-6974<br \/>\n<\/span><span style=\"color: #0000ff;\"><a href=\"mailto:ricardobergamini@ricardobergamini.com.br\" target=\"_blank\" rel=\"noopener\">ricardobergamini@ricardobergamini.com.br<br \/>\n<\/a><\/span><span style=\"color: #0000ff;\"><a href=\"http:\/\/www.ricardobergamini.com.br\/\" target=\"_blank\" rel=\"noopener\" data-saferedirecturl=\"https:\/\/www.google.com\/url?hl=pt-PT&amp;q=http:\/\/www.ricardobergamini.com.br\/&amp;source=gmail&amp;ust=1509064942569000&amp;usg=AFQjCNH8nWmh2AyzYV-t_lVl4sePE7w1sA\">www.ricardobergamini.com.br<\/a><\/span><\/p>\n","protected":false},"excerpt":{"rendered":"<p>Brasil ser\u00e1 emergente com maior d\u00edvida em 2019 Segundo proje\u00e7\u00e3o do FMI, d\u00edvida bruta do pa\u00eds chegar\u00e1 a 91,1% do PIB em dois anos 11\/10\/2017&#8230;<\/p>\n","protected":false},"author":18,"featured_media":2206,"comment_status":"open","ping_status":"open","sticky":false,"template":"","format":"standard","meta":[],"categories":[2],"tags":[],"_links":{"self":[{"href":"http:\/\/acaopolitica.com\/index.php\/wp-json\/wp\/v2\/posts\/2205"}],"collection":[{"href":"http:\/\/acaopolitica.com\/index.php\/wp-json\/wp\/v2\/posts"}],"about":[{"href":"http:\/\/acaopolitica.com\/index.php\/wp-json\/wp\/v2\/types\/post"}],"author":[{"embeddable":true,"href":"http:\/\/acaopolitica.com\/index.php\/wp-json\/wp\/v2\/users\/18"}],"replies":[{"embeddable":true,"href":"http:\/\/acaopolitica.com\/index.php\/wp-json\/wp\/v2\/comments?post=2205"}],"version-history":[{"count":2,"href":"http:\/\/acaopolitica.com\/index.php\/wp-json\/wp\/v2\/posts\/2205\/revisions"}],"predecessor-version":[{"id":2208,"href":"http:\/\/acaopolitica.com\/index.php\/wp-json\/wp\/v2\/posts\/2205\/revisions\/2208"}],"wp:featuredmedia":[{"embeddable":true,"href":"http:\/\/acaopolitica.com\/index.php\/wp-json\/wp\/v2\/media\/2206"}],"wp:attachment":[{"href":"http:\/\/acaopolitica.com\/index.php\/wp-json\/wp\/v2\/media?parent=2205"}],"wp:term":[{"taxonomy":"category","embeddable":true,"href":"http:\/\/acaopolitica.com\/index.php\/wp-json\/wp\/v2\/categories?post=2205"},{"taxonomy":"post_tag","embeddable":true,"href":"http:\/\/acaopolitica.com\/index.php\/wp-json\/wp\/v2\/tags?post=2205"}],"curies":[{"name":"wp","href":"https:\/\/api.w.org\/{rel}","templated":true}]}}