{"id":2209,"date":"2017-10-27T21:20:04","date_gmt":"2017-10-27T21:20:04","guid":{"rendered":"http:\/\/acaopolitica.com\/?p=2209"},"modified":"2017-12-13T02:07:17","modified_gmt":"2017-12-13T02:07:17","slug":"os-falsos-milagres-de-crescimento-do-brasil","status":"publish","type":"post","link":"http:\/\/acaopolitica.com\/index.php\/2017\/10\/27\/os-falsos-milagres-de-crescimento-do-brasil\/","title":{"rendered":"Os falsos milagres de crescimento do Brasil"},"content":{"rendered":"<p style=\"text-align: justify;\"><span style=\"color: #0000ff;\"><u><a href=\"http:\/\/www.ricardobergamini.com.br\/\" target=\"_blank\" rel=\"noopener\" data-saferedirecturl=\"https:\/\/www.google.com\/url?hl=pt-PT&amp;q=http:\/\/www.ricardobergamini.com.br\/&amp;source=gmail&amp;ust=1509224749288000&amp;usg=AFQjCNEl0giyYwjYrLVTcHBREK2t0dLg1w\"><\/a><\/u><\/span><\/p>\n<p style=\"text-align: center;\"><span style=\"color: #0000ff;\">O PENSAMENTO DO PROFESSOR EUG\u00caNIO\u00a0GUDIN<\/span><\/p>\n<p style=\"text-align: center;\"><span style=\"color: #ff0000;\">Artigo publicado no jornal &#8220;O Globo&#8221; do Rio de Janeiro, edi\u00e7\u00e3o de 17\/09\/73<\/span><\/p>\n<p style=\"text-align: center;\"><span style=\"color: #0000ff;\">A DESORDEM MONET\u00c1RIA INTERNACIONAL<\/span><\/p>\n<p style=\"text-align: justify;\"><span style=\"color: #0000ff;\">O pecado original que deu lugar \u00e0 crise monet\u00e1ria internacional que ainda perdura foi, como se sabe, o de terem os Estados Unidos abusado do privil\u00e9gio de que gozava o d\u00f3lar, de ser tamb\u00e9m moeda internacional, como tal recebido e aceito pelo mundo afora. Os Estados Unidos esbaldaram-se despejando d\u00f3lares no mundo atrav\u00e9s da guerra do Vietnam e de enormes investimentos na Europa, al\u00e9m do fluxo habitual de turismo. A enorme massa de d\u00f3lares que ficou ricocheteando pela Europa de pa\u00eds a pa\u00eds tem grande responsabilidade na infla\u00e7\u00e3o que se infiltrou na Europa onde atingiu 7% e 8% e mais ao ano, em pa\u00edses de ordem monet\u00e1ria tradicional como Su\u00ed\u00e7a e Alemanha Ocidental.<\/span><\/p>\n<p style=\"text-align: justify;\"><span style=\"color: #0000ff;\">O que h\u00e1 de curioso na presente conjuntura \u00e9 que o d\u00f3lar se depreciou muito mais internacionalmente do que dentro dos Estados Unidos. A taxa de c\u00e2mbio atual do d\u00f3lar em termos de marco alem\u00e3o (julho de 1973) \u00e9 de apenas de 2,38 marcos por d\u00f3lar, mas um d\u00f3lar nos Estados Unidos tem um poder de compra equivalente a 3,17 marcos. Igualmente, a taxa de c\u00e2mbio na Su\u00ed\u00e7a \u00e9 de 2,86 francos su\u00ed\u00e7os por d\u00f3lar, entretanto um d\u00f3lar compra nos Estados Unidos o equivalente a 3,90 franco su\u00ed\u00e7os.<\/span><\/p>\n<p style=\"text-align: justify;\"><span style=\"color: #0000ff;\">\u00c9 um caso t\u00edpico de desvio da paridade do poder de compra, oriundo de itens outros que n\u00e3o os referentes a mercadorias, especialmente transfer\u00eancia de capitais.<\/span><\/p>\n<p style=\"text-align: justify;\"><span style=\"color: #0000ff;\">A infla\u00e7\u00e3o nos Estados Unidos, a partir de 1965, foi em parte uma infla\u00e7\u00e3o de demanda oriunda de vastos d\u00e9ficits or\u00e7ament\u00e1rios (RS$ 25 bilh\u00f5es em 1972, ora estimado em US$ 15 bilh\u00f5es para 1973), e em outra parte, uma infla\u00e7\u00e3o de custos por eleva\u00e7\u00e3o excessiva de sal\u00e1rios em anos recentes (ferrovi\u00e1rios 42% em 42 meses, sider\u00fargicos 30% em 3 anos, General Motors, etc), al\u00e9m da infla\u00e7\u00e3o de car\u00e1ter internacional oriunda das recentes desvaloriza\u00e7\u00f5es do d\u00f3lar que encarecem os pre\u00e7os das mercadorias importadas.<\/span><\/p>\n<p style=\"text-align: justify;\"><span style=\"color: #0000ff;\">Mas a infla\u00e7\u00e3o na Europa, oriunda basicamente da expans\u00e3o de cr\u00e9dito vinda do excesso de d\u00f3lares flutuantes, n\u00e3o ficou atr\u00e1s da dos Estados Unidos.<\/span><\/p>\n<p style=\"text-align: justify;\"><span style=\"color: #0000ff;\">O atual desequil\u00edbrio monet\u00e1rio internacional \u00e9 devido muito mais aos movimentos de capitais do que \u00e0s disparidades inflacion\u00e1rias entre os Estados Unidos e a Europa. Os Estados Unidos, aparentemente mais preocupados com sua atividade econ\u00f4mica interna do que com seu balan\u00e7o de pagamentos, mant\u00e9m taxas de juros reputadas baixas, pouco atraentes portanto para dinheiro do exterior. Por outro lado, a falta de confian\u00e7a no d\u00f3lar fez com que a esperada repatria\u00e7\u00e3o de d\u00f3lares depois da desvaloriza\u00e7\u00e3o n\u00e3o se verificasse. A demanda de d\u00f3lares por parte das empresas americanas e das empresas multinacionais, bem como dos \u00e1rabes do petr\u00f3leo, n\u00e3o tem correspondido \u00e0 expectativa.<\/span><\/p>\n<p style=\"text-align: justify;\"><span style=\"color: #0000ff;\">Do lado das mercadorias (balan\u00e7o de com\u00e9rcio) a situa\u00e7\u00e3o est\u00e1 melhorando com o grande encarecimento dos artigos importados \u00e0 nova taxa cambial; por exemplo, um Volkswagen que custava US$ 1.900,00 passou para US$ 2.300,00. Os algarismos do balan\u00e7o comercial continuam a melhorar conquanto as exporta\u00e7\u00f5es n\u00e3o tenham tido o impulso que se poderia esperar. Por outro lado, a importa\u00e7\u00e3o de petr\u00f3leo cresceu em volume e em pre\u00e7o; os turistas americanos continuam a voar para o exterior mesmo com pre\u00e7os vinte e cinco por cento mais altos; 600 mil militares no estrangeiro e os empres\u00e1rios americanos continuam a exportar capitais.<\/span><\/p>\n<p style=\"text-align: justify;\"><span style=\"color: #0000ff;\">Em artigo escrito, neste jornal, em setembro do ano passado, sobre a crise monet\u00e1ria internacional, eu dizia:<\/span><\/p>\n<p style=\"text-align: justify;\"><span style=\"color: #0000ff;\">&#8220;O problema n\u00e3o \u00e9 f\u00e1cil nem de r\u00e1pida solu\u00e7\u00e3o. Exige muito tempo, talvez anos para sedimentar-se em um consenso generalizado\u201d.<\/span><\/p>\n<p style=\"text-align: justify;\"><span style=\"color: #0000ff;\">A hip\u00f3tese de nova volta ao padr\u00e3o-ouro est\u00e1 fora de cogita\u00e7\u00e3o. A crise atual, se de um lado desprestigiou o d\u00f3lar, serviu, de outro, para mostrar como o ouro \u00e9 sujeito \u00e0s influ\u00eancias da especula\u00e7\u00e3o e das varia\u00e7\u00f5es do volume produzido, o que o torna impr\u00f3prio para servir de padr\u00e3o de valor para todas as moedas.<\/span><\/p>\n<p style=\"text-align: justify;\"><span style=\"color: #0000ff;\">Donde se v\u00ea que as perspectivas de curto prazo n\u00e3o s\u00e3o animadoras. Nem o projeto Nixon round, de redu\u00e7\u00f5es tarif\u00e1rias, nem a reuni\u00e3o de Nair\u00f3bi do FMI, em setembro, nem a Comiss\u00e3o dos Vinte (nem que fossem 40) solucionar\u00e3o o caso.<\/span><\/p>\n<p style=\"text-align: justify;\"><span style=\"color: #0000ff;\">O \u00fanico rem\u00e9dio \u00e9 o esfor\u00e7o persistente &#8211; sobretudo dos Estados Unidos &#8211; para restabelecer a confian\u00e7a no d\u00f3lar e o equil\u00edbrio de seu balan\u00e7o de pagamentos, ao n\u00edvel da taxa cambial que for.<\/span><\/p>\n<p style=\"text-align: justify;\"><span style=\"color: #0000ff;\">Vencida essa primeira etapa \u00e9 que se poder\u00e1 organizar um novo esquema monet\u00e1rio internacional.<\/span><\/p>\n<p style=\"text-align: justify;\"><span style=\"color: #ff0000;\">Eug\u00eanio Gudin Filho nasceu no dia 12 de julho de 1886, no Rio de Janeiro, e morreu em 24 de outubro de 1986. Considerado o pai do liberalismo e um dos grandes respons\u00e1veis pela difus\u00e3o dos estudos econ\u00f4micos no Brasil por mais de 50 anos, teve seu trabalho e suas obras reconhecidos em todo o pa\u00eds. Muitos creditam a ele a lideran\u00e7a da corrente liberal no Brasil e o interpretam como o economista mais importante entre 1930 e 1964.<\/span><\/p>\n<p style=\"text-align: justify;\"><span style=\"color: #0000ff;\">Ricardo Bergamini<\/span><\/p>\n<p style=\"text-align: justify;\"><span style=\"color: #0000ff;\">(48) 99636-7322<br \/>\n(48) 99976-6974<br \/>\n<u><a style=\"color: #0000ff;\" href=\"mailto:ricardobergamini@ricardobergamini.com.br\" target=\"_blank\" rel=\"noopener\">ricardobergamini@ricardobergamini.com.br<br \/>\n<\/a><\/u><u><a style=\"color: #0000ff;\" href=\"http:\/\/www.ricardobergamini.com.br\/\" target=\"_blank\" rel=\"noopener\" data-saferedirecturl=\"https:\/\/www.google.com\/url?hl=pt-PT&amp;q=http:\/\/www.ricardobergamini.com.br\/&amp;source=gmail&amp;ust=1509224749288000&amp;usg=AFQjCNEl0giyYwjYrLVTcHBREK2t0dLg1w\">www.ricardobergamini.com.br<\/a><\/u><\/span><\/p>\n","protected":false},"excerpt":{"rendered":"<p>O PENSAMENTO DO PROFESSOR EUG\u00caNIO\u00a0GUDIN Artigo publicado no jornal &#8220;O Globo&#8221; do Rio de Janeiro, edi\u00e7\u00e3o de 17\/09\/73 A DESORDEM MONET\u00c1RIA INTERNACIONAL O pecado original&#8230;<\/p>\n","protected":false},"author":18,"featured_media":2211,"comment_status":"open","ping_status":"open","sticky":false,"template":"","format":"standard","meta":[],"categories":[2],"tags":[],"_links":{"self":[{"href":"http:\/\/acaopolitica.com\/index.php\/wp-json\/wp\/v2\/posts\/2209"}],"collection":[{"href":"http:\/\/acaopolitica.com\/index.php\/wp-json\/wp\/v2\/posts"}],"about":[{"href":"http:\/\/acaopolitica.com\/index.php\/wp-json\/wp\/v2\/types\/post"}],"author":[{"embeddable":true,"href":"http:\/\/acaopolitica.com\/index.php\/wp-json\/wp\/v2\/users\/18"}],"replies":[{"embeddable":true,"href":"http:\/\/acaopolitica.com\/index.php\/wp-json\/wp\/v2\/comments?post=2209"}],"version-history":[{"count":4,"href":"http:\/\/acaopolitica.com\/index.php\/wp-json\/wp\/v2\/posts\/2209\/revisions"}],"predecessor-version":[{"id":2215,"href":"http:\/\/acaopolitica.com\/index.php\/wp-json\/wp\/v2\/posts\/2209\/revisions\/2215"}],"wp:featuredmedia":[{"embeddable":true,"href":"http:\/\/acaopolitica.com\/index.php\/wp-json\/wp\/v2\/media\/2211"}],"wp:attachment":[{"href":"http:\/\/acaopolitica.com\/index.php\/wp-json\/wp\/v2\/media?parent=2209"}],"wp:term":[{"taxonomy":"category","embeddable":true,"href":"http:\/\/acaopolitica.com\/index.php\/wp-json\/wp\/v2\/categories?post=2209"},{"taxonomy":"post_tag","embeddable":true,"href":"http:\/\/acaopolitica.com\/index.php\/wp-json\/wp\/v2\/tags?post=2209"}],"curies":[{"name":"wp","href":"https:\/\/api.w.org\/{rel}","templated":true}]}}