{"id":2216,"date":"2017-10-27T21:32:13","date_gmt":"2017-10-27T21:32:13","guid":{"rendered":"http:\/\/acaopolitica.com\/?p=2216"},"modified":"2017-12-13T02:07:31","modified_gmt":"2017-12-13T02:07:31","slug":"patrimonio-declarado-do-casal-lula-da-silva-e-de-r-117-milhoes","status":"publish","type":"post","link":"http:\/\/acaopolitica.com\/index.php\/2017\/10\/27\/patrimonio-declarado-do-casal-lula-da-silva-e-de-r-117-milhoes\/","title":{"rendered":"Patrim\u00f4nio declarado do casal Lula da Silva \u00e9 de R$ 11,7 milh\u00f5es"},"content":{"rendered":"<p><span style=\"color: #ff0000;\">O socialismo \u00e9 uma excelente doutrina, desde que os outros sofram as consequ\u00eancias (Roberto Campos).<\/span><\/p>\n<p><span style=\"color: #0000ff;\">Invent\u00e1rio de Marisa Let\u00edcia: patrim\u00f4nio declarado do casal Lula da Silva \u00e9 de R$ 11,7 milh\u00f5es<\/span><\/p>\n<p><span style=\"color: #0000ff;\">Informa\u00e7\u00e3o est\u00e1 em processo relativo \u00e0 ex-primeira-dama, que morreu em fevereiro<\/span><\/p>\n<p><span style=\"color: #0000ff;\">MURILO RAMOS\/Revista \u00c9poca<\/span><\/p>\n<p><span style=\"color: #0000ff;\">16\/10\/2017 &#8211; 13h16 &#8211; Atualizado 16\/10\/2017 13h41<\/span><\/p>\n<p><span style=\"color: #0000ff;\">O ex-presidente Lula ao lado de Marisa Let\u00edcia (Foto: Ailton de Freitas\/Ag\u00eancia O Globo)<\/span><\/p>\n<p><span style=\"color: #0000ff;\">Os advogados do ex-presidente\u00a0<a style=\"color: #0000ff;\" href=\"http:\/\/epoca.globo.com\/tudo-sobre\/noticia\/2017\/02\/luiz-inacio-lula-da-silva.html\" data-saferedirecturl=\"https:\/\/www.google.com\/url?hl=pt-PT&amp;q=http:\/\/epoca.globo.com\/tudo-sobre\/noticia\/2017\/02\/luiz-inacio-lula-da-silva.html&amp;source=gmail&amp;ust=1509224749271000&amp;usg=AFQjCNG20ReunEhe5Ii8qkJtFq2kuYhPQQ\">Luiz In\u00e1cio Lula da Silva<\/a>\u00a0entregaram \u00e0 Justi\u00e7a, na semana passada, informa\u00e7\u00f5es sobre os bens do petista e da ex-primeira-dama\u00a0<a style=\"color: #0000ff;\" href=\"http:\/\/epoca.globo.com\/tudo-sobre\/noticia\/2017\/01\/marisa-leticia-lula-da-silva.html\" data-saferedirecturl=\"https:\/\/www.google.com\/url?hl=pt-PT&amp;q=http:\/\/epoca.globo.com\/tudo-sobre\/noticia\/2017\/01\/marisa-leticia-lula-da-silva.html&amp;source=gmail&amp;ust=1509224749271000&amp;usg=AFQjCNHrrmMtmhP1440J7RwIWFFlHjeupg\">Marisa Let\u00edcia<\/a>, que morreu em fevereiro deste ano. As informa\u00e7\u00f5es fazem parte do invent\u00e1rio de Marisa. O patrim\u00f4nio declarado do casal soma R$ 11,7 milh\u00f5es.<\/span><\/p>\n<p><span style=\"color: #0000ff;\">Lula lista 20 bens. S\u00e3o im\u00f3veis, carros e aplica\u00e7\u00f5es financeiras. Os bens mais valiosos s\u00e3o duas aplica\u00e7\u00f5es financeiras em previd\u00eancia privada, que alcan\u00e7am R$ 9 milh\u00f5es.<\/span><\/p>\n<p><span style=\"color: #0000ff;\"><a style=\"color: #0000ff;\" href=\"http:\/\/epoca.globo.com\/politica\/expresso\/noticia\/2017\/10\/sob-orientacao-de-lula-gleisi-elogia-forcas-armadas.html\" data-saferedirecturl=\"https:\/\/www.google.com\/url?hl=pt-PT&amp;q=http:\/\/epoca.globo.com\/politica\/expresso\/noticia\/2017\/10\/sob-orientacao-de-lula-gleisi-elogia-forcas-armadas.html&amp;source=gmail&amp;ust=1509224749271000&amp;usg=AFQjCNFswKwQAD6o4a-ev-51ucxB1ctLHw\">&gt;&gt;\u00a0Sob orienta\u00e7\u00e3o de Lula, Gleisi elogia as For\u00e7as Armadas<\/a><\/span><\/p>\n<p><span style=\"color: #0000ff;\">Os advogados afirmam, por\u00e9m, que n\u00e3o conseguiram acesso a todas as informa\u00e7\u00f5es de aplica\u00e7\u00f5es financeiras. Solicitaram \u00e0 Justi\u00e7a, inclusive, extratos e posi\u00e7\u00f5es consolidadas de contas na Caixa Econ\u00f4mica Federal, no Banco do Brasil na Bolsa de Valores. Os advogados exclu\u00edram a conta utilizada por Lula para receber sua aposentadoria.<\/span><\/p>\n<p><span style=\"color: #0000ff;\"><a style=\"color: #0000ff;\" href=\"http:\/\/epoca.globo.com\/politica\/expresso\/noticia\/2017\/04\/moro-decide-devolver-lula-bens-apreendidos-em-fase-da-lava-jato.html\" data-saferedirecturl=\"https:\/\/www.google.com\/url?hl=pt-PT&amp;q=http:\/\/epoca.globo.com\/politica\/expresso\/noticia\/2017\/04\/moro-decide-devolver-lula-bens-apreendidos-em-fase-da-lava-jato.html&amp;source=gmail&amp;ust=1509224749271000&amp;usg=AFQjCNFBmPCgaMGnfbjVpoW5b2rR0bF2OA\">&gt;&gt;\u00a0Moro decide devolver a Lula bens apreendidos em fase da Lava Jato<\/a><\/span><\/p>\n<p><span style=\"color: #0000ff;\">Os herdeiros de Marisa Let\u00edcia s\u00e3o Marcos Cl\u00e1udio Lula da Silva, F\u00e1bio Lu\u00eds Lula da Silva, Sandro Lu\u00eds Lula da Silva e Lu\u00eds Cl\u00e1udio Lula da Silva.<\/span><\/p>\n<p><span style=\"color: #0000ff;\"><a style=\"color: #0000ff;\" href=\"http:\/\/epoca.globo.com\/politica\/expresso\/noticia\/2017\/07\/lula-cobra-restituicao-de-r-300-mil-da-oas-e-bancoop-por-apartamento-em-guaruja.html\" data-saferedirecturl=\"https:\/\/www.google.com\/url?hl=pt-PT&amp;q=http:\/\/epoca.globo.com\/politica\/expresso\/noticia\/2017\/07\/lula-cobra-restituicao-de-r-300-mil-da-oas-e-bancoop-por-apartamento-em-guaruja.html&amp;source=gmail&amp;ust=1509224749271000&amp;usg=AFQjCNEr9QW0skn9XG78WvfZKf-ur3_5jA\">&gt;&gt;\u00a0Lula cobra restitui\u00e7\u00e3o de R$ 300 mil da OAS e Bancoop por apartamento em Guaruj\u00e1<\/a><\/span><\/p>\n<p><span style=\"color: #0000ff;\">Leia abaixo a rela\u00e7\u00e3o dos bens do casal:<\/span><\/p>\n<p><span style=\"color: #0000ff;\">1 \u2013 Apartamento residencial no Edif\u00edcio Green Hill, em S\u00e3o Bernardo do Campo Valor: R$ 602.435,01<\/span><\/p>\n<p><span style=\"color: #0000ff;\">2 \u2013 Apartamento residencial, n\u00famero 92, no Edif\u00edcio Kentucky, em S\u00e3o Bernardo do Campo Valor: R$ 179.606,73<\/span><\/p>\n<p><span style=\"color: #0000ff;\">3 \u2013 Apartamento residencial, n\u00famero 102, no Edif\u00edcio Kentucky, em S\u00e3o Bernardo do Campo Valor: R$ 179.606,73<\/span><\/p>\n<p><span style=\"color: #0000ff;\">4 \u2013 Fra\u00e7\u00e3o do S\u00edtio Engenho da Serra, em S\u00e3o Bernardo do Campo Valor: R$ 413.547,57<\/span><\/p>\n<p><span style=\"color: #0000ff;\">5 \u2013 Direito de aquisi\u00e7\u00e3o de uma fra\u00e7\u00e3o do S\u00edtio Engenho da Serra, em S\u00e3o Bernardo do Campo Valor: R$ 130.000,00<\/span><\/p>\n<p><span style=\"color: #0000ff;\">6 \u2013 Autom\u00f3vel Ford Ranger 2013\/2013 Valor: R$ 104.732,00<\/span><\/p>\n<p><span style=\"color: #0000ff;\">7 \u2013 Autom\u00f3vel \u00d4mega CD 2010\/2011 Valor: R$ 57.447,00<\/span><\/p>\n<p><span style=\"color: #0000ff;\">8 \u2013 Conta-corrente no Bradesco Valor: R$ 26.091,51 (posi\u00e7\u00e3o de fevereiro\/2017)<\/span><\/p>\n<p><span style=\"color: #0000ff;\">9 \u2013 Cr\u00e9dito junto \u00e0 Bancoop referente a sua demiss\u00e3o do quadro de s\u00f3cios Valor: R$ 320.999,20 (posi\u00e7\u00e3o de fevereiro\/2017)<\/span><\/p>\n<p><span style=\"color: #0000ff;\">10 \u2013 98 mil cotas sociais da LILS Palestras, Eventos e Publica\u00e7\u00f5es Valor: R$ 145.284,91<\/span><\/p>\n<p><span style=\"color: #0000ff;\">11 \u2013 Poupan\u00e7a na Caixa Valor: R$ 126.827,43<\/span><\/p>\n<p><span style=\"color: #0000ff;\">12 \u2013 Poupan\u00e7a no Ita\u00fa Valor: R$ 21.438,70<\/span><\/p>\n<p><span style=\"color: #0000ff;\">13 \u2013 Poupan\u00e7a no Bradesco Valor: R$ 2.946,69<\/span><\/p>\n<p><span style=\"color: #0000ff;\">14 \u2013 Aplica\u00e7\u00e3o financeira Invest Plus, no Bradesco Valor: R$ 16.605,25<\/span><\/p>\n<p><span style=\"color: #0000ff;\">15 \u2013 Aplica\u00e7\u00e3o financeira LCA, no Banco do Brasil Valor: R$ 98.378,89<\/span><\/p>\n<p><span style=\"color: #0000ff;\">16 \u2013 Renda Fixa, no Banco do Brasil Valor: R$ 191.926,45<\/span><\/p>\n<p><span style=\"color: #0000ff;\">17 \u2013 Renda Fixa, no Banco do Brasil Valor: R$ 52.709,96<\/span><\/p>\n<p><span style=\"color: #0000ff;\">18 \u2013 Renda Fixa, no Banco do Brasil Valor: R$ 39.929,24<\/span><\/p>\n<p><span style=\"color: #0000ff;\">19 \u2013 Previd\u00eancia Privada VGBL, no Banco do Brasil Valor: R$ 7.190.963,75<\/span><\/p>\n<p><span style=\"color: #0000ff;\">20 \u2013 Previd\u00eancia Privada VGBL, no Banco do Brasil Valor: R$ 1.848.331,34<\/span><\/p>\n<p><span style=\"color: #0000ff;\">Total: 11.749.806,36<\/span><\/p>\n<p><span style=\"color: #0000ff;\"><a style=\"color: #0000ff;\" href=\"http:\/\/epoca.globo.com\/politica\/noticia\/2017\/05\/provas-contra-lula-3-mil-evidencias-13-casos-e-r-80-milhoes-em-propina.html\" data-saferedirecturl=\"https:\/\/www.google.com\/url?hl=pt-PT&amp;q=http:\/\/epoca.globo.com\/politica\/noticia\/2017\/05\/provas-contra-lula-3-mil-evidencias-13-casos-e-r-80-milhoes-em-propina.html&amp;source=gmail&amp;ust=1509224749271000&amp;usg=AFQjCNGT1A3tmwpYSEDQYQ2PR3jDnho4Kw\">&gt;&gt; As provas contra Lula: 3 mil evid\u00eancias, 13 casos e R$ 80 milh\u00f5es em propina<\/a><\/span><\/p>\n<p><span style=\"color: #0000ff;\">Ricardo Bergamini<\/span><\/p>\n<p><span style=\"color: #0000ff;\">(48) 99636-7322<\/span><br \/>\n<span style=\"color: #0000ff;\">(48) 99976-6974<\/span><br \/>\n<span style=\"color: #0000ff;\"><a style=\"color: #0000ff;\" href=\"mailto:ricardobergamini@ricardobergamini.com.br\" target=\"_blank\" rel=\"noopener\">ricardobergamini@ricardobergamini.com.br<br \/>\n<\/a><a style=\"color: #0000ff;\" href=\"http:\/\/www.ricardobergamini.com.br\/\" target=\"_blank\" rel=\"noopener\" data-saferedirecturl=\"https:\/\/www.google.com\/url?hl=pt-PT&amp;q=http:\/\/www.ricardobergamini.com.br\/&amp;source=gmail&amp;ust=1509224749271000&amp;usg=AFQjCNH0Z7T6HXxP13mzjOAxKsdXjoq-fQ\">www.ricardobergamini.com.br<\/a><\/span><\/p>\n","protected":false},"excerpt":{"rendered":"<p>O socialismo \u00e9 uma excelente doutrina, desde que os outros sofram as consequ\u00eancias (Roberto Campos). Invent\u00e1rio de Marisa Let\u00edcia: patrim\u00f4nio declarado do casal Lula da&#8230;<\/p>\n","protected":false},"author":18,"featured_media":2217,"comment_status":"open","ping_status":"open","sticky":false,"template":"","format":"standard","meta":[],"categories":[2],"tags":[],"_links":{"self":[{"href":"http:\/\/acaopolitica.com\/index.php\/wp-json\/wp\/v2\/posts\/2216"}],"collection":[{"href":"http:\/\/acaopolitica.com\/index.php\/wp-json\/wp\/v2\/posts"}],"about":[{"href":"http:\/\/acaopolitica.com\/index.php\/wp-json\/wp\/v2\/types\/post"}],"author":[{"embeddable":true,"href":"http:\/\/acaopolitica.com\/index.php\/wp-json\/wp\/v2\/users\/18"}],"replies":[{"embeddable":true,"href":"http:\/\/acaopolitica.com\/index.php\/wp-json\/wp\/v2\/comments?post=2216"}],"version-history":[{"count":1,"href":"http:\/\/acaopolitica.com\/index.php\/wp-json\/wp\/v2\/posts\/2216\/revisions"}],"predecessor-version":[{"id":2218,"href":"http:\/\/acaopolitica.com\/index.php\/wp-json\/wp\/v2\/posts\/2216\/revisions\/2218"}],"wp:featuredmedia":[{"embeddable":true,"href":"http:\/\/acaopolitica.com\/index.php\/wp-json\/wp\/v2\/media\/2217"}],"wp:attachment":[{"href":"http:\/\/acaopolitica.com\/index.php\/wp-json\/wp\/v2\/media?parent=2216"}],"wp:term":[{"taxonomy":"category","embeddable":true,"href":"http:\/\/acaopolitica.com\/index.php\/wp-json\/wp\/v2\/categories?post=2216"},{"taxonomy":"post_tag","embeddable":true,"href":"http:\/\/acaopolitica.com\/index.php\/wp-json\/wp\/v2\/tags?post=2216"}],"curies":[{"name":"wp","href":"https:\/\/api.w.org\/{rel}","templated":true}]}}