{"id":2226,"date":"2017-10-30T20:26:52","date_gmt":"2017-10-30T20:26:52","guid":{"rendered":"http:\/\/acaopolitica.com\/?p=2226"},"modified":"2017-12-13T02:08:00","modified_gmt":"2017-12-13T02:08:00","slug":"pnad-continua-caracteristicas-adicionais-do-mercado-de-trabalho","status":"publish","type":"post","link":"http:\/\/acaopolitica.com\/index.php\/2017\/10\/30\/pnad-continua-caracteristicas-adicionais-do-mercado-de-trabalho\/","title":{"rendered":"PNAD Cont\u00ednua: Caracter\u00edsticas adicionais do mercado de trabalho"},"content":{"rendered":"<p style=\"text-align: center;\"><span style=\"color: #0000ff;\"> Fonte IBGE<\/span><\/p>\n<p style=\"text-align: center;\"><span style=\"color: #ff0000;\">Base: Anos de 2012\/2016<\/span><\/p>\n<p style=\"text-align: justify;\"><span style=\"color: #0000ff;\">Em 2016, caiu o percentual de pessoas que trabalhavam em empreendimentos de grande porte <\/span><\/p>\n<p style=\"text-align: justify;\"><span style=\"color: #0000ff;\">Em 2016, entre os 73,7 milh\u00f5es de empregadores, trabalhadores por conta pr\u00f3pria e empregados (desconsiderando os do setor p\u00fablico e os trabalhadores dom\u00e9sticos), 26,0% trabalhavam em empreendimentos de grande porte (com mais de 50 pessoas), participa\u00e7\u00e3o inferior \u00e0 de 2015 (29,0%). J\u00e1 o percentual daqueles que trabalhavam em empreendimentos de pequeno porte (com at\u00e9 5 pessoas), subiu para 50,1% em 2016, contra 48,1% em 2015.<\/span><\/p>\n<p style=\"text-align: justify;\"><span style=\"color: #0000ff;\">Enquanto 18,9% dos trabalhadores por conta pr\u00f3pria eram registrados no CNPJ, entre os empregadores esse percentual era de 82,0% em 2016. Em 2012, os percentuais dessas duas categorias eram de 14,9% e 75,6%, respectivamente.<\/span><\/p>\n<p style=\"text-align: justify;\"><span style=\"color: #0000ff;\">Em 2016, 12,1% (16,9 milh\u00f5es) de pessoas ocupadas ou que anteriormente j\u00e1 tinham sido ocupadas estavam associadas a algum sindicato, menor percentual da s\u00e9rie que iniciou com 13,6% de sindicalizados (2012).<\/span><\/p>\n<p style=\"text-align: justify;\"><span style=\"color: #0000ff;\">Apesar do aumento de 11,3% no total de pessoas ocupadas como empregadores ou trabalhadores por conta pr\u00f3pria entre 2012 e 2016, houve redu\u00e7\u00e3o no percentual de associados a cooperativas, que recuou de 6,4% em 2012 para 5,9% em 2016.<\/span><\/p>\n<p style=\"text-align: justify;\"><span style=\"color: #0000ff;\">Esses s\u00e3o alguns dos resultados do m\u00f3dulo Caracter\u00edsticas Adicionais do Mercado de Trabalho da Pesquisa Nacional por Amostra de Domic\u00edlios Cont\u00ednua.<\/span><\/p>\n<p style=\"text-align: justify;\"><span style=\"color: #0000ff;\">Em 2016, cresceu o percentual de empregadores e de trabalhadores por conta pr\u00f3pria em empreendimentos com CNPJ<\/span><\/p>\n<p style=\"text-align: justify;\"><span style=\"color: #0000ff;\">Em 2016, 28,9% dos empregadores ou trabalhadores por conta pr\u00f3pria trabalhavam em empreendimentos registrados no CNPJ, percentual maior que em 2012 (23,9%). Esse aumento ocorreu em todas as grandes regi\u00f5es, mas em menor intensidade no Norte (3,3%). Entre 2012 e 2016, os maiores aumentos percentuais foram no Nordeste (33,1%) e no Sudeste (21,1%).<\/span><\/p>\n<p style=\"text-align: justify;\"><span style=\"color: #0000ff;\">Analisando-se os trabalhadores por conta pr\u00f3pria separados dos empregadores, nota-se diferen\u00e7as importantes. Em 2016, 18,9% dos trabalhadores por conta pr\u00f3pria eram registrados no CNPJ, enquanto entre os empregadores esse percentual era de 82,0%.<\/span><\/p>\n<p style=\"text-align: justify;\"><span style=\"color: #0000ff;\">Em 2016, o registro no CNPJ era superior entre as mulheres (30,0%) em rela\u00e7\u00e3o aos homens (28,4%). J\u00e1 o percentual de mulheres ocupadas como conta pr\u00f3pria com registro no CNPJ era de 20,3% frente a 18,2% dos homens. E em rela\u00e7\u00e3o aos empregadores, 86,1% das mulheres tinham registro no CNPJ, enquanto este percentual era de 80,2% entre os homens.<\/span><\/p>\n<p style=\"text-align: justify;\"><span style=\"color: #0000ff;\">\u00a0Percentual de ocupados em empreendimentos de grande porte diminuiu em 2016<\/span><\/p>\n<p style=\"text-align: justify;\"><span style=\"color: #0000ff;\">Em 2012, havia 72,4 milh\u00f5es de pessoas ocupadas no setor privado, excluindo aqueles nos servi\u00e7os dom\u00e9sticos. Em 2015 este n\u00famero chegou a 75,0 milh\u00f5es, caindo para 73,7 milh\u00f5es em 2016.<\/span><\/p>\n<p style=\"text-align: justify;\"><span style=\"color: #0000ff;\">Em todos os anos da s\u00e9rie, grande parte desses ocupados estavam em empreendimentos de pequeno porte (1 a 5 pessoas), com esse percentual ultrapassando a metade em 2016 (50,1%). Em empreendimentos com mais de 50 pessoas, o percentual variou de 30,5%, 2013 e 2014, para 29,0% em 2015 e 26,0% em 2016.<\/span><\/p>\n<p style=\"text-align: justify;\"><span style=\"color: #0000ff;\">Em 2016, as regi\u00f5es Norte (68,0%) e Nordeste (61,7%) apresentaram o maior percentual de empreendimentos de 1 a 5 empregados. No per\u00edodo 2012-2016, a propor\u00e7\u00e3o de ocupados em empreendimentos de pequeno porte aumentou em todas as Grandes Regi\u00f5es, sobretudo nas regi\u00f5es Norte (de 60,8% para 68,0%) e Centro-Oeste (de 46,0% para 51,0%).<\/span><\/p>\n<p style=\"text-align: justify;\"><span style=\"color: #0000ff;\">Em empreendimento com pelo menos 51 pessoas, a Regi\u00f5es Sudeste (31,8%) apresentou o maior percentual e a Norte (14,7%), o menor. Entre 2012 e 2016, houve redu\u00e7\u00e3o do percentual de ocupados em empreendimento com 51 pessoas ou mais em todas as Grandes Regi\u00f5es, principalmente na Norte (redu\u00e7\u00e3o de 29,3%).<\/span><\/p>\n<p style=\"text-align: justify;\"><span style=\"color: #0000ff;\">Caiu o n\u00famero de pessoas sindicalizadas<\/span><\/p>\n<p style=\"text-align: justify;\"><span style=\"color: #0000ff;\">Em 2016, das 139,1 milh\u00f5es de pessoas ocupadas ou que anteriormente j\u00e1 tinham sido ocupadas, 12,1% (16,9 milh\u00f5es) estavam associadas a algum sindicato. O valor \u00e9 inferior ao encontrado em 2012, quando, considerando as 131,5 milh\u00f5es pessoas ocupadas ou que anteriormente j\u00e1 tinham sido ocupadas, um total de 13,6% ou 17,9 milh\u00f5es estavam associadas a algum sindicato.<\/span><\/p>\n<p style=\"text-align: justify;\"><span style=\"color: #0000ff;\">Em 2012, 15,3% dos homens estavam associados a algum sindicato, enquanto 11,9% das mulheres eram sindicalizadas. Em 2014, a sindicaliza\u00e7\u00e3o entre homens era de 14,8% e entre mulheres de 11,9%, caindo, respectivamente, para 13,1% e 11,2% em 2016.<\/span><\/p>\n<p style=\"text-align: justify;\"><span style=\"color: #0000ff;\">Entre 2012 e 2016 foi registrado movimento de redu\u00e7\u00e3o da sindicaliza\u00e7\u00e3o em todas as Grandes Regi\u00f5es. Em 2016, o n\u00edvel de sindicaliza\u00e7\u00e3o era maior nas Regi\u00f5es Sul (14,2%) e Nordeste (14,7%).<\/span><\/p>\n<p style=\"text-align: justify;\"><span style=\"color: #0000ff;\">Caiu percentual de empregadores e conta pr\u00f3pria associados a cooperativas<\/span><\/p>\n<p style=\"text-align: justify;\"><span style=\"color: #0000ff;\">Apesar do aumento de 11,3% no total de pessoas ocupadas como empregadores ou trabalhadores por conta pr\u00f3pria no trabalho principal entre 2012 e 2016 (passando de 24,0 milh\u00f5es para 26,8 milh\u00f5es), houve redu\u00e7\u00e3o no percentual de associados a cooperativas de trabalho ou produ\u00e7\u00e3o integrantes dessas duas categorias de ocupa\u00e7\u00e3o, que passou de 6,4% em 2012 para 5,9% em 2016.<\/span><\/p>\n<p style=\"text-align: justify;\"><span style=\"color: #0000ff;\">Em 2012, 7,2% dos homens e 4,5% das mulheres que eram empregadores ou trabalhadores por conta pr\u00f3pria estavam em cooperativas. Em 2016, esses percentuais passaram para 6,4% e 4,7%, respectivamente. No per\u00edodo 2012-2016, a diferen\u00e7a entre homens e mulheres associados apresentou redu\u00e7\u00e3o de 1,7 ponto percentual.<\/span><\/p>\n<p style=\"text-align: justify;\"><span style=\"color: #0000ff;\">Entre 2012 e 2016, o Sul foi a regi\u00e3o que apresentou o maior percentual de associados \u00e0 cooperativa de trabalho ou produ\u00e7\u00e3o. No per\u00edodo, a \u00fanica Grande Regi\u00e3o onde houve aumento do percentual de cooperados foi a Centro-Oeste (0,8%).<\/span><\/p>\n<p style=\"text-align: justify;\"><span style=\"color: #0000ff;\">Homens trabalham mais \u00e0 noite que mulheres<\/span><\/p>\n<p style=\"text-align: justify;\"><span style=\"color: #0000ff;\">Entre 2012 e 2016, o percentual de pessoas ocupadas no pa\u00eds que trabalhavam somente no turno diurno se manteve acima dos 90%. Em 2016, 94,4% das mulheres ocupadas trabalhavam neste turno, ao passo que entre os homens esta propor\u00e7\u00e3o era de 90,9%.<\/span><\/p>\n<p style=\"text-align: justify;\"><span style=\"color: #0000ff;\">Em 2016, a Regi\u00e3o Sul tinha a maior propor\u00e7\u00e3o de ocupados no turno diurno (93,0%), seguida pelas regi\u00f5es Centro-Oeste e Sudeste (92,4%), Norte (92,3%) e Nordeste (92,0%).<\/span><\/p>\n<p style=\"text-align: center;\"><span style=\"color: #ff0000;\">Arquivos oficiais do governo est\u00e3o dispon\u00edveis aos leitores.<\/span><\/p>\n<p><span style=\"color: #0000ff;\">Ricardo Bergamini<\/span><\/p>\n<p><span style=\"color: #0000ff;\">(48) 99636-7322<br \/>\n(48) 99976-6974<\/span><br \/>\n<span style=\"color: #0000ff;\"><a style=\"color: #0000ff;\" href=\"mailto:ricardobergamini@ricardobergamini.com.br\" target=\"_blank\" rel=\"noopener\">ricardobergamini@ricardobergamini.com.br<br \/>\n<\/a><a style=\"color: #0000ff;\" href=\"http:\/\/www.ricardobergamini.com.br\/\" target=\"_blank\" rel=\"noopener\" data-saferedirecturl=\"https:\/\/www.google.com\/url?hl=pt-PT&amp;q=http:\/\/www.ricardobergamini.com.br\/&amp;source=gmail&amp;ust=1509480892954000&amp;usg=AFQjCNFoKf1Mrtnm1CMeljFE_AGmcpsMeQ\">www.ricardobergamini.com.br<\/a><\/span><\/p>\n","protected":false},"excerpt":{"rendered":"<p>Fonte IBGE Base: Anos de 2012\/2016 Em 2016, caiu o percentual de pessoas que trabalhavam em empreendimentos de grande porte Em 2016, entre os 73,7&#8230;<\/p>\n","protected":false},"author":18,"featured_media":2227,"comment_status":"open","ping_status":"open","sticky":false,"template":"","format":"standard","meta":[],"categories":[10],"tags":[],"_links":{"self":[{"href":"http:\/\/acaopolitica.com\/index.php\/wp-json\/wp\/v2\/posts\/2226"}],"collection":[{"href":"http:\/\/acaopolitica.com\/index.php\/wp-json\/wp\/v2\/posts"}],"about":[{"href":"http:\/\/acaopolitica.com\/index.php\/wp-json\/wp\/v2\/types\/post"}],"author":[{"embeddable":true,"href":"http:\/\/acaopolitica.com\/index.php\/wp-json\/wp\/v2\/users\/18"}],"replies":[{"embeddable":true,"href":"http:\/\/acaopolitica.com\/index.php\/wp-json\/wp\/v2\/comments?post=2226"}],"version-history":[{"count":1,"href":"http:\/\/acaopolitica.com\/index.php\/wp-json\/wp\/v2\/posts\/2226\/revisions"}],"predecessor-version":[{"id":2228,"href":"http:\/\/acaopolitica.com\/index.php\/wp-json\/wp\/v2\/posts\/2226\/revisions\/2228"}],"wp:featuredmedia":[{"embeddable":true,"href":"http:\/\/acaopolitica.com\/index.php\/wp-json\/wp\/v2\/media\/2227"}],"wp:attachment":[{"href":"http:\/\/acaopolitica.com\/index.php\/wp-json\/wp\/v2\/media?parent=2226"}],"wp:term":[{"taxonomy":"category","embeddable":true,"href":"http:\/\/acaopolitica.com\/index.php\/wp-json\/wp\/v2\/categories?post=2226"},{"taxonomy":"post_tag","embeddable":true,"href":"http:\/\/acaopolitica.com\/index.php\/wp-json\/wp\/v2\/tags?post=2226"}],"curies":[{"name":"wp","href":"https:\/\/api.w.org\/{rel}","templated":true}]}}