{"id":2229,"date":"2017-10-31T22:57:44","date_gmt":"2017-10-31T22:57:44","guid":{"rendered":"http:\/\/acaopolitica.com\/?p=2229"},"modified":"2017-12-13T02:08:17","modified_gmt":"2017-12-13T02:08:17","slug":"weblettter-gspires","status":"publish","type":"post","link":"http:\/\/acaopolitica.com\/index.php\/2017\/10\/31\/weblettter-gspires\/","title":{"rendered":"Weblettter &#8211; GSPIRES"},"content":{"rendered":"<p style=\"text-align: justify;\"><span style=\"color: #0000ff;\">Conversa Afiada \u2013 Paulo Henrique Amorim<\/span><\/p>\n<p style=\"text-align: justify;\"><span style=\"color: #0000ff;\">Assim a Globo derrubou a Dilma<\/span><\/p>\n<p style=\"text-align: justify;\"><span style=\"color: #0000ff;\">E a Dilma engordou a Globo<\/span><\/p>\n<p style=\"text-align: justify;\"><span style=\"color: #0000ff;\">Da\u00a0<a style=\"color: #0000ff;\" href=\"http:\/\/cartamaior.com.br\/?\/Editoria\/Midia\/Como-a-Rede-Globo-manipulou-o-impeachment-da-presidente-do-Brasil-Dilma-Rousseff\/12\/37490\" data-saferedirecturl=\"https:\/\/www.google.com\/url?hl=pt-PT&amp;q=http:\/\/cartamaior.com.br\/?\/Editoria\/Midia\/Como-a-Rede-Globo-manipulou-o-impeachment-da-presidente-do-Brasil-Dilma-Rousseff\/12\/37490&amp;source=gmail&amp;ust=1509575363987000&amp;usg=AFQjCNHKEYFCgcgUwTE4Rbx2sM8Gc4y8dg\">Carta Maior<\/a>:<\/span><\/p>\n<p style=\"text-align: justify;\"><span style=\"color: #0000ff;\">Como a Rede Globo manipulou o impeachment da presidente do Brasil, Dilma Rousseff<\/span><\/p>\n<p style=\"text-align: justify;\"><span style=\"color: #0000ff;\">Estudo mostra como o jornal O Globo e o Jornal Nacional demonizaram e deslegitimaram de maneira sistem\u00e1tica a ent\u00e3o presidente Dilma Rousseff.<\/span><\/p>\n<p style=\"text-align: justify;\"><span style=\"color: #0000ff;\">Resumo<\/span><\/p>\n<p style=\"text-align: justify;\"><span style=\"color: #0000ff;\">O presente artigo tem como objetivo demonstrar que o impeachment da ex-presidente do Brasil, Dilma Rousseff, ocorrido em 2016, resultou de um golpe orquestrado pela elite olig\u00e1rquica e conservadora contra o Partido dos Trabalhadores, que estava no poder desde 2002, no qual a imprensa de direita brasileira desempenhou um papel determinante ao manipular a opini\u00e3o p\u00fablica, al\u00e9m dos pol\u00edticos que votaram contra Dilma. Destaca-se o envolvimento do poderoso conglomerado midi\u00e1tico Organiza\u00e7\u00f5es Globo que, utilizando-se de seus ve\u00edculos de comunica\u00e7\u00e3o, como o jornal\u00a0O Globo\u00a0e o notici\u00e1rio televisivo de mais alta audi\u00eancia no pa\u00eds, o\u00a0Jornal Nacional, demonizou e deslegitimou de maneira sistem\u00e1tica a ent\u00e3o presidente Dilma, o ex-presidente Lula e o PT em suas reportagens e editoriais ao seletivamente associ\u00e1-los \u00e0 corrup\u00e7\u00e3o disseminada e culp\u00e1-los pela s\u00e9ria recess\u00e3o econ\u00f4mica. Ap\u00f3s um resumo desse contexto sociopol\u00edtico, e uma breve defini\u00e7\u00e3o de manipula\u00e7\u00e3o, ser\u00e3o analisadas algumas das estrat\u00e9gias de manipula\u00e7\u00e3o empregadas pelos editoriais do jornal\u00a0O Globo, no per\u00edodo que compreende mar\u00e7o e abril de 2016.<\/span><\/p>\n<p style=\"text-align: justify;\"><span style=\"color: #0000ff;\">Leia artigo completo: <a style=\"color: #0000ff;\" href=\"https:\/\/www.conversaafiada.com.br\/pig\/assim-a-globo-derrubou-a-dilma\" data-saferedirecturl=\"https:\/\/www.google.com\/url?hl=pt-PT&amp;q=https:\/\/www.conversaafiada.com.br\/pig\/assim-a-globo-derrubou-a-dilma&amp;source=gmail&amp;ust=1509575363988000&amp;usg=AFQjCNH-kPpzyP04OTEVabJksHoWsq9c5Q\">https:\/\/www.conversaafiada.com.br\/pig\/assim-a-globo-derrubou-a-dilma<\/a><\/span><\/p>\n<p style=\"text-align: justify;\"><span style=\"color: #0000ff;\">Ricardo Bergamini<\/span><\/p>\n<p style=\"text-align: justify;\"><span style=\"color: #0000ff;\">(48) 99636-7322<\/span><br \/>\n<span style=\"color: #0000ff;\">(48) 99976-6974<\/span><br \/>\n<span style=\"color: #0000ff;\"><a style=\"color: #0000ff;\" href=\"mailto:ricardobergamini@ricardobergamini.com.br\" target=\"_blank\" rel=\"noopener\">ricardobergamini@ricardobergamini.com.br<br \/>\n<\/a><a style=\"color: #0000ff;\" href=\"http:\/\/www.ricardobergamini.com.br\/\" target=\"_blank\" rel=\"noopener\" data-saferedirecturl=\"https:\/\/www.google.com\/url?hl=pt-PT&amp;q=http:\/\/www.ricardobergamini.com.br\/&amp;source=gmail&amp;ust=1509575363988000&amp;usg=AFQjCNFLB4wrVRk5Z49416DNmz3gQfYlAg\">www.ricardobergamini.com.br<\/a><\/span><\/p>\n","protected":false},"excerpt":{"rendered":"<p>Conversa Afiada \u2013 Paulo Henrique Amorim Assim a Globo derrubou a Dilma E a Dilma engordou a Globo Da\u00a0Carta Maior: Como a Rede Globo manipulou&#8230;<\/p>\n","protected":false},"author":18,"featured_media":2230,"comment_status":"open","ping_status":"open","sticky":false,"template":"","format":"standard","meta":[],"categories":[2],"tags":[],"_links":{"self":[{"href":"http:\/\/acaopolitica.com\/index.php\/wp-json\/wp\/v2\/posts\/2229"}],"collection":[{"href":"http:\/\/acaopolitica.com\/index.php\/wp-json\/wp\/v2\/posts"}],"about":[{"href":"http:\/\/acaopolitica.com\/index.php\/wp-json\/wp\/v2\/types\/post"}],"author":[{"embeddable":true,"href":"http:\/\/acaopolitica.com\/index.php\/wp-json\/wp\/v2\/users\/18"}],"replies":[{"embeddable":true,"href":"http:\/\/acaopolitica.com\/index.php\/wp-json\/wp\/v2\/comments?post=2229"}],"version-history":[{"count":1,"href":"http:\/\/acaopolitica.com\/index.php\/wp-json\/wp\/v2\/posts\/2229\/revisions"}],"predecessor-version":[{"id":2231,"href":"http:\/\/acaopolitica.com\/index.php\/wp-json\/wp\/v2\/posts\/2229\/revisions\/2231"}],"wp:featuredmedia":[{"embeddable":true,"href":"http:\/\/acaopolitica.com\/index.php\/wp-json\/wp\/v2\/media\/2230"}],"wp:attachment":[{"href":"http:\/\/acaopolitica.com\/index.php\/wp-json\/wp\/v2\/media?parent=2229"}],"wp:term":[{"taxonomy":"category","embeddable":true,"href":"http:\/\/acaopolitica.com\/index.php\/wp-json\/wp\/v2\/categories?post=2229"},{"taxonomy":"post_tag","embeddable":true,"href":"http:\/\/acaopolitica.com\/index.php\/wp-json\/wp\/v2\/tags?post=2229"}],"curies":[{"name":"wp","href":"https:\/\/api.w.org\/{rel}","templated":true}]}}