{"id":2233,"date":"2017-11-05T02:05:09","date_gmt":"2017-11-05T02:05:09","guid":{"rendered":"http:\/\/acaopolitica.com\/?p=2233"},"modified":"2017-12-13T02:08:26","modified_gmt":"2017-12-13T02:08:26","slug":"temer-promete-nao-privatizar-congonhas-em-troca-de-votos-contra-denuncia","status":"publish","type":"post","link":"http:\/\/acaopolitica.com\/index.php\/2017\/11\/05\/temer-promete-nao-privatizar-congonhas-em-troca-de-votos-contra-denuncia\/","title":{"rendered":"Temer promete n\u00e3o privatizar Congonhas em troca de votos contra den\u00fancia"},"content":{"rendered":"<p style=\"text-align: justify;\"><span style=\"color: #0000ff;\">Garantia foi dada a ex-deputado para ter o apoio do PR<\/span><\/p>\n<p style=\"text-align: justify;\"><span style=\"color: #0000ff;\">Em troca de votos do PR para barrar a segunda den\u00fancia criminal que responde, o presidente Michel Temer prometeu ao ex-deputado Valdemar Costa Neto retirar o aeroporto de Congonhas da lista de privatiza\u00e7\u00f5es, informa a Folha de S.Paulo desta sexta-feira (20\/10).<\/span><\/p>\n<p style=\"text-align: justify;\"><span style=\"color: #0000ff;\">&lt;&lt;\u00a0<a style=\"color: #0000ff;\" href=\"http:\/\/www1.folha.uol.com.br\/mercado\/2017\/10\/1928567-para-barrar-segunda-denuncia-temer-promete-nao-privatizar-congonhas.shtml\" data-saferedirecturl=\"https:\/\/www.google.com\/url?hl=pt-PT&amp;q=http:\/\/www1.folha.uol.com.br\/mercado\/2017\/10\/1928567-para-barrar-segunda-denuncia-temer-promete-nao-privatizar-congonhas.shtml&amp;source=gmail&amp;ust=1509933439989000&amp;usg=AFQjCNFbcJXSnXxITHn0OQRN1Dp3TtWjQA\">Leia a no\u00edt\u00edcia na Folha<\/a><\/span><\/p>\n<p style=\"text-align: justify;\"><span style=\"color: #0000ff;\">Condenado no mensal\u00e3o, Costa Neto ainda \u00e9 influente no partido, que tem 37 deputados, quatro senadores e \u00a0\u201crecebeu importantes cargos no setor de transportes e tem poder de press\u00e3o nessa \u00e1rea\u201d, diz o jornal. Congonhas \u00e9 o aeroporto mais lucrativo da Infraero. \u201cDepois de muita<\/span><\/p>\n<p style=\"text-align: justify;\"><span style=\"color: #0000ff;\">insist\u00eancia do Minist\u00e9rio da Fazenda, que precisa refor\u00e7ar o caixa e aliviar o rombo no Or\u00e7amento, o Minist\u00e9rio dos Transportes e a Infraero concordaram em colocar Congonhas \u00e0 venda e o an\u00fancio foi feito.\u201d<\/span><\/p>\n<p style=\"text-align: justify;\"><span style=\"color: #0000ff;\">\u201cPessoas que participaram das discuss\u00f5es afirmam que, al\u00e9m dos votos para barrar a den\u00fancia na C\u00e2mara, Temer avaliou que, sem Congonhas, seria preciso injetar imediatamente cerca de R$ 400 milh\u00f5es na Infraero. E n\u00e3o h\u00e1 recursos dispon\u00edveis.\u201d<\/span><\/p>\n<p style=\"text-align: justify;\"><span style=\"color: #0000ff;\">Ricardo Bergamini<\/span><\/p>\n<p style=\"text-align: justify;\"><span style=\"color: #0000ff;\">(48) 99636-7322<\/span><br \/>\n<span style=\"color: #0000ff;\">(48) 99976-6974<\/span><br \/>\n<span style=\"color: #0000ff;\"><a style=\"color: #0000ff;\" href=\"mailto:ricardobergamini@ricardobergamini.com.br\" target=\"_blank\" rel=\"noopener\">ricardobergamini@ricardobergamini.com.br<br \/>\n<\/a><a style=\"color: #0000ff;\" href=\"http:\/\/www.ricardobergamini.com.br\/\" target=\"_blank\" rel=\"noopener\" data-saferedirecturl=\"https:\/\/www.google.com\/url?hl=pt-PT&amp;q=http:\/\/www.ricardobergamini.com.br\/&amp;source=gmail&amp;ust=1509933439989000&amp;usg=AFQjCNFKpA50bjCLHOHXHlsLzCkNYkoA1w\">www.ricardobergamini.com.br<\/a><\/span><\/p>\n","protected":false},"excerpt":{"rendered":"<p>Garantia foi dada a ex-deputado para ter o apoio do PR Em troca de votos do PR para barrar a segunda den\u00fancia criminal que responde,&#8230;<\/p>\n","protected":false},"author":18,"featured_media":2234,"comment_status":"open","ping_status":"open","sticky":false,"template":"","format":"standard","meta":[],"categories":[2],"tags":[],"_links":{"self":[{"href":"http:\/\/acaopolitica.com\/index.php\/wp-json\/wp\/v2\/posts\/2233"}],"collection":[{"href":"http:\/\/acaopolitica.com\/index.php\/wp-json\/wp\/v2\/posts"}],"about":[{"href":"http:\/\/acaopolitica.com\/index.php\/wp-json\/wp\/v2\/types\/post"}],"author":[{"embeddable":true,"href":"http:\/\/acaopolitica.com\/index.php\/wp-json\/wp\/v2\/users\/18"}],"replies":[{"embeddable":true,"href":"http:\/\/acaopolitica.com\/index.php\/wp-json\/wp\/v2\/comments?post=2233"}],"version-history":[{"count":1,"href":"http:\/\/acaopolitica.com\/index.php\/wp-json\/wp\/v2\/posts\/2233\/revisions"}],"predecessor-version":[{"id":2235,"href":"http:\/\/acaopolitica.com\/index.php\/wp-json\/wp\/v2\/posts\/2233\/revisions\/2235"}],"wp:featuredmedia":[{"embeddable":true,"href":"http:\/\/acaopolitica.com\/index.php\/wp-json\/wp\/v2\/media\/2234"}],"wp:attachment":[{"href":"http:\/\/acaopolitica.com\/index.php\/wp-json\/wp\/v2\/media?parent=2233"}],"wp:term":[{"taxonomy":"category","embeddable":true,"href":"http:\/\/acaopolitica.com\/index.php\/wp-json\/wp\/v2\/categories?post=2233"},{"taxonomy":"post_tag","embeddable":true,"href":"http:\/\/acaopolitica.com\/index.php\/wp-json\/wp\/v2\/tags?post=2233"}],"curies":[{"name":"wp","href":"https:\/\/api.w.org\/{rel}","templated":true}]}}