{"id":2251,"date":"2017-11-18T22:42:10","date_gmt":"2017-11-18T22:42:10","guid":{"rendered":"http:\/\/acaopolitica.com\/?p=2251"},"modified":"2017-11-18T22:44:47","modified_gmt":"2017-11-18T22:44:47","slug":"19-de-novembro-dia-da-bandeira","status":"publish","type":"post","link":"http:\/\/acaopolitica.com\/index.php\/2017\/11\/18\/19-de-novembro-dia-da-bandeira\/","title":{"rendered":"19 de novembro \u2013 Dia da Bandeira"},"content":{"rendered":"<h4><\/h4>\n<p class=\"post-sub-title\" style=\"text-align: justify;\"><span style=\"color: #0000ff;\">O Dia da Bandeira \u00e9 celebrado em 19 de novembro. Foi nesse dia, em 1889, que foi criado o modelo da bandeira republicana que adotamos at\u00e9 hoje.<\/span><\/p>\n<p style=\"text-align: justify;\"><span style=\"color: #0000ff;\">Comemora-se o <strong>Dia da Bandeira<\/strong>, no Brasil, em <strong>19 de novembro<\/strong>. Essa comemora\u00e7\u00e3o remete \u00e0 atmosfera da institui\u00e7\u00e3o da <strong>Rep\u00fablica<\/strong> em nosso pa\u00eds, no ano de 1889. A Rep\u00fablica foi proclamada em 15 de novembro desse ano, e a nova bandeira, tal como a conhecemos hoje, foi concebida no dia 19 por<strong> Raimundo Teixeira Mendes<\/strong>. A bandeira \u00e9 um dos s\u00edmbolos m\u00e1ximos de uma na\u00e7\u00e3o, aquele que mais fica em evid\u00eancia, que representa efetivamente o pa\u00eds. Essa import\u00e2ncia explica, em grande parte, a urg\u00eancia dos republicanos em reformularem a bandeira nacional.<\/span><\/p>\n<p style=\"text-align: justify;\"><span style=\"color: #0000ff;\">A bandeira antiga representava o <strong>Imp\u00e9rio<\/strong>, trazendo em seu centro um bras\u00e3o com a imagem da coroa e da cruz, s\u00edmbolos que se tornaram indesej\u00e1veis para os republicanos, j\u00e1 que o presidencialismo e a laicidade eram caracter\u00edsticas patentes do novo regime institu\u00eddo. Entretanto, mesmo rejeitando o bras\u00e3o imperial, Teixeira Mendes e seus auxiliares (<strong>Miguel<\/strong> <strong>de<\/strong> <strong>Lemos,<\/strong> <strong>Manuel<\/strong> <strong>Reis<\/strong> e <strong>D\u00e9cio<\/strong> <strong>Villares<\/strong>) tomaram o fundo verde e o losango dourado da bandeira imperial como base para a nova bandeira.<\/span><\/p>\n<p style=\"text-align: justify;\"><span style=\"color: #0000ff;\"><img title=\"Bandeira imperial\" src=\"http:\/\/mundoeducacao.bol.uol.com.br\/upload\/conteudo\/bandeira-imperial.jpg\" alt=\"A Bandeira Imperial brasileira teve o bras\u00e3o retirado para composi\u00e7\u00e3o da Bandeira Republicana\" \/><\/span><br \/>\n<span style=\"color: #0000ff;\"> A Bandeira Imperial brasileira teve o bras\u00e3o retirado para composi\u00e7\u00e3o da Bandeira Republicana<\/span><\/p>\n<p style=\"text-align: justify;\"><span style=\"color: #0000ff;\">No lugar do bras\u00e3o, foi colocado um c\u00edrculo azul marcado com as estrelas que seriam as mesmas do c\u00e9u do Rio de Janeiro na noite de 15 de novembro de 1889 (essas estrelas seriam associadas posteriormente aos estados da Federa\u00e7\u00e3o). Sobre o c\u00edrculo azul, foi colocada uma faixa branca com a frase: \u201c<strong>Ordem e Progresso<\/strong>\u201d. Essa frase \u00e9 uma refer\u00eancia ao pensamento do fil\u00f3sofo positivista franc\u00eas <strong>Auguste Comte<\/strong>, cuja influ\u00eancia foi extremamente grande entre os republicanos brasileiros.<\/span><\/p>\n<p style=\"text-align: justify;\"><span style=\"color: #0000ff;\">As cores de fundo da bandeira (o amarelo e o verde), por influ\u00eancia de alguns poetas rom\u00e2nticos, tamb\u00e9m republicanos, e sobretudo por obra dos pol\u00edticos que institu\u00edram a Rep\u00fablica, passaram a se associar unicamente \u00e0s caracter\u00edsticas naturais do Brasil, como as florestas frondosas e a riqueza da flora e da fauna, representadas pelo verde, e as riquezas minerais, a opul\u00eancia do ciclo do ouro, representados pela cor amarela. Essa representa\u00e7\u00e3o oculta o simbolismo origin\u00e1rio dessas cores.<\/span><\/p>\n<p style=\"text-align: justify;\"><span style=\"color: #0000ff;\">Originariamente, as cores amarela e verde foram escolhidas para compor a bandeira imperial com o objetivo de representar as duas casas aristocr\u00e1ticas que haviam institu\u00eddo a primeira dinastia brasileira, isto \u00e9, a casa dos <strong>Habsburgo,<\/strong> da \u00c1ustria, e a casa dos <strong>Bragan\u00e7a<\/strong>, de Portugal. \u00c0 primeira, representada pela cor amarela, pertencia a esposa de <strong>D. Pedro I<\/strong>, a imperatriz <strong>Leopoldina<\/strong>. \u00c0 segunda, representada pela cor verde, pertencia o imperador, filho de<strong> D. Jo\u00e3o VI<\/strong>. Essas cores foram escolhidas pela pr\u00f3pria imperatriz e indicadas \u00e0quele que elaborou a bandeira imperial, o pintor <strong>Jean-Baptiste<\/strong> <strong>Debret<\/strong>.<\/span><\/p>\n<p style=\"text-align: justify;\"><span style=\"color: #0000ff;\">Essas transforma\u00e7\u00f5es simb\u00f3licas pelas quais passou nossa bandeira nacional fazem do dia 19 uma ocasi\u00e3o importante para refletirmos a respeito de nossa hist\u00f3ria e da import\u00e2ncia dos s\u00edmbolos na compreens\u00e3o do passado de uma na\u00e7\u00e3o.<\/span><\/p>\n<p>&nbsp;<\/p>\n","protected":false},"excerpt":{"rendered":"<p>O Dia da Bandeira \u00e9 celebrado em 19 de novembro. Foi nesse dia, em 1889, que foi criado o modelo da bandeira republicana que adotamos&#8230;<\/p>\n","protected":false},"author":22,"featured_media":2252,"comment_status":"open","ping_status":"open","sticky":false,"template":"","format":"standard","meta":[],"categories":[3,2],"tags":[],"_links":{"self":[{"href":"http:\/\/acaopolitica.com\/index.php\/wp-json\/wp\/v2\/posts\/2251"}],"collection":[{"href":"http:\/\/acaopolitica.com\/index.php\/wp-json\/wp\/v2\/posts"}],"about":[{"href":"http:\/\/acaopolitica.com\/index.php\/wp-json\/wp\/v2\/types\/post"}],"author":[{"embeddable":true,"href":"http:\/\/acaopolitica.com\/index.php\/wp-json\/wp\/v2\/users\/22"}],"replies":[{"embeddable":true,"href":"http:\/\/acaopolitica.com\/index.php\/wp-json\/wp\/v2\/comments?post=2251"}],"version-history":[{"count":3,"href":"http:\/\/acaopolitica.com\/index.php\/wp-json\/wp\/v2\/posts\/2251\/revisions"}],"predecessor-version":[{"id":2255,"href":"http:\/\/acaopolitica.com\/index.php\/wp-json\/wp\/v2\/posts\/2251\/revisions\/2255"}],"wp:featuredmedia":[{"embeddable":true,"href":"http:\/\/acaopolitica.com\/index.php\/wp-json\/wp\/v2\/media\/2252"}],"wp:attachment":[{"href":"http:\/\/acaopolitica.com\/index.php\/wp-json\/wp\/v2\/media?parent=2251"}],"wp:term":[{"taxonomy":"category","embeddable":true,"href":"http:\/\/acaopolitica.com\/index.php\/wp-json\/wp\/v2\/categories?post=2251"},{"taxonomy":"post_tag","embeddable":true,"href":"http:\/\/acaopolitica.com\/index.php\/wp-json\/wp\/v2\/tags?post=2251"}],"curies":[{"name":"wp","href":"https:\/\/api.w.org\/{rel}","templated":true}]}}