{"id":2274,"date":"2017-11-26T19:58:25","date_gmt":"2017-11-26T19:58:25","guid":{"rendered":"http:\/\/acaopolitica.com\/?p=2274"},"modified":"2017-12-13T02:09:42","modified_gmt":"2017-12-13T02:09:42","slug":"o-brasil-vai-alcancar-resultado-fiscal-primario-zero-em-20-anos","status":"publish","type":"post","link":"http:\/\/acaopolitica.com\/index.php\/2017\/11\/26\/o-brasil-vai-alcancar-resultado-fiscal-primario-zero-em-20-anos\/","title":{"rendered":"O Brasil vai alcan\u00e7ar resultado fiscal prim\u00e1rio &#8220;zero&#8221; em 20 anos"},"content":{"rendered":"<p style=\"text-align: center;\"><span style=\"color: #0000ff;\">Pol\u00edtica Fiscal \u2013 Fonte BCB<\/span><\/p>\n<p style=\"text-align: center;\"><span style=\"color: #ff0000;\">Base: Setembro de 2017<\/span><\/p>\n<p style=\"text-align: justify;\"><span style=\"color: #0000ff;\">I &#8211; Resultados fiscais<\/span><\/p>\n<p style=\"text-align: justify;\"><span style=\"color: #0000ff;\">Em setembro o setor p\u00fablico consolidado registrou\u00a0deficit\u00a0prim\u00e1rio de R$ 21,3 bilh\u00f5es. O Governo Central apresentou\u00a0deficit\u00a0de R$ 22,2 bilh\u00f5es, e os governos regionais e as empresas estatais,\u00a0superavit\u00a0de R$ 776,0 milh\u00f5es e R$ 191,0 milh\u00f5es, respectivamente.<\/span><\/p>\n<p style=\"text-align: justify;\"><span style=\"color: #0000ff;\">No ano, o setor p\u00fablico consolidado registrou\u00a0deficit\u00a0prim\u00e1rio de R$ 82,1 bilh\u00f5es, ante\u00a0deficit\u00a0de R$ 85,5 bilh\u00f5es no mesmo per\u00edodo de 2016. No acumulado em doze meses at\u00e9 setembro, registrou-se\u00a0deficit\u00a0prim\u00e1rio de R$ 152,4 bilh\u00f5es (2,35% do PIB), 0,09 p.p. do PIB inferior ao\u00a0deficit\u00a0registrado em agosto.<\/span><\/p>\n<p style=\"text-align: justify;\"><span style=\"color: #0000ff;\">Os juros nominais do setor p\u00fablico consolidado, apropriados por compet\u00eancia, alcan\u00e7aram R$ 32,0 bilh\u00f5es em setembro, comparativamente a R$ 36,0 bilh\u00f5es em agosto. Contribuiu para essa redu\u00e7\u00e3o o menor n\u00famero de dias \u00fateis no m\u00eas. No acumulado no ano, os juros nominais somaram R$ 303,1 bilh\u00f5es, comparativamente a R$ 295,0 bilh\u00f5es no mesmo per\u00edodo do ano anterior. Em doze meses, os juros nominais alcan\u00e7aram R$ 415,1 bilh\u00f5es (6,40% do PIB), reduzindo-se 0,14 p.p. do PIB em rela\u00e7\u00e3o ao valor registrado em agosto.<\/span><\/p>\n<p style=\"text-align: justify;\"><span style=\"color: #0000ff;\">O resultado nominal do setor p\u00fablico consolidado, que inclui o resultado\u00a0prim\u00e1rio e os juros nominais apropriados, foi deficit\u00e1rio em R$ 53,3 bilh\u00f5es em setembro. No ano, o\u00a0deficit\u00a0nominal totalizou R$ 385,2 bilh\u00f5es, comparativamente a\u00a0deficit\u00a0de R$ 380,5 bilh\u00f5es no mesmo per\u00edodo do ano anterior. No acumulado em doze meses, o\u00a0deficit\u00a0nominal alcan\u00e7ou R$ 567,5 bilh\u00f5es (8,75% do PIB), reduzindo-se 0,23 p.p. do PIB em rela\u00e7\u00e3o ao\u00a0deficit\u00a0do m\u00eas anterior.<\/span><\/p>\n<p style=\"text-align: justify;\"><span style=\"color: #0000ff;\">O\u00a0deficit\u00a0nominal de setembro foi financiado mediante expans\u00f5es R$ 26,6 bilh\u00f5es na d\u00edvida banc\u00e1ria l\u00edquida, R$ 16,2 bilh\u00f5es na d\u00edvida mobili\u00e1ria e R$ 11,3 bilh\u00f5es nas demais fontes de financiamento interno, que incluem a base monet\u00e1ria. Essas expans\u00f5es foram parcialmente compensadas pela retra\u00e7\u00e3o de R$ 749,0 milh\u00f5es no financiamento externo l\u00edquido.<\/span><\/p>\n<p style=\"text-align: justify;\"><span style=\"color: #0000ff;\">II &#8211; D\u00edvida mobili\u00e1ria federal<\/span><\/p>\n<p style=\"text-align: justify;\"><span style=\"color: #0000ff;\">A d\u00edvida mobili\u00e1ria federal interna fora do Banco Central, avaliada pela posi\u00e7\u00e3o de carteira, totalizou R$ 3.312 bilh\u00f5es (51,1% do PIB) em setembro, registrando acr\u00e9scimo de R$ 25,6 bilh\u00f5es em rela\u00e7\u00e3o ao m\u00eas anterior. O resultado refletiu resgates l\u00edquidos de R$ 0,5 bilh\u00e3o, acr\u00e9scimo de R$ 0,1 bilh\u00e3o em raz\u00e3o da deprecia\u00e7\u00e3o cambial, e incorpora\u00e7\u00e3o de juros de R$ 25,9 bilh\u00f5es.<\/span><\/p>\n<p style=\"text-align: justify;\"><span style=\"color: #0000ff;\">Destacaram-se as emiss\u00f5es l\u00edquidas de R$ 20,8 bilh\u00f5es em LTN, de R$ 4,9 bilh\u00f5es em NTN-F e R$1,7 bilh\u00e3o em NTN-B, e os resgates l\u00edquidos de R$ 27,6 bilh\u00f5es em LFT.<\/span><\/p>\n<p style=\"text-align: justify;\"><span style=\"color: #0000ff;\">A participa\u00e7\u00e3o por indexador registrou a seguinte evolu\u00e7\u00e3o, em rela\u00e7\u00e3o ao m\u00eas de agosto: a porcentagem dos t\u00edtulos indexados ao c\u00e2mbio permaneceu em 0,3%; a dos t\u00edtulos vinculados \u00e0 taxa Selic reduziu-se de 24,3% para 23,8%, pelos resgates l\u00edquidos de LFT; a dos t\u00edtulos prefixados elevou-se de 26,6% para 27,3%, devido a emiss\u00f5es l\u00edquidas de LTN e NTN-F; e a dos t\u00edtulos indexados aos \u00edndices de pre\u00e7os passou de 22,8% para 23%, em fun\u00e7\u00e3o das emiss\u00f5es l\u00edquidas de NTN-B. A participa\u00e7\u00e3o das opera\u00e7\u00f5es compromissadas apresentou redu\u00e7\u00e3o de 25,7% para 25,4%, apresentando compras l\u00edquidas de R$ 17,5 bilh\u00f5es.<\/span><\/p>\n<p style=\"text-align: justify;\"><span style=\"color: #0000ff;\">Em setembro, a estrutura de vencimento da d\u00edvida mobili\u00e1ria em mercado foi a seguinte: R$ 79,4 bilh\u00f5es, 2,4% do total, com vencimento em 2017; R$ 478,0 bilh\u00f5es, 14,4% do total, com vencimento em 2018; e R$ 2.754,6 bilh\u00f5es, 83,2% do total, vencendo a partir de janeiro de 2019.<\/span><\/p>\n<p style=\"text-align: justify;\"><span style=\"color: #0000ff;\">No final de setembro, a exposi\u00e7\u00e3o total l\u00edquida nas opera\u00e7\u00f5es de\u00a0swap\u00a0cambial alcan\u00e7ou R$ 86,9 bilh\u00f5es. O resultado para o Banco Central, no regime caixa, dessas opera\u00e7\u00f5es no m\u00eas (posi\u00e7\u00e3o passiva em taxa Selic e posi\u00e7\u00e3o ativa em taxa de c\u00e2mbio mais cupom cambial), foi negativo em R$ 188,0 milh\u00f5es.<\/span><\/p>\n<p style=\"text-align: justify;\"><span style=\"color: #0000ff;\">III &#8211; D\u00edvida L\u00edquida do Setor P\u00fablico (DLSP) e D\u00edvida Bruta do Governo Geral (DBGG)<\/span><\/p>\n<p style=\"text-align: justify;\"><span style=\"color: #0000ff;\">A DLSP alcan\u00e7ou R$ 3.298,1 bilh\u00f5es (50,9% do PIB) em setembro, aumentando 0,7 p.p. do PIB em rela\u00e7\u00e3o ao m\u00eas anterior.<\/span><\/p>\n<p style=\"text-align: justify;\"><span style=\"color: #0000ff;\">No ano, a eleva\u00e7\u00e3o de 4,7 p.p. na rela\u00e7\u00e3o DLSP\/PIB decorreu da incorpora\u00e7\u00e3o de juros nominais (aumento de 4,7 p.p.), do\u00a0deficit\u00a0prim\u00e1rio (aumento de 1,3 p.p.), da valoriza\u00e7\u00e3o cambial acumulada de 2,8% (aumento de 0,4 p.p.), do reconhecimento de d\u00edvidas (aumento de 0,1 p.p.), do efeito do crescimento do PIB nominal (redu\u00e7\u00e3o de 1,5 p.p.), e do ajuste de paridade da cesta de moedas da d\u00edvida externa l\u00edquida (redu\u00e7\u00e3o de 0,2 p.p.).<\/span><\/p>\n<p style=\"text-align: justify;\"><span style=\"color: #0000ff;\">A DBGG (Governo Federal, INSS, governos estaduais e municipais) alcan\u00e7ou R$ 4.789,3 bilh\u00f5es em setembro (73,9% do PIB), elevando-se 0,2 p.p. do PIB em rela\u00e7\u00e3o ao m\u00eas anterior.<\/span><\/p>\n<p style=\"text-align: justify;\"><span style=\"color: #0000ff;\">O estoque da d\u00edvida l\u00edquida da Uni\u00e3o (interna mais l\u00edquida externa) em setembro de 2017 era de R$ 5.081,2 bilh\u00f5es (78,53% do PIB). <\/span><\/p>\n<p style=\"text-align: center;\"><span style=\"color: #ff0000;\">Arquivos oficiais do governo est\u00e3o dispon\u00edveis aos leitores.<\/span><\/p>\n<p style=\"text-align: justify;\"><span style=\"color: #0000ff;\">Ricardo Bergamini<\/span><\/p>\n<p style=\"text-align: justify;\"><span style=\"color: #0000ff;\">(48) 99636-7322<br \/>\n(48) 99976-6974<br \/>\n<a style=\"color: #0000ff;\" href=\"mailto:ricardobergamini@ricardobergamini.com.br\" target=\"_blank\" rel=\"noopener\">ricardobergamini@ricardobergamini.com.br<br \/>\n<\/a><\/span><span style=\"color: #0000ff;\"><a style=\"color: #0000ff;\" href=\"http:\/\/www.ricardobergamini.com.br\/\" target=\"_blank\" rel=\"noopener\" data-saferedirecturl=\"https:\/\/www.google.com\/url?hl=pt-PT&amp;q=http:\/\/www.ricardobergamini.com.br\/&amp;source=gmail&amp;ust=1511811500405000&amp;usg=AFQjCNHrA6qKc1s5mIZjqm5lcd_JpIVm1A\">www.ricardobergamini.com.br<\/a><\/span><\/p>\n","protected":false},"excerpt":{"rendered":"<p>Pol\u00edtica Fiscal \u2013 Fonte BCB Base: Setembro de 2017 I &#8211; Resultados fiscais Em setembro o setor p\u00fablico consolidado registrou\u00a0deficit\u00a0prim\u00e1rio de R$ 21,3 bilh\u00f5es. O&#8230;<\/p>\n","protected":false},"author":18,"featured_media":2281,"comment_status":"open","ping_status":"open","sticky":false,"template":"","format":"standard","meta":[],"categories":[1],"tags":[],"_links":{"self":[{"href":"http:\/\/acaopolitica.com\/index.php\/wp-json\/wp\/v2\/posts\/2274"}],"collection":[{"href":"http:\/\/acaopolitica.com\/index.php\/wp-json\/wp\/v2\/posts"}],"about":[{"href":"http:\/\/acaopolitica.com\/index.php\/wp-json\/wp\/v2\/types\/post"}],"author":[{"embeddable":true,"href":"http:\/\/acaopolitica.com\/index.php\/wp-json\/wp\/v2\/users\/18"}],"replies":[{"embeddable":true,"href":"http:\/\/acaopolitica.com\/index.php\/wp-json\/wp\/v2\/comments?post=2274"}],"version-history":[{"count":1,"href":"http:\/\/acaopolitica.com\/index.php\/wp-json\/wp\/v2\/posts\/2274\/revisions"}],"predecessor-version":[{"id":2279,"href":"http:\/\/acaopolitica.com\/index.php\/wp-json\/wp\/v2\/posts\/2274\/revisions\/2279"}],"wp:featuredmedia":[{"embeddable":true,"href":"http:\/\/acaopolitica.com\/index.php\/wp-json\/wp\/v2\/media\/2281"}],"wp:attachment":[{"href":"http:\/\/acaopolitica.com\/index.php\/wp-json\/wp\/v2\/media?parent=2274"}],"wp:term":[{"taxonomy":"category","embeddable":true,"href":"http:\/\/acaopolitica.com\/index.php\/wp-json\/wp\/v2\/categories?post=2274"},{"taxonomy":"post_tag","embeddable":true,"href":"http:\/\/acaopolitica.com\/index.php\/wp-json\/wp\/v2\/tags?post=2274"}],"curies":[{"name":"wp","href":"https:\/\/api.w.org\/{rel}","templated":true}]}}