{"id":2282,"date":"2017-11-28T01:59:54","date_gmt":"2017-11-28T01:59:54","guid":{"rendered":"http:\/\/acaopolitica.com\/?p=2282"},"modified":"2017-12-13T02:09:55","modified_gmt":"2017-12-13T02:09:55","slug":"a-burrice-nao-tem-fronteiras-ideologicas","status":"publish","type":"post","link":"http:\/\/acaopolitica.com\/index.php\/2017\/11\/28\/a-burrice-nao-tem-fronteiras-ideologicas\/","title":{"rendered":"A burrice n\u00e3o tem fronteiras ideol\u00f3gicas"},"content":{"rendered":"<p style=\"text-align: center;\"><span style=\"color: #0000ff;\">Autonomia do Banco Central do Brasil<\/span><\/p>\n<p style=\"text-align: center;\"><span style=\"color: #ff0000;\">Roberto Campos<\/span><\/p>\n<p style=\"text-align: justify;\"><span style=\"color: #0000ff;\">Quando propusemos em, 1965 &#8211; o professor Bulh\u00f5es e eu -, a cria\u00e7\u00e3o do Banco Central, como controlador e guardi\u00e3o da moeda, jamais imagin\u00e1vamos que ele se transformaria em um grande banco rural, c\u00famplice ao inv\u00e9s de disciplinador da expans\u00e3o monet\u00e1ria. Teve suas fun\u00e7\u00f5es ampliadas e sua independ\u00eancia reduzidas. \u00c9 preciso retorn\u00e1-la \u00e0 sua concep\u00e7\u00e3o original.<\/span><\/p>\n<p style=\"text-align: justify;\"><span style=\"color: #0000ff;\">Outro exemplo de pervers\u00e3o institucional \u00e9 o open market. Concebido originalmente como instrumento de controle monet\u00e1rio, tornou-se um grande acelerador da velocidade de circula\u00e7\u00e3o de v\u00e1rios tipos de quase-moeda. A regula\u00e7\u00e3o da base monet\u00e1ria perdeu efic\u00e1cia, porque pouco adianta controlar o estoque de meios de pagamento sem controlar a velocidade do fluxo de quase\u2013moeda. Com o open market conseguimos o feito singular de criar um mercado secund\u00e1rio sem um mercado prim\u00e1rio!<\/span><\/p>\n<p style=\"text-align: justify;\"><span style=\"color: #0000ff;\">J\u00e1 que estamos neste tema, que dizer das excruciantes taxas de juros no segmento livre do mercado, que afligem nossas empresas? Ab initio, descartemos duas solu\u00e7\u00f5es que nada solucionam:<\/span><\/p>\n<p style=\"text-align: justify;\"><span style=\"color: #0000ff;\">&#8211; O tabelamento dos juros; e<\/span><\/p>\n<p style=\"text-align: justify;\"><span style=\"color: #0000ff;\">&#8211; A nacionaliza\u00e7\u00e3o dos bancos privados.<\/span><\/p>\n<p style=\"text-align: justify;\"><span style=\"color: #0000ff;\">A primeira causa dos juros altos \u00e9 a \u201cexpectativa\u201d de infla\u00e7\u00e3o e de desvaloriza\u00e7\u00e3o cambial, que alimenta a infla\u00e7\u00e3o e dela se realimenta. Em segundo lugar a bizarra coexist\u00eancia de taxas negativas para dois ter\u00e7o dos empr\u00e9stimos e taxas explosivas para o ter\u00e7o restante, pois que a isso se limita o segmento livre de mercado. Este mercado n\u00e3o \u00e9 caldeira; \u00e9 a v\u00e1lvula de escape da excessiva press\u00e3o da procura. <\/span><\/p>\n<p style=\"text-align: justify;\"><span style=\"color: #0000ff;\">Eliminando o cr\u00e9dito subvencionado, descobrir\u00edamos o milagre aritm\u00e9tico da m\u00e9dia: os juros tenderiam a baixar pela diminui\u00e7\u00e3o da procura e pela mudan\u00e7a de expectativa! E o mercado banc\u00e1rio se tornaria mais competitivo, pois os bancos n\u00e3o mais precisariam ser racionados, dado que o governo poderia melhor controlar a base monet\u00e1ria, e cessaria de pressionar o mercado financeiro que reflete fielmente o excesso de demanda de recursos por parte do setor p\u00fablico, quer federal quer estadual.<\/span><\/p>\n<p style=\"text-align: justify;\"><span style=\"color: #0000ff;\">Nota: Apesar de ter sido escrito na d\u00e9cada de 1980 se ajusta perfeitamente aos dias atuais. <\/span><\/p>\n<p style=\"text-align: justify;\"><span style=\"color: #0000ff;\">Ricardo Bergamini<\/span><\/p>\n<p style=\"text-align: justify;\"><span style=\"color: #0000ff;\">(48) 99636-7322<br \/>\n(48) 99976-6974<br \/>\n<a style=\"color: #0000ff;\" href=\"mailto:ricardobergamini@ricardobergamini.com.br\" target=\"_blank\" rel=\"noopener\">ricardobergamini@ricardobergamini.com.br<br \/>\n<\/a><\/span><span style=\"color: #0000ff;\"><a style=\"color: #0000ff;\" href=\"http:\/\/www.ricardobergamini.com.br\/\" target=\"_blank\" rel=\"noopener\" data-saferedirecturl=\"https:\/\/www.google.com\/url?hl=pt-PT&amp;q=http:\/\/www.ricardobergamini.com.br\/&amp;source=gmail&amp;ust=1511920078987000&amp;usg=AFQjCNGQBG3HkUEPdy3TfKBZRkJZ0xF2yQ\">www.ricardobergamini.com.br<\/a><\/span><\/p>\n","protected":false},"excerpt":{"rendered":"<p>Autonomia do Banco Central do Brasil Roberto Campos Quando propusemos em, 1965 &#8211; o professor Bulh\u00f5es e eu -, a cria\u00e7\u00e3o do Banco Central, como&#8230;<\/p>\n","protected":false},"author":18,"featured_media":2284,"comment_status":"open","ping_status":"open","sticky":false,"template":"","format":"standard","meta":[],"categories":[2],"tags":[],"_links":{"self":[{"href":"http:\/\/acaopolitica.com\/index.php\/wp-json\/wp\/v2\/posts\/2282"}],"collection":[{"href":"http:\/\/acaopolitica.com\/index.php\/wp-json\/wp\/v2\/posts"}],"about":[{"href":"http:\/\/acaopolitica.com\/index.php\/wp-json\/wp\/v2\/types\/post"}],"author":[{"embeddable":true,"href":"http:\/\/acaopolitica.com\/index.php\/wp-json\/wp\/v2\/users\/18"}],"replies":[{"embeddable":true,"href":"http:\/\/acaopolitica.com\/index.php\/wp-json\/wp\/v2\/comments?post=2282"}],"version-history":[{"count":1,"href":"http:\/\/acaopolitica.com\/index.php\/wp-json\/wp\/v2\/posts\/2282\/revisions"}],"predecessor-version":[{"id":2285,"href":"http:\/\/acaopolitica.com\/index.php\/wp-json\/wp\/v2\/posts\/2282\/revisions\/2285"}],"wp:featuredmedia":[{"embeddable":true,"href":"http:\/\/acaopolitica.com\/index.php\/wp-json\/wp\/v2\/media\/2284"}],"wp:attachment":[{"href":"http:\/\/acaopolitica.com\/index.php\/wp-json\/wp\/v2\/media?parent=2282"}],"wp:term":[{"taxonomy":"category","embeddable":true,"href":"http:\/\/acaopolitica.com\/index.php\/wp-json\/wp\/v2\/categories?post=2282"},{"taxonomy":"post_tag","embeddable":true,"href":"http:\/\/acaopolitica.com\/index.php\/wp-json\/wp\/v2\/tags?post=2282"}],"curies":[{"name":"wp","href":"https:\/\/api.w.org\/{rel}","templated":true}]}}