{"id":2314,"date":"2017-12-23T00:25:39","date_gmt":"2017-12-23T00:25:39","guid":{"rendered":"http:\/\/acaopolitica.com\/?p=2314"},"modified":"2018-01-18T15:04:23","modified_gmt":"2018-01-18T15:04:23","slug":"balanco-patrimonial-do-brasil-publico-apresentou-patrimonio-liquido-negativo-de-r-26-trilhoes","status":"publish","type":"post","link":"http:\/\/acaopolitica.com\/index.php\/2017\/12\/23\/balanco-patrimonial-do-brasil-publico-apresentou-patrimonio-liquido-negativo-de-r-26-trilhoes\/","title":{"rendered":"Balan\u00e7o patrimonial do &#8220;Brasil P\u00fablico&#8221; apresentou patrim\u00f4nio l\u00edquido negativo de R$ 2,6 trilh\u00f5es"},"content":{"rendered":"<p style=\"text-align: justify;\"><span style=\"color: #ff0000;\">\u00c9 lament\u00e1vel que a grande maioria dos brasileiros n\u00e3o tenha interesse em n\u00fameros, gr\u00e1ficos e tabelas, caso contr\u00e1rio n\u00e3o estariam festejando pequenos indicadores de curto prazo favor\u00e1veis se tivessem conhecimento do balan\u00e7o patrimonial da Uni\u00e3o abaixo que apresentou um patrim\u00f4nio l\u00edquido negativo de R$ 1,4 trilh\u00e3o em 2015 e de R$ 2,0 trilh\u00f5es em 2016 que n\u00e3o ser\u00e1 resolvido com medidas de perfumaria.\u00a0 <\/span><\/p>\n<p style=\"text-align: justify;\"><span style=\"color: #ff0000;\">Em 2016 o patrim\u00f4nio l\u00edquido negativo da Uni\u00e3o que \u00e9 a diferen\u00e7a existente entre todos os haveres do governo (ativos \u2013 R$ 4,7 trilh\u00f5es) e os deveres do governo (passivos \u2013 R$ 6,7 trilh\u00f5es) foi de R$ 2,0 trilh\u00f5es. Se fosse uma empresa privada estaria falida, mas como os pa\u00edses n\u00e3o falem ser\u00e3o eliminados os s\u00f3cios (povo) minorit\u00e1rios mais fr\u00e1geis. O Brasil n\u00e3o poder\u00e1 fazer mais nada pelos seus s\u00f3cios minorit\u00e1rios no campo da educa\u00e7\u00e3o, da seguran\u00e7a e da sa\u00fade. Isso eu garanto!<\/span><\/p>\n<p style=\"text-align: justify;\"><span style=\"color: #ff0000;\">Em 2016, considerando o balan\u00e7o patrimonial consolidado da Uni\u00e3o, Estados e Munic\u00edpios o ativo foi de R$ 6,2 trilh\u00f5es e o passivo de R$ 8,8 trilh\u00f5es gerando um passivo a descoberto ou patrim\u00f4nio l\u00edquido negativo de R$ 2,6 trilh\u00f5es.<\/span><\/p>\n<p style=\"text-align: justify;\"><span style=\"color: #ff0000;\">Vamos entrar em um ano eleitoral sem se citar nada sobre assuntos de macroeconomia, mas somente abordando temas de abobrinhas e perfumaria. Ou no m\u00e1ximo, assuntos de microeconomia de conhecimento de qualquer analista j\u00fanior.<\/span><\/p>\n<p style=\"text-align: justify;\"><span style=\"color: #ff0000;\">Vamos parar de brincar de economia que Gra\u00e7as a Deus n\u00e3o existem milagres.<\/span><\/p>\n<p><img loading=\"lazy\" class=\"alignnone  wp-image-3242\" src=\"http:\/\/www.brasileirosdebem.com.br\/wp-content\/uploads\/2017\/12\/unnamed-300x226.png\" alt=\"unnamed\" width=\"708\" height=\"533\" \/><\/p>\n<p><img loading=\"lazy\" class=\"alignnone  wp-image-3243\" src=\"http:\/\/www.brasileirosdebem.com.br\/wp-content\/uploads\/2017\/12\/unnamed.pngf_-300x273.png\" alt=\"unnamed.pngf\" width=\"709\" height=\"645\" \/><\/p>\n<p>Ricardo Bergamini<\/p>\n<p>(48) 99636-7322<br \/>\n(48) 99976-6974<br \/>\n<a href=\"mailto:ricardobergamini@ricardobergamini.com.br\" target=\"_blank\" rel=\"noopener\">ricardobergamini@ricardobergamini.com.br<br \/>\n<\/a><a href=\"http:\/\/www.ricardobergamini.com.br\/\" target=\"_blank\" rel=\"noopener\" data-saferedirecturl=\"https:\/\/www.google.com\/url?hl=pt-PT&amp;q=http:\/\/www.ricardobergamini.com.br\/&amp;source=gmail&amp;ust=1514074150950000&amp;usg=AFQjCNGzMl7kIaXocJVJFteS1NFab0_SLw\">www.ricardobergamini.com.br<\/a><\/p>\n","protected":false},"excerpt":{"rendered":"<p>\u00c9 lament\u00e1vel que a grande maioria dos brasileiros n\u00e3o tenha interesse em n\u00fameros, gr\u00e1ficos e tabelas, caso contr\u00e1rio n\u00e3o estariam festejando pequenos indicadores de curto&#8230;<\/p>\n","protected":false},"author":18,"featured_media":2199,"comment_status":"open","ping_status":"open","sticky":false,"template":"","format":"standard","meta":[],"categories":[10],"tags":[],"_links":{"self":[{"href":"http:\/\/acaopolitica.com\/index.php\/wp-json\/wp\/v2\/posts\/2314"}],"collection":[{"href":"http:\/\/acaopolitica.com\/index.php\/wp-json\/wp\/v2\/posts"}],"about":[{"href":"http:\/\/acaopolitica.com\/index.php\/wp-json\/wp\/v2\/types\/post"}],"author":[{"embeddable":true,"href":"http:\/\/acaopolitica.com\/index.php\/wp-json\/wp\/v2\/users\/18"}],"replies":[{"embeddable":true,"href":"http:\/\/acaopolitica.com\/index.php\/wp-json\/wp\/v2\/comments?post=2314"}],"version-history":[{"count":1,"href":"http:\/\/acaopolitica.com\/index.php\/wp-json\/wp\/v2\/posts\/2314\/revisions"}],"predecessor-version":[{"id":2315,"href":"http:\/\/acaopolitica.com\/index.php\/wp-json\/wp\/v2\/posts\/2314\/revisions\/2315"}],"wp:featuredmedia":[{"embeddable":true,"href":"http:\/\/acaopolitica.com\/index.php\/wp-json\/wp\/v2\/media\/2199"}],"wp:attachment":[{"href":"http:\/\/acaopolitica.com\/index.php\/wp-json\/wp\/v2\/media?parent=2314"}],"wp:term":[{"taxonomy":"category","embeddable":true,"href":"http:\/\/acaopolitica.com\/index.php\/wp-json\/wp\/v2\/categories?post=2314"},{"taxonomy":"post_tag","embeddable":true,"href":"http:\/\/acaopolitica.com\/index.php\/wp-json\/wp\/v2\/tags?post=2314"}],"curies":[{"name":"wp","href":"https:\/\/api.w.org\/{rel}","templated":true}]}}