{"id":2316,"date":"2017-12-23T21:03:24","date_gmt":"2017-12-23T21:03:24","guid":{"rendered":"http:\/\/acaopolitica.com\/?p=2316"},"modified":"2018-01-18T15:04:32","modified_gmt":"2018-01-18T15:04:32","slug":"camara-autoriza-aposentadoria-de-quase-r-10-mil-a-jose-dirceu","status":"publish","type":"post","link":"http:\/\/acaopolitica.com\/index.php\/2017\/12\/23\/camara-autoriza-aposentadoria-de-quase-r-10-mil-a-jose-dirceu\/","title":{"rendered":"C\u00e2mara autoriza aposentadoria de quase R$ 10 mil a Jos\u00e9 Dirceu"},"content":{"rendered":"<p style=\"text-align: justify;\"><span style=\"color: #0000ff;\">Ex-ministro foi preso na 17\u00aa fase da Opera\u00e7\u00e3o Lava Jato, mas atualmente est\u00e1 em liberdade e cumpre medidas alternativas<\/span><\/p>\n<p style=\"text-align: justify;\"><span style=\"color: #0000ff;\">O ex-ministro e deputado cassado Jos\u00e9 Dirceu (PT), condenado no mensal\u00e3o e tamb\u00e9m na Opera\u00e7\u00e3o Lava Jato, teve seu pedido de averba\u00e7\u00e3o para c\u00e1lculo de sua aposentadoria, dos 11 anos em que exerceu cargo de deputado na C\u00e2mara ao tempo de Previd\u00eancia, aprovado pelo presidente da Casa, Rodrigo Maia (DEM-RJ). Com a autoriza\u00e7\u00e3o, o petista passar\u00e1 a receber R$ 9.646,00 por m\u00eas de aposentadoria.<\/span><\/p>\n<p style=\"text-align: justify;\"><span style=\"color: #0000ff;\">Dirceu foi cassado em 2005, ap\u00f3s seu envolvimento no mensal\u00e3o e exerceu mandato na C\u00e2mara de 1991 a 1995, depois de 1999 a 2003 e, posteriormente, de 2003 a 2005, quando foi cassado. Na Lava Jato, o ex-parlamentar foi condenado a pouco mais de 30 anos de pris\u00e3o. H\u00e1 quase dois meses, a \u00e1rea t\u00e9cnica da C\u00e2mara havia emitido parecer favor\u00e1vel ao pedido de Dirceu, que tem direito a receber aposentadoria como ex-deputado. O pedido aguardava apenas aval do na mesa do presidente da C\u00e2mara.<\/span><\/p>\n<p style=\"text-align: justify;\"><span style=\"color: #0000ff;\">&lt;&lt;\u00a0<a style=\"color: #0000ff;\" href=\"http:\/\/congressoemfoco.uol.com.br\/noticias\/camara-e-multada-em-r-26-milhoes-por-retiradas-da-previdencia-para-ressarcir-plano-parlamentar\/\" data-saferedirecturl=\"https:\/\/www.google.com\/url?hl=pt-PT&amp;q=http:\/\/congressoemfoco.uol.com.br\/noticias\/camara-e-multada-em-r-26-milhoes-por-retiradas-da-previdencia-para-ressarcir-plano-parlamentar\/&amp;source=gmail&amp;ust=1514148976560000&amp;usg=AFQjCNHrzgpRbgVTb1aDw3zQRzXUoCp6WQ\">C\u00e2mara \u00e9 multada em R$ 26 milh\u00f5es por retiradas da Previd\u00eancia para ressarcir plano parlamentar<\/a><\/span><\/p>\n<p style=\"text-align: justify;\"><span style=\"color: #0000ff;\">Pelas regras do Plano de Seguridade Social dos Congressistas (PSSC), o tempo de contribui\u00e7\u00e3o pode ser contado com outros trabalhos exercidos antes do mandato. Por conta do mandato, o parlamentar tem direito a receber acima do limite do teto da Previd\u00eancia estabelecido para o trabalhador comum, que atualmente \u00e9 de R$ R$ 5.531,31.<\/span><\/p>\n<p style=\"text-align: justify;\"><span style=\"color: #0000ff;\">O ex-parlamentar, no entanto, n\u00e3o \u00e9 o \u00fanico que mesmo cassado tem direito ao benef\u00edcio. O ex-deputado Roberto Jefferson, que tamb\u00e9m fez o pedido depois de ter sido cassado, em 2005, atualmente recebe da Casa R$ 23,3 mil. Hoje, pelo menos nove deputados cassados por envolvimento em esc\u00e2ndalos de corrup\u00e7\u00e3o recebem de R$ 8.775,38 a 23.344,70 por m\u00eas de aposentadoria da C\u00e2mara, conforme revelou o jornal\u00a0O Estado de S. Paulo\u00a0no \u00faltimo m\u00eas.<\/span><\/p>\n<p style=\"text-align: justify;\"><span style=\"color: #0000ff;\">&lt;&lt;\u00a0<a style=\"color: #0000ff;\" href=\"http:\/\/congressoemfoco.uol.com.br\/noticias\/deputados-cassados-por-corrupcao-recebem-ate-r23-mil-de-aposentadoria-da-camara\/\" data-saferedirecturl=\"https:\/\/www.google.com\/url?hl=pt-PT&amp;q=http:\/\/congressoemfoco.uol.com.br\/noticias\/deputados-cassados-por-corrupcao-recebem-ate-r23-mil-de-aposentadoria-da-camara\/&amp;source=gmail&amp;ust=1514148976560000&amp;usg=AFQjCNGwMUlqkA5Iy67DmOqGhW1zq47mpQ\">Deputados cassados por corrup\u00e7\u00e3o recebem at\u00e9 R$23 mil de aposentadoria da C\u00e2mara<\/a><\/span><\/p>\n<p style=\"text-align: justify;\"><span style=\"color: #0000ff;\">Condena\u00e7\u00f5es<\/span><\/p>\n<p style=\"text-align: justify;\"><span style=\"color: #0000ff;\">Na A\u00e7\u00e3o Penal 470, do mensal\u00e3o, Dirceu foi condenado pelo STF por corrup\u00e7\u00e3o em dezembro de 2012. Em novembro de 2013 foi preso e, em 2014, obteve o direito de ser transferido para a pris\u00e3o domiciliar. Em 2015, o ex-ministro voltou para a pris\u00e3o pela Opera\u00e7\u00e3o Lava Jato.<\/span><\/p>\n<p style=\"text-align: justify;\"><span style=\"color: #0000ff;\">Dirceu foi preso na 17\u00aa fase da Opera\u00e7\u00e3o Lava Jato, batizada de \u201cPixuleco\u201d. Na Lava Jato, o\u00a0ex-ministro foi condenado\u00a0 duas vezes por corrup\u00e7\u00e3o, lavagem de dinheiro e participa\u00e7\u00e3o em organiza\u00e7\u00e3o criminosa. Juntas, as duas penas chegam a 32 anos de pris\u00e3o. Em maio, por decis\u00e3o do Supremo Tribunal Federal (STF), o ex-ministro deixou a cadeia e cumpre medidas alternativas.<\/span><\/p>\n<p style=\"text-align: justify;\"><span style=\"color: #0000ff;\">&lt;&lt;\u00a0<a style=\"color: #0000ff;\" href=\"http:\/\/congressoemfoco.uol.com.br\/noticias\/deputado-se-aposenta-depois-de-apenas-dois-anos-de-mandato\/\" data-saferedirecturl=\"https:\/\/www.google.com\/url?hl=pt-PT&amp;q=http:\/\/congressoemfoco.uol.com.br\/noticias\/deputado-se-aposenta-depois-de-apenas-dois-anos-de-mandato\/&amp;source=gmail&amp;ust=1514148976561000&amp;usg=AFQjCNGXSic1UyYKbWAAJCgIoHTHkCGA0w\">Deputado se aposenta depois de apenas dois anos de mandato<\/a><\/span><\/p>\n<p style=\"text-align: justify;\"><span style=\"color: #0000ff;\">&lt;&lt;\u00a0<a style=\"color: #0000ff;\" href=\"http:\/\/congressoemfoco.uol.com.br\/noticias\/condenado-no-mensalao-e-na-lava-jato-dirceu-pede-aposentadoria-especial-a-camara\/\" data-saferedirecturl=\"https:\/\/www.google.com\/url?hl=pt-PT&amp;q=http:\/\/congressoemfoco.uol.com.br\/noticias\/condenado-no-mensalao-e-na-lava-jato-dirceu-pede-aposentadoria-especial-a-camara\/&amp;source=gmail&amp;ust=1514148976561000&amp;usg=AFQjCNEPS6Pk7_J9w-O8Gr9fbZXOoS7-sQ\">Condenado no mensal\u00e3o e na Lava Jato, Dirceu pede aposentadoria especial \u00e0 C\u00e2mara<\/a><\/span><\/p>\n<p style=\"text-align: justify;\"><span style=\"color: #0000ff;\">Ricardo Bergamini<\/span><\/p>\n<p style=\"text-align: justify;\"><span style=\"color: #0000ff;\">(48) 99636-7322<\/span><br \/>\n<span style=\"color: #0000ff;\">(48) 99976-6974<\/span><br \/>\n<span style=\"color: #0000ff;\"><a style=\"color: #0000ff;\" href=\"http:\/\/www.ricardobergamini.com.br\/\" target=\"_blank\" rel=\"noopener\" data-saferedirecturl=\"https:\/\/www.google.com\/url?hl=pt-PT&amp;q=http:\/\/www.ricardobergamini.com.br\/&amp;source=gmail&amp;ust=1514148976561000&amp;usg=AFQjCNEwhEAIghPzbhmCvOXUQMneQxccdg\">ricardobergamini@ricardobergamini.com.br<br \/>\nwww.ricardobergamini.com.br<\/a><\/span><\/p>\n","protected":false},"excerpt":{"rendered":"<p>Ex-ministro foi preso na 17\u00aa fase da Opera\u00e7\u00e3o Lava Jato, mas atualmente est\u00e1 em liberdade e cumpre medidas alternativas O ex-ministro e deputado cassado Jos\u00e9&#8230;<\/p>\n","protected":false},"author":18,"featured_media":2317,"comment_status":"open","ping_status":"open","sticky":false,"template":"","format":"standard","meta":[],"categories":[2],"tags":[],"_links":{"self":[{"href":"http:\/\/acaopolitica.com\/index.php\/wp-json\/wp\/v2\/posts\/2316"}],"collection":[{"href":"http:\/\/acaopolitica.com\/index.php\/wp-json\/wp\/v2\/posts"}],"about":[{"href":"http:\/\/acaopolitica.com\/index.php\/wp-json\/wp\/v2\/types\/post"}],"author":[{"embeddable":true,"href":"http:\/\/acaopolitica.com\/index.php\/wp-json\/wp\/v2\/users\/18"}],"replies":[{"embeddable":true,"href":"http:\/\/acaopolitica.com\/index.php\/wp-json\/wp\/v2\/comments?post=2316"}],"version-history":[{"count":1,"href":"http:\/\/acaopolitica.com\/index.php\/wp-json\/wp\/v2\/posts\/2316\/revisions"}],"predecessor-version":[{"id":2318,"href":"http:\/\/acaopolitica.com\/index.php\/wp-json\/wp\/v2\/posts\/2316\/revisions\/2318"}],"wp:featuredmedia":[{"embeddable":true,"href":"http:\/\/acaopolitica.com\/index.php\/wp-json\/wp\/v2\/media\/2317"}],"wp:attachment":[{"href":"http:\/\/acaopolitica.com\/index.php\/wp-json\/wp\/v2\/media?parent=2316"}],"wp:term":[{"taxonomy":"category","embeddable":true,"href":"http:\/\/acaopolitica.com\/index.php\/wp-json\/wp\/v2\/categories?post=2316"},{"taxonomy":"post_tag","embeddable":true,"href":"http:\/\/acaopolitica.com\/index.php\/wp-json\/wp\/v2\/tags?post=2316"}],"curies":[{"name":"wp","href":"https:\/\/api.w.org\/{rel}","templated":true}]}}