{"id":2322,"date":"2017-12-27T19:07:44","date_gmt":"2017-12-27T19:07:44","guid":{"rendered":"http:\/\/acaopolitica.com\/?p=2322"},"modified":"2018-01-18T15:04:43","modified_gmt":"2018-01-18T15:04:43","slug":"o-desprezo-pela-logica-e-a-razao","status":"publish","type":"post","link":"http:\/\/acaopolitica.com\/index.php\/2017\/12\/27\/o-desprezo-pela-logica-e-a-razao\/","title":{"rendered":"O desprezo pela l\u00f3gica e a raz\u00e3o"},"content":{"rendered":"<p style=\"text-align: justify;\"><span style=\"color: #0000ff;\">Por\u00a0<a style=\"color: #0000ff;\" href=\"http:\/\/www.puggina.org\/artigo\/puggina\/apesar-de-voce-gilmar-mendes-amanha-ha-de-ser\/10900\" data-saferedirecturl=\"https:\/\/www.google.com\/url?hl=pt-PT&amp;q=http:\/\/www.puggina.org\/artigo\/puggina\/apesar-de-voce-gilmar-mendes-amanha-ha-de-ser\/10900&amp;source=gmail&amp;ust=1514486806561000&amp;usg=AFQjCNFI4G7GuCDzka504LB4x86ZNMoqDA\">Percival Puggina<\/a><\/span><\/p>\n<p style=\"text-align: justify;\"><span style=\"color: #0000ff;\">Do not\u00e1vel humorista e ator Grouxo Marx: \u201cEstes s\u00e3o meus princ\u00edpios; se n\u00e3o gostar, tenho outros\u201d.<\/span><\/p>\n<p style=\"text-align: justify;\"><span style=\"color: #0000ff;\">Pois eu uso os mesmos princ\u00edpios h\u00e1 tanto tempo que n\u00e3o saberia servir-me de outros. Um deles me impede de invadir a consci\u00eancia alheia para emitir ju\u00edzos de car\u00e1ter. Considero viol\u00eancia faz\u00ea-lo. No entanto, quando uma figura p\u00fablica mostra, de modo reiterado e persistente, total desmazelo em rela\u00e7\u00e3o \u00e0 pr\u00f3pria imagem, eu me sinto desobrigado de manter a prudente condescend\u00eancia que ela n\u00e3o outorga a si mesma. O ministro Gilmar Mendes se enquadra nesse caso. Nos \u00faltimos meses, tornou-se o personagem mais mencionado da cena brasileira, comparecendo a todas as rodas, mesas e colunas de jornal.<\/span><\/p>\n<p style=\"text-align: justify;\"><span style=\"color: #0000ff;\">O dever de formar opini\u00e3o sobre figuras de tal porte n\u00e3o \u00e9 facultativo, mas impositivo \u00e0 condi\u00e7\u00e3o de cidad\u00e3o. Se, como ministro do STF, Gilmar j\u00e1 \u00e9, por natureza, uma pessoa p\u00fablica, suas a\u00e7\u00f5es desde o julgamento da chapa Dilma-Temer no TSE o trouxeram para o centro da ribalta, onde vaias e aplausos n\u00e3o costumam ser poupados. E nesse particular, o ministro foi, aos poucos, personificando os inimigos da Lava Jato. Quem quiser dar-lhes rosto e representar a prote\u00e7\u00e3o aos corruptos for\u00e7osamente desenhar\u00e1 uma face redonda, bochechuda, e l\u00e1bios arqueados para baixo sob o peso de uma personalidade insolente.<\/span><\/p>\n<p style=\"text-align: justify;\"><span style=\"color: #0000ff;\">Afinal, algu\u00e9m precisa proteger os endinheirados do Brasil; algu\u00e9m, neste pa\u00eds t\u00e3o injusto, precisa mostrar que corruptos ricos tamb\u00e9m t\u00eam direitos e que a cantina do pres\u00eddio n\u00e3o \u00e9 lugar para gr\u00e3-finas. Cart\u00e9is n\u00e3o devem ser misturados, todo mundo sabe. Bastou Lula dizer que o Rio n\u00e3o merece ter governadores presos por haverem roubado o dinheiro do povo para Gilmar devolver Garotinho aos bra\u00e7os desse mesmo povo. E s\u00f3 n\u00e3o soltou a esposa Rosinha porque esta j\u00e1 estava em casa, claro, de tornozeleira, esperando pelo marido, como conv\u00e9m \u00e0s v\u00e9speras do Natal. Ora essa! Bando de gente desumana!<\/span><\/p>\n<p style=\"text-align: justify;\"><span style=\"color: #0000ff;\">Quaisquer pressupostos favor\u00e1veis \u00e0 conduta de Gilmar Mendes, que exalta suas pr\u00f3prias responsabilidades na \u201cjurisprud\u00eancia libert\u00e1ria da 2\u00aa Turma\u201d, caem ante a opini\u00e3o que dele fazem os pr\u00f3prios colegas de corte. J\u00e1 a expressava Joaquim Barbosa quando literalmente o acusou, em plena sess\u00e3o do tribunal, de estar \u201cdestruindo a justi\u00e7a deste pa\u00eds\u201d. Revelou-a, recentemente, Roberto Barroso, quando jogou-lhe em rosto essa \u201cleni\u00eancia que Vossa Excel\u00eancia tem para com a criminalidade de colarinho branco\u201d. O ministro Marco Aur\u00e9lio Mello, em entrevista concedida em Porto Alegre h\u00e1 dois meses, referindo-se ao colega Gilmar, que o tratara por \u201cvelhaco\u201d, disse: \u201cEm rela\u00e7\u00e3o a mim ele passou de todos os limites inimagin\u00e1veis. Caso estiv\u00e9ssemos no s\u00e9culo 18, o embate acabaria em duelo e eu escolheria uma arma de fogo, n\u00e3o uma arma branca\u201d.<\/span><\/p>\n<p style=\"text-align: justify;\"><span style=\"color: #0000ff;\">A opini\u00e3o p\u00fablica, essa multid\u00e3o formada por mim e voc\u00ea, leitor destas linhas, sabe que o amor ao pr\u00f3ximo, \u00e0 justi\u00e7a, ao direito, \u00e9 incompat\u00edvel com o desprezo ao papel pedag\u00f3gico das institui\u00e7\u00f5es, com o mau humor permanente e com a arrog\u00e2ncia que marca a fisionomia e a conduta do ministro Gilmar. Mas esse mesmo amor, sabemos, \u00e9 compat\u00edvel com a Lava Jato, com o juiz S\u00e9rgio Moro e tantos outros que comprovam haver ju\u00edzes para um novo amanh\u00e3 em nosso pa\u00eds.<\/span><\/p>\n<p style=\"text-align: justify;\"><span style=\"color: #0000ff;\">Ricardo Bergamini<\/span><\/p>\n<p style=\"text-align: justify;\"><span style=\"color: #0000ff;\">(48) 99636-7322<\/span><br \/>\n<span style=\"color: #0000ff;\">(48) 99976-6974<\/span><br \/>\n<span style=\"color: #0000ff;\"><a style=\"color: #0000ff;\" href=\"mailto:ricardobergamini@ricardobergamini.com.br\" target=\"_blank\" rel=\"noopener\">ricardobergamini@ricardobergamini.com.br<br \/>\n<\/a><a style=\"color: #0000ff;\" href=\"http:\/\/www.ricardobergamini.com.br\/\" target=\"_blank\" rel=\"noopener\" data-saferedirecturl=\"https:\/\/www.google.com\/url?hl=pt-PT&amp;q=http:\/\/www.ricardobergamini.com.br\/&amp;source=gmail&amp;ust=1514486806561000&amp;usg=AFQjCNH0vJEnugreGyFBkk8XBFOmvF7x9g\">www.ricardobergamini.com.br<\/a><\/span><\/p>\n","protected":false},"excerpt":{"rendered":"<p>Por\u00a0Percival Puggina Do not\u00e1vel humorista e ator Grouxo Marx: \u201cEstes s\u00e3o meus princ\u00edpios; se n\u00e3o gostar, tenho outros\u201d. Pois eu uso os mesmos princ\u00edpios h\u00e1&#8230;<\/p>\n","protected":false},"author":18,"featured_media":2323,"comment_status":"open","ping_status":"open","sticky":false,"template":"","format":"standard","meta":[],"categories":[2],"tags":[],"_links":{"self":[{"href":"http:\/\/acaopolitica.com\/index.php\/wp-json\/wp\/v2\/posts\/2322"}],"collection":[{"href":"http:\/\/acaopolitica.com\/index.php\/wp-json\/wp\/v2\/posts"}],"about":[{"href":"http:\/\/acaopolitica.com\/index.php\/wp-json\/wp\/v2\/types\/post"}],"author":[{"embeddable":true,"href":"http:\/\/acaopolitica.com\/index.php\/wp-json\/wp\/v2\/users\/18"}],"replies":[{"embeddable":true,"href":"http:\/\/acaopolitica.com\/index.php\/wp-json\/wp\/v2\/comments?post=2322"}],"version-history":[{"count":2,"href":"http:\/\/acaopolitica.com\/index.php\/wp-json\/wp\/v2\/posts\/2322\/revisions"}],"predecessor-version":[{"id":2325,"href":"http:\/\/acaopolitica.com\/index.php\/wp-json\/wp\/v2\/posts\/2322\/revisions\/2325"}],"wp:featuredmedia":[{"embeddable":true,"href":"http:\/\/acaopolitica.com\/index.php\/wp-json\/wp\/v2\/media\/2323"}],"wp:attachment":[{"href":"http:\/\/acaopolitica.com\/index.php\/wp-json\/wp\/v2\/media?parent=2322"}],"wp:term":[{"taxonomy":"category","embeddable":true,"href":"http:\/\/acaopolitica.com\/index.php\/wp-json\/wp\/v2\/categories?post=2322"},{"taxonomy":"post_tag","embeddable":true,"href":"http:\/\/acaopolitica.com\/index.php\/wp-json\/wp\/v2\/tags?post=2322"}],"curies":[{"name":"wp","href":"https:\/\/api.w.org\/{rel}","templated":true}]}}